{"id":9138,"date":"2021-10-16T09:00:00","date_gmt":"2021-10-16T07:00:00","guid":{"rendered":"http:\/\/grain-dpixel.fr\/info\/?p=9138"},"modified":"2021-09-13T21:18:21","modified_gmt":"2021-09-13T19:18:21","slug":"maxime-vignaud","status":"publish","type":"post","link":"https:\/\/grain-dpixel.fr\/info\/maxime-vignaud\/","title":{"rendered":"Interview de Maxime VIGNAUD"},"content":{"rendered":"\n<h3 class=\"has-text-align-center wp-block-heading\">Exposition au Kursaal du 23 au 24 octobre 2021<\/h3>\n\n\n\n<p><i>&#8211; Quelques mots pour te pr\u00e9senter :<\/i><br>Artiste Photographe qui emm\u00e8ne le spectateur dans un univers singulier et diff\u00e9rent, po\u00e9tique ainsi qu\u2019onirique.<\/p>\n\n\n\n<p><i>&#8211; Quand et comment es-tu tomb\u00e9e dans la photo ? Qu\u2019est-ce que cela repr\u00e9sente pour toi ?<\/i><br>Avant de tomber dans la photo, j\u2019ai toujours \u00e9t\u00e9 un observateur et je le suis toujours<br>La photographie repr\u00e9sente pour moi une mani\u00e8re d\u2019utiliser l\u2019instantan\u00e9 comme une porte ouverte vers un ailleurs ou de sublimer le r\u00e9el par une interpr\u00e9tation propre.<br><\/p>\n\n\n\n<p><i>&#8211; Quels sont les sujets qui t\u2019int\u00e9ressent ? Qu\u2019est-ce que tu y cherches, y trouves ?<\/i><br>Jouer avec la lumi\u00e8re, les fronti\u00e8res entre r\u00e9el et imaginaire, le flou en mouvement, les natures mortes o\u00f9 ailleurs j\u2019y pr\u00e9f\u00e8re le terme de vie silencieuse. J\u2019y trouve une mani\u00e8re d\u2019apporter un t\u00e9moignage artistique singulier qui attire le regard du spectateur en le prenant avec ses propres sentiments et ainsi se faire sa propre interpr\u00e9tation.<\/p>\n\n\n\n<p><i>&#8211; Qui sont les photographes qui t\u2019inspirent ou dont tu appr\u00e9cies particuli\u00e8rement le travail ?<\/i><br>Sarah Moon, Mapeltorpe, Dali, Philippe Br\u00e9sson, Sophie Calle, Man Ray, Roger Ballen, Eikoh Hosoe, les edition exb, les edition bessard bref voici un petit panel pour vous.<\/p>\n\n\n\n<p><i>&#8211; Qu\u2019est-ce que tu pr\u00e9sentes dans ton exposition ?<\/i><br>Un univers propre o\u00f9 la fronti\u00e8re imaginaire entre personnes disparues et le r\u00e9el s\u2019efface pour laisser place \u00e0 une r\u00e9interpr\u00e9tation d\u2019une vie.<\/p>\n\n\n\n<p><i>&#8211; Et pour la suite ? Des projets, des envies de d\u00e9couvertes, d\u2019\u00e9volution ?<\/i><br>Exposition : Miroirs : Le Pouvoir de le r\u00e9flexion jusqu\u2019en juin 2021 Art-Trope Gallery<br>Arles Off 2021 avec l\u2019Art-Trope Gallery en juillet et ao\u00fbt 2021<br>Volta Basel en Suisse toujours avec l\u2019Art-Trope Gallery en septembre 2021<br>Grain D\u2019Pixel octobre 2021<br>Travail sur une nouvelle s\u00e9rie de photographies de rue autour du th\u00e8me des \u00e2mes voyageuses<br>Voil\u00e0 pour les \u00e9v\u00e9nements et projets en cours confirm\u00e9s<\/p>\n\n\n\n<p><i>-Lien hypertexte vers le site internet o\u00f9 l\u2019on peut te retrouver : <\/i><br><a href=\"https:\/\/www.instagram.com\/maximevignaudphotographie\/?hl=fr\">INSTAGRAM<\/a><br><a href=\"https:\/\/www.art-trope.fr\/fr\/artist\/maxime-vignaud\">ART-TROPE GALLERY<\/a><br><a href=\"https:\/\/www.artnet.com\/galleries\/art-trope-gallery\/virtual-gallery-maxime-vignaud\/\">ARTNET<\/a><br><a href=\"https:\/\/www.artsper.com\/fr\/artistes-contemporains\/france\/84759\/maxime-vignaud\">ARTSPER<\/a><br><a href=\"https:\/\/www.google.com\/url?sa=t&amp;rct=j&amp;q=&amp;esrc=s&amp;source=web&amp;cd=&amp;cad=rja&amp;uact=8&amp;ved=2ahUKEwiOm6PY8_PwAhWG2hQKHZ4vDosQFnoECAgQAA&amp;url=https%3A%2F%2Ffr.linkedin.com%2Fin%2Fmaxime-vignaud-9526151b1&amp;usg=AOvVaw0yxZvUMnkTEOqK20zg6Kmp\">LINKEDIN<\/a><\/p>\n\n\n\n<div class=\"wp-block-image\"><figure class=\"aligncenter size-large\"><a href=\"http:\/\/grain-dpixel.fr\/info\/wp-content\/uploads\/2021\/08\/Maxime-VIGNAUD-Photo-Signature-scaled.jpg\"><img fetchpriority=\"high\" decoding=\"async\" width=\"820\" height=\"1024\" src=\"http:\/\/grain-dpixel.fr\/info\/wp-content\/uploads\/2021\/08\/Maxime-VIGNAUD-Photo-Signature-820x1024.jpg\" alt=\"\" class=\"wp-image-9246\" srcset=\"https:\/\/grain-dpixel.fr\/info\/wp-content\/uploads\/2021\/08\/Maxime-VIGNAUD-Photo-Signature-820x1024.jpg 820w, https:\/\/grain-dpixel.fr\/info\/wp-content\/uploads\/2021\/08\/Maxime-VIGNAUD-Photo-Signature-240x300.jpg 240w, https:\/\/grain-dpixel.fr\/info\/wp-content\/uploads\/2021\/08\/Maxime-VIGNAUD-Photo-Signature-768x959.jpg 768w\" sizes=\"(max-width: 820px) 100vw, 820px\" \/><\/a><\/figure><\/div>\n\n\n\n<div class=\"wp-block-image\"><figure class=\"aligncenter size-large\"><a href=\"http:\/\/grain-dpixel.fr\/info\/wp-content\/uploads\/2021\/08\/Bandeau-fB-site-affiche-defi-projection-rallye-2021-828-x-315.jpg\"><img decoding=\"async\" width=\"828\" height=\"315\" src=\"http:\/\/grain-dpixel.fr\/info\/wp-content\/uploads\/2021\/08\/Bandeau-fB-site-affiche-defi-projection-rallye-2021-828-x-315.jpg\" alt=\"\" class=\"wp-image-9300\" srcset=\"https:\/\/grain-dpixel.fr\/info\/wp-content\/uploads\/2021\/08\/Bandeau-fB-site-affiche-defi-projection-rallye-2021-828-x-315.jpg 828w, https:\/\/grain-dpixel.fr\/info\/wp-content\/uploads\/2021\/08\/Bandeau-fB-site-affiche-defi-projection-rallye-2021-828-x-315-300x114.jpg 300w, https:\/\/grain-dpixel.fr\/info\/wp-content\/uploads\/2021\/08\/Bandeau-fB-site-affiche-defi-projection-rallye-2021-828-x-315-768x292.jpg 768w\" sizes=\"(max-width: 828px) 100vw, 828px\" \/><\/a><\/figure><\/div>\n","protected":false},"excerpt":{"rendered":"<p>Exposition au Kursaal du 23 au 24 octobre 2021 &#8211; Quelques mots pour te pr\u00e9senter :Artiste Photographe qui emm\u00e8ne le spectateur dans un univers singulier et diff\u00e9rent, po\u00e9tique ainsi qu\u2019onirique. [&hellip;]<\/p>\n","protected":false},"author":76,"featured_media":9246,"comment_status":"open","ping_status":"open","sticky":false,"template":"","format":"standard","meta":{"_bbp_topic_count":0,"_bbp_reply_count":0,"_bbp_total_topic_count":0,"_bbp_total_reply_count":0,"_bbp_voice_count":0,"_bbp_anonymous_reply_count":0,"_bbp_topic_count_hidden":0,"_bbp_reply_count_hidden":0,"_bbp_forum_subforum_count":0,"_monsterinsights_skip_tracking":false,"_monsterinsights_sitenote_active":false,"_monsterinsights_sitenote_note":"","_monsterinsights_sitenote_category":0,"_jetpack_memberships_contains_paid_content":false,"footnotes":""},"categories":[56,151,154],"tags":[],"class_list":["post-9138","post","type-post","status-publish","format-standard","has-post-thumbnail","hentry","category-festival","category-festival-2021","category-interviews-2021"],"jetpack_featured_media_url":"https:\/\/grain-dpixel.fr\/info\/wp-content\/uploads\/2021\/08\/Maxime-VIGNAUD-Photo-Signature-scaled.jpg","jetpack_sharing_enabled":true,"_links":{"self":[{"href":"https:\/\/grain-dpixel.fr\/info\/wp-json\/wp\/v2\/posts\/9138","targetHints":{"allow":["GET"]}}],"collection":[{"href":"https:\/\/grain-dpixel.fr\/info\/wp-json\/wp\/v2\/posts"}],"about":[{"href":"https:\/\/grain-dpixel.fr\/info\/wp-json\/wp\/v2\/types\/post"}],"author":[{"embeddable":true,"href":"https:\/\/grain-dpixel.fr\/info\/wp-json\/wp\/v2\/users\/76"}],"replies":[{"embeddable":true,"href":"https:\/\/grain-dpixel.fr\/info\/wp-json\/wp\/v2\/comments?post=9138"}],"version-history":[{"count":4,"href":"https:\/\/grain-dpixel.fr\/info\/wp-json\/wp\/v2\/posts\/9138\/revisions"}],"predecessor-version":[{"id":9622,"href":"https:\/\/grain-dpixel.fr\/info\/wp-json\/wp\/v2\/posts\/9138\/revisions\/9622"}],"wp:featuredmedia":[{"embeddable":true,"href":"https:\/\/grain-dpixel.fr\/info\/wp-json\/wp\/v2\/media\/9246"}],"wp:attachment":[{"href":"https:\/\/grain-dpixel.fr\/info\/wp-json\/wp\/v2\/media?parent=9138"}],"wp:term":[{"taxonomy":"category","embeddable":true,"href":"https:\/\/grain-dpixel.fr\/info\/wp-json\/wp\/v2\/categories?post=9138"},{"taxonomy":"post_tag","embeddable":true,"href":"https:\/\/grain-dpixel.fr\/info\/wp-json\/wp\/v2\/tags?post=9138"}],"curies":[{"name":"wp","href":"https:\/\/api.w.org\/{rel}","templated":true}]}}