{"id":9135,"date":"2021-10-17T09:00:00","date_gmt":"2021-10-17T07:00:00","guid":{"rendered":"http:\/\/grain-dpixel.fr\/info\/?p=9135"},"modified":"2021-09-13T21:18:17","modified_gmt":"2021-09-13T19:18:17","slug":"olivier-mattel","status":"publish","type":"post","link":"https:\/\/grain-dpixel.fr\/info\/olivier-mattel\/","title":{"rendered":"Interview d&rsquo;Olivier MATTEL"},"content":{"rendered":"\n<h3 class=\"has-text-align-center wp-block-heading\">Exposition au Kursaal du 23 au 24 octobre 2021<\/h3>\n\n\n\n<p><i>&#8211; Quelques mots pour te pr\u00e9senter :<\/i><br>Je m\u2019appelle Olivier MATTEL. Je suis enseignant le jour et photographe tout le reste du temps&nbsp;!<\/p>\n\n\n\n<p><i>&#8211; Quand et comment es-tu tomb\u00e9e dans la photo ? Qu\u2019est-ce que cela repr\u00e9sente pour toi ?<\/i><br>Je photographie depuis mon adolescence, d\u2019abord en argentique, puis en num\u00e9rique depuis 2006. La photographie s\u2019est impos\u00e9e au fil du temps comme un moyen de communiquer mes \u00e9motions, elle me permet d\u2019exprimer un point de vue, mon ressenti sur le monde.<br><\/p>\n\n\n\n<p><i>&#8211; Quels sont les sujets qui t\u2019int\u00e9ressent ? Qu\u2019est-ce que tu y cherches, y trouves ?<\/i><br>Ma photographie est plut\u00f4t en noir et blanc, elle est sombre. La technique m\u2019importe peu, mais je suis tr\u00e8s attach\u00e9 au rendu esth\u00e9tique de mes tirages. J\u2019aime que mes photos interpellent, questionnent. Immortaliser l\u2019\u00e9motion de l\u2019instant me para\u00eet plus important que le sujet lui-m\u00eame.<\/p>\n\n\n\n<p><i>&#8211; Qui sont les photographes qui t\u2019inspirent ou dont tu appr\u00e9cies particuli\u00e8rement le travail ?<\/i><br>Beaucoup d\u2019influences diff\u00e9rentes&#8230; Si je devais n\u2019en citer que quelques-uns, je dirais Francesca Woodman, Joel Meyerowitz ou encore Saul Leiter. Mais les travaux de Todd Hido (Intimate Distance) et de Sally Mann (Immediate Family) me touchent tout particuli\u00e8rement.<br><\/p>\n\n\n\n<p><i>&#8211; Qu\u2019est-ce que tu pr\u00e9sentes dans ton exposition ?<\/i><br>Je vais exposer un extrait de ma s\u00e9rie \u00ab&nbsp;an0maly&nbsp;\u00bb r\u00e9alis\u00e9e cette ann\u00e9e. Elle se veut une m\u00e9taphore de la confusion mentale dans laquelle on peut se trouver parfois, submerg\u00e9s par nos \u00e9motions, ou d\u00e9boussol\u00e9s par ce monde qu\u2019on peine \u00e0 comprendre.<br><\/p>\n\n\n\n<p><i>&#8211; Et pour la suite ? Des projets, des envies de d\u00e9couvertes, d\u2019\u00e9volution ?<\/i><br>Je poursuis l\u2019aventure avec mon collectif photo \u00ab&nbsp;Bulles d\u2019Encres&nbsp;\u00bb avec lequel j\u2019esp\u00e8re concr\u00e9tiser un projet de livre. J\u2019aimerais continuer \u00e0 exposer et \u00e0 partager avec le public, et bien s\u00fbr explorer de nouvelles voies photographiques&nbsp;et cr\u00e9er des images qui ont du sens.<\/p>\n\n\n\n<p><i>-Lien hypertexte vers le site internet o\u00f9 l\u2019on peut te retrouver : <\/i><br><\/p>\n\n\n\n<p><a href=\"https:\/\/www.bullesdencres.fr\/Photographes\/Olivier-MATTEL\">https:\/\/www.bullesdencres.fr\/Photographes\/Olivier-MATTEL<\/a> et <a href=\"https:\/\/www.instagram.com\/oliviermattel\/?hl=fr\">Instagram<\/a><\/p>\n\n\n\n<div class=\"wp-block-image\"><figure class=\"aligncenter size-large\"><a href=\"http:\/\/grain-dpixel.fr\/info\/wp-content\/uploads\/2021\/08\/Olivier-Mattel-Photo-signature.jpg\"><img fetchpriority=\"high\" decoding=\"async\" width=\"1024\" height=\"683\" src=\"http:\/\/grain-dpixel.fr\/info\/wp-content\/uploads\/2021\/08\/Olivier-Mattel-Photo-signature-1024x683.jpg\" alt=\"\" class=\"wp-image-9253\" srcset=\"https:\/\/grain-dpixel.fr\/info\/wp-content\/uploads\/2021\/08\/Olivier-Mattel-Photo-signature-1024x683.jpg 1024w, https:\/\/grain-dpixel.fr\/info\/wp-content\/uploads\/2021\/08\/Olivier-Mattel-Photo-signature-300x200.jpg 300w, https:\/\/grain-dpixel.fr\/info\/wp-content\/uploads\/2021\/08\/Olivier-Mattel-Photo-signature-768x512.jpg 768w, https:\/\/grain-dpixel.fr\/info\/wp-content\/uploads\/2021\/08\/Olivier-Mattel-Photo-signature-1536x1024.jpg 1536w, https:\/\/grain-dpixel.fr\/info\/wp-content\/uploads\/2021\/08\/Olivier-Mattel-Photo-signature.jpg 2048w\" sizes=\"(max-width: 1024px) 100vw, 1024px\" \/><\/a><\/figure><\/div>\n\n\n\n<div class=\"wp-block-image\"><figure class=\"aligncenter size-large\"><a href=\"http:\/\/grain-dpixel.fr\/info\/wp-content\/uploads\/2021\/08\/Bandeau-fB-site-affiche-defi-projection-rallye-2021-828-x-315.jpg\"><img decoding=\"async\" width=\"828\" height=\"315\" src=\"http:\/\/grain-dpixel.fr\/info\/wp-content\/uploads\/2021\/08\/Bandeau-fB-site-affiche-defi-projection-rallye-2021-828-x-315.jpg\" alt=\"\" class=\"wp-image-9300\" srcset=\"https:\/\/grain-dpixel.fr\/info\/wp-content\/uploads\/2021\/08\/Bandeau-fB-site-affiche-defi-projection-rallye-2021-828-x-315.jpg 828w, https:\/\/grain-dpixel.fr\/info\/wp-content\/uploads\/2021\/08\/Bandeau-fB-site-affiche-defi-projection-rallye-2021-828-x-315-300x114.jpg 300w, https:\/\/grain-dpixel.fr\/info\/wp-content\/uploads\/2021\/08\/Bandeau-fB-site-affiche-defi-projection-rallye-2021-828-x-315-768x292.jpg 768w\" sizes=\"(max-width: 828px) 100vw, 828px\" \/><\/a><\/figure><\/div>\n","protected":false},"excerpt":{"rendered":"<p>Exposition au Kursaal du 23 au 24 octobre 2021 &#8211; Quelques mots pour te pr\u00e9senter :Je m\u2019appelle Olivier MATTEL. Je suis enseignant le jour et photographe tout le reste du [&hellip;]<\/p>\n","protected":false},"author":76,"featured_media":9253,"comment_status":"open","ping_status":"open","sticky":false,"template":"","format":"standard","meta":{"_bbp_topic_count":0,"_bbp_reply_count":0,"_bbp_total_topic_count":0,"_bbp_total_reply_count":0,"_bbp_voice_count":0,"_bbp_anonymous_reply_count":0,"_bbp_topic_count_hidden":0,"_bbp_reply_count_hidden":0,"_bbp_forum_subforum_count":0,"_monsterinsights_skip_tracking":false,"_monsterinsights_sitenote_active":false,"_monsterinsights_sitenote_note":"","_monsterinsights_sitenote_category":0,"_jetpack_memberships_contains_paid_content":false,"footnotes":""},"categories":[56,151,154],"tags":[],"class_list":["post-9135","post","type-post","status-publish","format-standard","has-post-thumbnail","hentry","category-festival","category-festival-2021","category-interviews-2021"],"jetpack_featured_media_url":"https:\/\/grain-dpixel.fr\/info\/wp-content\/uploads\/2021\/08\/Olivier-Mattel-Photo-signature.jpg","jetpack_sharing_enabled":true,"_links":{"self":[{"href":"https:\/\/grain-dpixel.fr\/info\/wp-json\/wp\/v2\/posts\/9135","targetHints":{"allow":["GET"]}}],"collection":[{"href":"https:\/\/grain-dpixel.fr\/info\/wp-json\/wp\/v2\/posts"}],"about":[{"href":"https:\/\/grain-dpixel.fr\/info\/wp-json\/wp\/v2\/types\/post"}],"author":[{"embeddable":true,"href":"https:\/\/grain-dpixel.fr\/info\/wp-json\/wp\/v2\/users\/76"}],"replies":[{"embeddable":true,"href":"https:\/\/grain-dpixel.fr\/info\/wp-json\/wp\/v2\/comments?post=9135"}],"version-history":[{"count":4,"href":"https:\/\/grain-dpixel.fr\/info\/wp-json\/wp\/v2\/posts\/9135\/revisions"}],"predecessor-version":[{"id":9621,"href":"https:\/\/grain-dpixel.fr\/info\/wp-json\/wp\/v2\/posts\/9135\/revisions\/9621"}],"wp:featuredmedia":[{"embeddable":true,"href":"https:\/\/grain-dpixel.fr\/info\/wp-json\/wp\/v2\/media\/9253"}],"wp:attachment":[{"href":"https:\/\/grain-dpixel.fr\/info\/wp-json\/wp\/v2\/media?parent=9135"}],"wp:term":[{"taxonomy":"category","embeddable":true,"href":"https:\/\/grain-dpixel.fr\/info\/wp-json\/wp\/v2\/categories?post=9135"},{"taxonomy":"post_tag","embeddable":true,"href":"https:\/\/grain-dpixel.fr\/info\/wp-json\/wp\/v2\/tags?post=9135"}],"curies":[{"name":"wp","href":"https:\/\/api.w.org\/{rel}","templated":true}]}}