{"id":9131,"date":"2021-09-15T09:00:00","date_gmt":"2021-09-15T07:00:00","guid":{"rendered":"http:\/\/grain-dpixel.fr\/info\/?p=9131"},"modified":"2021-09-13T21:02:18","modified_gmt":"2021-09-13T19:02:18","slug":"pascal-reydet","status":"publish","type":"post","link":"https:\/\/grain-dpixel.fr\/info\/pascal-reydet\/","title":{"rendered":"Interview de Pascal REYDET"},"content":{"rendered":"\n<h3 class=\"has-text-align-center wp-block-heading\">Exposition au Mus\u00e9e des Maisons Comtoises du 2 octobre au 7 novembre 2021<\/h3>\n\n\n\n<p><i>&#8211; Quelques mots pour te pr\u00e9senter :<\/i><br>Dijonnais, g\u00e9ographe de formation, je m\u2019int\u00e9resse aux villes, aux paysages, aux choses simples qui nous entourent, \u00e0 l\u2019assemblage merveilleusement al\u00e9atoire du quotidien.<\/p>\n\n\n\n<p><i>&#8211; Quand et comment es-tu tomb\u00e9e dans la photo ? Qu\u2019est-ce que cela repr\u00e9sente pour toi ?<\/i><br>Passionn\u00e9 depuis l&rsquo;\u00e2ge de onze ans, j&rsquo;ai fait ma premi\u00e8re photo avec un Instamatic Kodak en 1967. C&rsquo;\u00e9tait un cygne glissant silencieusement sur le lac du Bois de Vincennes. Depuis, je n\u2019ai jamais vraiment cess\u00e9 m\u00eame si le travail et la vie de famille m&rsquo;ont un peu \u00e9loign\u00e9 de la photographie jusqu&rsquo;\u00e0 la fin des ann\u00e9es 90. L\u2019arriv\u00e9e du num\u00e9rique m&rsquo;a redonn\u00e9 l\u2019envie de photographier. Mais j&rsquo;avais perdu la fra\u00eecheur de mes 17 ans et il m\u2019a fallu tout un cheminement pour retrouver la voie d&rsquo;une photographie peut-\u00eatre plus personnelle. Et ce cheminement est loin d\u2019\u00eatre termin\u00e9\u2026<br><\/p>\n\n\n\n<p><i>&#8211; Quels sont les sujets qui t\u2019int\u00e9ressent ? Qu\u2019est-ce que tu y cherches, y trouves ?<\/i><br>J&rsquo;aime particuli\u00e8rement explorer l&rsquo;insignifiant, le banal. Je n&rsquo;ai aucune attirance pour le spectaculaire ou l\u2019exploit photographique. Photographe de \u00ab&nbsp;l\u2019errance&nbsp;\u00bb, je me sens bien dans les lieux \u00ab&nbsp;sans valeur&nbsp;\u00bb, ceux que personne ne regarde&nbsp;: les parkings, les banlieues, les abords des voies ferr\u00e9es, les cours d\u2019immeuble\u2026 Ce qui me fascine, c\u2019est de redessiner la r\u00e9alit\u00e9 par un simple cadrage, \u00e0 partir d\u2019une vision fugitive. Je ne souhaite pas me sp\u00e9cialiser dans un domaine de la photographie. Je m\u2019int\u00e9resse aux visages, \u00e0 la nature, aux constructions humaines. Je suis souvent nostalgique, parfois m\u00e9lancolique et les ambiances per\u00e7ues, les souvenirs, comptent beaucoup. Mes s\u00e9ries tentent de raconter tout cela \u00e0 la fois.<\/p>\n\n\n\n<p><i>&#8211; Qui sont les photographes qui t\u2019inspirent ou dont tu appr\u00e9cies particuli\u00e8rement le travail ?<\/i><br>Je suis bon public et j&rsquo;aime \u00e9norm\u00e9ment de choses en photographie. J&rsquo;aime autant Fontana que Petersen, Sally Man que Saul Leiter, Cartier Bresson que Lewis Baltz, Gruyaert que Sluban, Avedon que Meyerowitz, Depardon qu\u2019Helmut Newton&nbsp;! Mais la p\u00e9riode de la cr\u00e9ation qui me fascine le plus est incontestablement celle de l&rsquo;entre-deux guerres. Quand tout l\u2019art bascule vers des terres encore inconnues\u2026 L\u2019architecture du Bauhaus, la musique ac\u00e9r\u00e9e de Webern, les peintures de Paul Klee ou le \u00a0\u00bb Voyage au bout de la nuit\u00a0\u00bb de C\u00e9line m&rsquo;ont profond\u00e9ment bouscul\u00e9. Je suis aussi capable de fondre de plaisir devant la tendresse piquante d&rsquo;un film de Tati, une pi\u00e8ce de Pagnol, un tableau de Hopper ou une photo de Doisneau ! Y compris dans le domaine de l\u2019inspiration, je revendique la biodiversit\u00e9 ! \u2026<br><\/p>\n\n\n\n<p><i>&#8211; Qu\u2019est-ce que tu pr\u00e9sentes dans ton exposition ?<\/i><br>Ce sont des diptyques capt\u00e9s dans la rue, le train, le m\u00e9tro, les caf\u00e9s, les jardins, associant un personnage \u00e0 un paysage. Les onze \u00ab&nbsp;tableaux&nbsp;\u00bb, assembl\u00e9s comme de courtes phrases, constituent autant d\u2019instants d\u2019ind\u00e9cision, de r\u00e9cits en germes, d\u2019\u00e9nigmes ouvertes que chacun pourra interpr\u00e9ter avec sa propre grille de lecture, son imagination ou au travers de ses r\u00eaves.<br><\/p>\n\n\n\n<p><i>&#8211; Et pour la suite ? Des projets, des envies de d\u00e9couvertes, d\u2019\u00e9volution ?<\/i><br>Apr\u00e8s avoir beaucoup arpent\u00e9 le pav\u00e9 urbain, je me tourne aujourd\u2019hui vers la ruralit\u00e9 et le paysage. Je voudrais travailler l\u2019hiver prochain sur le village bourguignon de mes grands-parents, avec une chambre photographique ancienne.<\/p>\n\n\n\n<p><i>-Lien hypertexte vers le site internet o\u00f9 l\u2019on peut te retrouver : <\/i><br><a href=\"http:\/\/www.pascalreydet.com\/\">www.pascalreydet.com<\/a><\/p>\n\n\n\n<div class=\"wp-block-image\"><figure class=\"aligncenter size-large\"><a href=\"http:\/\/grain-dpixel.fr\/info\/wp-content\/uploads\/2021\/08\/Pascal-Reydet-Photo-signature.jpg\"><img fetchpriority=\"high\" decoding=\"async\" width=\"1024\" height=\"340\" src=\"http:\/\/grain-dpixel.fr\/info\/wp-content\/uploads\/2021\/08\/Pascal-Reydet-Photo-signature-1024x340.jpg\" alt=\"\" class=\"wp-image-9254\" srcset=\"https:\/\/grain-dpixel.fr\/info\/wp-content\/uploads\/2021\/08\/Pascal-Reydet-Photo-signature-1024x340.jpg 1024w, https:\/\/grain-dpixel.fr\/info\/wp-content\/uploads\/2021\/08\/Pascal-Reydet-Photo-signature-300x100.jpg 300w, https:\/\/grain-dpixel.fr\/info\/wp-content\/uploads\/2021\/08\/Pascal-Reydet-Photo-signature-768x255.jpg 768w, https:\/\/grain-dpixel.fr\/info\/wp-content\/uploads\/2021\/08\/Pascal-Reydet-Photo-signature-1536x510.jpg 1536w, https:\/\/grain-dpixel.fr\/info\/wp-content\/uploads\/2021\/08\/Pascal-Reydet-Photo-signature.jpg 2048w\" sizes=\"(max-width: 1024px) 100vw, 1024px\" \/><\/a><\/figure><\/div>\n\n\n\n<div class=\"wp-block-image\"><figure class=\"aligncenter size-large\"><a href=\"http:\/\/grain-dpixel.fr\/info\/wp-content\/uploads\/2021\/08\/Bandeau-fB-site-affiche-defi-projection-rallye-2021-828-x-315.jpg\"><img decoding=\"async\" width=\"828\" height=\"315\" src=\"http:\/\/grain-dpixel.fr\/info\/wp-content\/uploads\/2021\/08\/Bandeau-fB-site-affiche-defi-projection-rallye-2021-828-x-315.jpg\" alt=\"\" class=\"wp-image-9300\" srcset=\"https:\/\/grain-dpixel.fr\/info\/wp-content\/uploads\/2021\/08\/Bandeau-fB-site-affiche-defi-projection-rallye-2021-828-x-315.jpg 828w, https:\/\/grain-dpixel.fr\/info\/wp-content\/uploads\/2021\/08\/Bandeau-fB-site-affiche-defi-projection-rallye-2021-828-x-315-300x114.jpg 300w, https:\/\/grain-dpixel.fr\/info\/wp-content\/uploads\/2021\/08\/Bandeau-fB-site-affiche-defi-projection-rallye-2021-828-x-315-768x292.jpg 768w\" sizes=\"(max-width: 828px) 100vw, 828px\" \/><\/a><\/figure><\/div>\n","protected":false},"excerpt":{"rendered":"<p>Exposition au Mus\u00e9e des Maisons Comtoises du 2 octobre au 7 novembre 2021 &#8211; Quelques mots pour te pr\u00e9senter :Dijonnais, g\u00e9ographe de formation, je m\u2019int\u00e9resse aux villes, aux paysages, aux [&hellip;]<\/p>\n","protected":false},"author":76,"featured_media":9254,"comment_status":"open","ping_status":"open","sticky":false,"template":"","format":"standard","meta":{"_bbp_topic_count":0,"_bbp_reply_count":0,"_bbp_total_topic_count":0,"_bbp_total_reply_count":0,"_bbp_voice_count":0,"_bbp_anonymous_reply_count":0,"_bbp_topic_count_hidden":0,"_bbp_reply_count_hidden":0,"_bbp_forum_subforum_count":0,"_monsterinsights_skip_tracking":false,"_monsterinsights_sitenote_active":false,"_monsterinsights_sitenote_note":"","_monsterinsights_sitenote_category":0,"_jetpack_memberships_contains_paid_content":false,"footnotes":""},"categories":[151,154],"tags":[],"class_list":["post-9131","post","type-post","status-publish","format-standard","has-post-thumbnail","hentry","category-festival-2021","category-interviews-2021"],"jetpack_featured_media_url":"https:\/\/grain-dpixel.fr\/info\/wp-content\/uploads\/2021\/08\/Pascal-Reydet-Photo-signature.jpg","jetpack_sharing_enabled":true,"_links":{"self":[{"href":"https:\/\/grain-dpixel.fr\/info\/wp-json\/wp\/v2\/posts\/9131","targetHints":{"allow":["GET"]}}],"collection":[{"href":"https:\/\/grain-dpixel.fr\/info\/wp-json\/wp\/v2\/posts"}],"about":[{"href":"https:\/\/grain-dpixel.fr\/info\/wp-json\/wp\/v2\/types\/post"}],"author":[{"embeddable":true,"href":"https:\/\/grain-dpixel.fr\/info\/wp-json\/wp\/v2\/users\/76"}],"replies":[{"embeddable":true,"href":"https:\/\/grain-dpixel.fr\/info\/wp-json\/wp\/v2\/comments?post=9131"}],"version-history":[{"count":4,"href":"https:\/\/grain-dpixel.fr\/info\/wp-json\/wp\/v2\/posts\/9131\/revisions"}],"predecessor-version":[{"id":9598,"href":"https:\/\/grain-dpixel.fr\/info\/wp-json\/wp\/v2\/posts\/9131\/revisions\/9598"}],"wp:featuredmedia":[{"embeddable":true,"href":"https:\/\/grain-dpixel.fr\/info\/wp-json\/wp\/v2\/media\/9254"}],"wp:attachment":[{"href":"https:\/\/grain-dpixel.fr\/info\/wp-json\/wp\/v2\/media?parent=9131"}],"wp:term":[{"taxonomy":"category","embeddable":true,"href":"https:\/\/grain-dpixel.fr\/info\/wp-json\/wp\/v2\/categories?post=9131"},{"taxonomy":"post_tag","embeddable":true,"href":"https:\/\/grain-dpixel.fr\/info\/wp-json\/wp\/v2\/tags?post=9131"}],"curies":[{"name":"wp","href":"https:\/\/api.w.org\/{rel}","templated":true}]}}