{"id":9124,"date":"2021-10-21T09:00:00","date_gmt":"2021-10-21T07:00:00","guid":{"rendered":"http:\/\/grain-dpixel.fr\/info\/?p=9124"},"modified":"2021-09-13T21:18:00","modified_gmt":"2021-09-13T19:18:00","slug":"titouan-berthaut-streel","status":"publish","type":"post","link":"https:\/\/grain-dpixel.fr\/info\/titouan-berthaut-streel\/","title":{"rendered":"Interview de Titouan BERTHAUT-STREEL"},"content":{"rendered":"\n<h3 class=\"has-text-align-center wp-block-heading\">Exposition au Kursaal du 23 au 24 octobre 2021<\/h3>\n\n\n\n<p><i>&#8211; Quelques mots pour te pr\u00e9senter :<\/i><br>Je suis un jeune bruxellois de 23 ans, dipl\u00f4m\u00e9 d\u2019un master de droit international (bac + 5) et pratiquant la photographie en amateur depuis quelques ann\u00e9es, passant du num\u00e9rique \u00e0 l\u2019argentique.<\/p>\n\n\n\n<p><i>&#8211; Quand et comment es-tu tomb\u00e9e dans la photo ? Qu\u2019est-ce que cela repr\u00e9sente pour toi ?<\/i><br>Je suis tomb\u00e9 dans la photo il y a approximativement 6-7 ans, apr\u00e8s avoir emprunt\u00e9 \u00e0 (tr\u00e8s) long terme le petit compact Sony Alpha Nex 5 de ma m\u00e8re. La photo est vite devenue un moyen d&rsquo;ext\u00e9rioriser en silence les \u00e9motions qui me traversaient, de raconter des histoires. Je la pratique surtout de fa\u00e7on spontan\u00e9e, un appareil toujours autour du coup lors de longues balades urbaines, ou de moments d&rsquo;intimit\u00e9 que je m&rsquo;efforce d&rsquo;immortaliser, partageant ainsi ma perception de la sc\u00e8ne.<br><\/p>\n\n\n\n<p><i>&#8211; Quels sont les sujets qui t\u2019int\u00e9ressent ? Qu\u2019est-ce que tu y cherches, y trouves ?<\/i><br>J\u2019ai une grande pr\u00e9f\u00e9rence pour les sc\u00e8nes de vie comportant des sujets humains. Les interactions sociales (spontan\u00e9es) ou l\u2019intimit\u00e9 d\u2019un moment sont de v\u00e9ritables r\u00e9servoirs d\u2019\u00e9motions et permettent, en peu de clich\u00e9s, de raconter une histoire, un v\u00e9cu.<\/p>\n\n\n\n<p><i>&#8211; Qui sont les photographes qui t\u2019inspirent ou dont tu appr\u00e9cies particuli\u00e8rement le travail ?<\/i><br>J\u2019aime beaucoup le silence se d\u00e9gageant des photos de Todd Hido, les nus travaill\u00e9s par Maud Chalard, les sc\u00e8nes tr\u00e8s cin\u00e9matographiques de son compagnon Th\u00e9o Gosselin, les repr\u00e9sentations de femmes de Elina Brotherus, ou encore les sc\u00e8nes de vie \u00e0 la lumi\u00e8re surr\u00e9aliste de Julia Fullerton-Batten. Dans un autre style, j\u2019appr\u00e9cie \u00e9galement beaucoup le d\u00e9calage de Martin Parr.<br><\/p>\n\n\n\n<p><i>&#8211; Qu\u2019est-ce que tu pr\u00e9sentes dans ton exposition ?<\/i><br>\u00ab&nbsp;Bruxelles, 9h du matin&nbsp;\u00bb est une composition silencieuse en argentique oscillant entre nu, portrait, paysages nature et urbain. Elle raconte une sc\u00e8ne de vie quotidienne, un matin o\u00f9 l&rsquo;on cuisine, s&rsquo;\u00e9merveille de la lumi\u00e8re matinale filtrant \u00e0 travers les rideaux et s&rsquo;imprimant sur la peau. Le tout est contextualis\u00e9 par deux photos qui encadrent d&rsquo;un feuillage qui se rejoint. Des d\u00e9tails que l&rsquo;on oublie trop souvent de remarquer, mais qui valent la peine de s&rsquo;attarder.<br><\/p>\n\n\n\n<p><i>&#8211; Et pour la suite ? Des projets, des envies de d\u00e9couvertes, d\u2019\u00e9volution ?<\/i><br>Ma copine, qui pratique \u00e9galement la photo et moi-m\u00eame pr\u00e9voyons de partir voyager quelques mois afin de rattraper cette derni\u00e8re ann\u00e9e plac\u00e9e sous le joug du confinement. Ce voyage sera l\u2019occasion de r\u00e9aliser un reportage photographique dont le th\u00e8me reste encore \u00e0 d\u00e9finir.<\/p>\n\n\n\n<p><i>-Lien hypertexte vers le site internet o\u00f9 l\u2019on peut te retrouver : <\/i><br><a href=\"https:\/\/www.instagram.com\/t.berhaut\/?hl=fr\">Instagram<\/a><\/p>\n\n\n\n<div class=\"wp-block-image\"><figure class=\"aligncenter size-large\"><a href=\"http:\/\/grain-dpixel.fr\/info\/wp-content\/uploads\/2021\/08\/Titouan-Berhaut-Streel-Photo-signature-scaled.jpg\"><img fetchpriority=\"high\" decoding=\"async\" width=\"683\" height=\"1024\" src=\"http:\/\/grain-dpixel.fr\/info\/wp-content\/uploads\/2021\/08\/Titouan-Berhaut-Streel-Photo-signature-683x1024.jpg\" alt=\"\" class=\"wp-image-9263\" srcset=\"https:\/\/grain-dpixel.fr\/info\/wp-content\/uploads\/2021\/08\/Titouan-Berhaut-Streel-Photo-signature-683x1024.jpg 683w, https:\/\/grain-dpixel.fr\/info\/wp-content\/uploads\/2021\/08\/Titouan-Berhaut-Streel-Photo-signature-200x300.jpg 200w, https:\/\/grain-dpixel.fr\/info\/wp-content\/uploads\/2021\/08\/Titouan-Berhaut-Streel-Photo-signature-768x1151.jpg 768w, https:\/\/grain-dpixel.fr\/info\/wp-content\/uploads\/2021\/08\/Titouan-Berhaut-Streel-Photo-signature-1025x1536.jpg 1025w, https:\/\/grain-dpixel.fr\/info\/wp-content\/uploads\/2021\/08\/Titouan-Berhaut-Streel-Photo-signature-1367x2048.jpg 1367w, https:\/\/grain-dpixel.fr\/info\/wp-content\/uploads\/2021\/08\/Titouan-Berhaut-Streel-Photo-signature-scaled.jpg 1709w\" sizes=\"(max-width: 683px) 100vw, 683px\" \/><\/a><\/figure><\/div>\n\n\n\n<div class=\"wp-block-image\"><figure class=\"aligncenter size-large\"><a href=\"http:\/\/grain-dpixel.fr\/info\/wp-content\/uploads\/2021\/08\/Bandeau-fB-site-affiche-defi-projection-rallye-2021-828-x-315.jpg\"><img decoding=\"async\" width=\"828\" height=\"315\" src=\"http:\/\/grain-dpixel.fr\/info\/wp-content\/uploads\/2021\/08\/Bandeau-fB-site-affiche-defi-projection-rallye-2021-828-x-315.jpg\" alt=\"\" class=\"wp-image-9300\" srcset=\"https:\/\/grain-dpixel.fr\/info\/wp-content\/uploads\/2021\/08\/Bandeau-fB-site-affiche-defi-projection-rallye-2021-828-x-315.jpg 828w, https:\/\/grain-dpixel.fr\/info\/wp-content\/uploads\/2021\/08\/Bandeau-fB-site-affiche-defi-projection-rallye-2021-828-x-315-300x114.jpg 300w, https:\/\/grain-dpixel.fr\/info\/wp-content\/uploads\/2021\/08\/Bandeau-fB-site-affiche-defi-projection-rallye-2021-828-x-315-768x292.jpg 768w\" sizes=\"(max-width: 828px) 100vw, 828px\" \/><\/a><\/figure><\/div>\n","protected":false},"excerpt":{"rendered":"<p>Exposition au Kursaal du 23 au 24 octobre 2021 &#8211; Quelques mots pour te pr\u00e9senter :Je suis un jeune bruxellois de 23 ans, dipl\u00f4m\u00e9 d\u2019un master de droit international (bac [&hellip;]<\/p>\n","protected":false},"author":76,"featured_media":9263,"comment_status":"open","ping_status":"open","sticky":false,"template":"","format":"standard","meta":{"_bbp_topic_count":0,"_bbp_reply_count":0,"_bbp_total_topic_count":0,"_bbp_total_reply_count":0,"_bbp_voice_count":0,"_bbp_anonymous_reply_count":0,"_bbp_topic_count_hidden":0,"_bbp_reply_count_hidden":0,"_bbp_forum_subforum_count":0,"_monsterinsights_skip_tracking":false,"_monsterinsights_sitenote_active":false,"_monsterinsights_sitenote_note":"","_monsterinsights_sitenote_category":0,"_jetpack_memberships_contains_paid_content":false,"footnotes":""},"categories":[56,151,154],"tags":[],"class_list":["post-9124","post","type-post","status-publish","format-standard","has-post-thumbnail","hentry","category-festival","category-festival-2021","category-interviews-2021"],"jetpack_featured_media_url":"https:\/\/grain-dpixel.fr\/info\/wp-content\/uploads\/2021\/08\/Titouan-Berhaut-Streel-Photo-signature-scaled.jpg","jetpack_sharing_enabled":true,"_links":{"self":[{"href":"https:\/\/grain-dpixel.fr\/info\/wp-json\/wp\/v2\/posts\/9124","targetHints":{"allow":["GET"]}}],"collection":[{"href":"https:\/\/grain-dpixel.fr\/info\/wp-json\/wp\/v2\/posts"}],"about":[{"href":"https:\/\/grain-dpixel.fr\/info\/wp-json\/wp\/v2\/types\/post"}],"author":[{"embeddable":true,"href":"https:\/\/grain-dpixel.fr\/info\/wp-json\/wp\/v2\/users\/76"}],"replies":[{"embeddable":true,"href":"https:\/\/grain-dpixel.fr\/info\/wp-json\/wp\/v2\/comments?post=9124"}],"version-history":[{"count":4,"href":"https:\/\/grain-dpixel.fr\/info\/wp-json\/wp\/v2\/posts\/9124\/revisions"}],"predecessor-version":[{"id":9617,"href":"https:\/\/grain-dpixel.fr\/info\/wp-json\/wp\/v2\/posts\/9124\/revisions\/9617"}],"wp:featuredmedia":[{"embeddable":true,"href":"https:\/\/grain-dpixel.fr\/info\/wp-json\/wp\/v2\/media\/9263"}],"wp:attachment":[{"href":"https:\/\/grain-dpixel.fr\/info\/wp-json\/wp\/v2\/media?parent=9124"}],"wp:term":[{"taxonomy":"category","embeddable":true,"href":"https:\/\/grain-dpixel.fr\/info\/wp-json\/wp\/v2\/categories?post=9124"},{"taxonomy":"post_tag","embeddable":true,"href":"https:\/\/grain-dpixel.fr\/info\/wp-json\/wp\/v2\/tags?post=9124"}],"curies":[{"name":"wp","href":"https:\/\/api.w.org\/{rel}","templated":true}]}}