{"id":9109,"date":"2021-10-12T09:00:00","date_gmt":"2021-10-12T07:00:00","guid":{"rendered":"http:\/\/grain-dpixel.fr\/info\/?p=9109"},"modified":"2021-09-13T21:18:37","modified_gmt":"2021-09-13T19:18:37","slug":"emmanuel-rivallain","status":"publish","type":"post","link":"https:\/\/grain-dpixel.fr\/info\/emmanuel-rivallain\/","title":{"rendered":"Interview de Emmaneul RIVALLAIN"},"content":{"rendered":"\n<h3 class=\"has-text-align-center wp-block-heading\">Exposition au Kursaal du 23 au 24 octobre 2021<\/h3>\n\n\n\n<p><i>&#8211; Quelques mots pour te pr\u00e9senter :<\/i><br>Bloquer le tremblement du monde dans une photo me rassure, me prot\u00e8ge. Je ne sais pas vraiment pourquoi.<\/p>\n\n\n\n<p><i>&#8211; Quand et comment es-tu tomb\u00e9e dans la photo ? Qu\u2019est-ce que cela repr\u00e9sente pour toi ?<\/i><br>Quand j\u2019ai commenc\u00e9 \u00e0 marcher, soit tardivement vers 18 ans. La photo est li\u00e9e au d\u00e9placement. Au d\u00e9centrement. Elle aide \u00e0 entrer en \u00e9tat d\u2019\u00e9bri\u00e9t\u00e9 intellectuelle.<br><\/p>\n\n\n\n<p><i>&#8211; Quels sont les sujets qui t\u2019int\u00e9ressent ? Qu\u2019est-ce que tu y cherches, y trouves ?<\/i><br>En premier lieu les photos de famille, les moments heureux. La photo pour faire m\u00e9moire. La photo documentaire, travail en longueur et en interpr\u00e9tation. Ceux qui partent dans cette voie au contact d\u2019un lieu, d\u2019un m\u00e9tier, sont moins nombreux.<\/p>\n\n\n\n<p><i>&#8211; Qui sont les photographes qui t\u2019inspirent ou dont tu appr\u00e9cies particuli\u00e8rement le travail ?<\/i><br>Les photographes de la presse quotidienne r\u00e9gionale comme Ludovic Laude. Les photographes pas press\u00e9s comme Bernard Plossu, baroudeur sensible aux moments vagues ou le finlandais Pentti Sammallahti.<br><\/p>\n\n\n\n<p><i>&#8211; Qu\u2019est-ce que tu pr\u00e9sentes dans ton exposition ?<\/i><br>Une collection de situation de cyclistes miniatures dans des paysages condens\u00e9s. Parfois la diff\u00e9rence d\u2019\u00e9chelle du cycliste n\u2019est pas \u00e9vidente. Ces images composent un sport r\u00e9invent\u00e9, r\u00eav\u00e9, jou\u00e9, elles cherchent la vitesse m\u00e9lancolique. Photos prises avec un Smartphone.<br><\/p>\n\n\n\n<p><i>&#8211; Et pour la suite ? Des projets, des envies de d\u00e9couvertes, d\u2019\u00e9volution ?<\/i><br>Changer de sujet. Rester disponible \u00e0 la proximit\u00e9 et au format carr\u00e9.<\/p>\n\n\n\n<p><i>-Lien hypertexte vers le site internet o\u00f9 l\u2019on peut te retrouver : <\/i><br>Instagram : https:\/\/www.instagram.com\/emmanuel_rivallain\/?hl=fr<\/p>\n\n\n\n<div class=\"wp-block-image\"><figure class=\"aligncenter size-large\"><a href=\"http:\/\/grain-dpixel.fr\/info\/wp-content\/uploads\/2021\/08\/Emmanuel-Rivallain-Photo-signature-scaled.jpg\"><img fetchpriority=\"high\" decoding=\"async\" width=\"1024\" height=\"1024\" src=\"http:\/\/grain-dpixel.fr\/info\/wp-content\/uploads\/2021\/08\/Emmanuel-Rivallain-Photo-signature-1024x1024.jpg\" alt=\"\" class=\"wp-image-9235\" srcset=\"https:\/\/grain-dpixel.fr\/info\/wp-content\/uploads\/2021\/08\/Emmanuel-Rivallain-Photo-signature-1024x1024.jpg 1024w, https:\/\/grain-dpixel.fr\/info\/wp-content\/uploads\/2021\/08\/Emmanuel-Rivallain-Photo-signature-300x300.jpg 300w, https:\/\/grain-dpixel.fr\/info\/wp-content\/uploads\/2021\/08\/Emmanuel-Rivallain-Photo-signature-150x150.jpg 150w, https:\/\/grain-dpixel.fr\/info\/wp-content\/uploads\/2021\/08\/Emmanuel-Rivallain-Photo-signature-768x768.jpg 768w, https:\/\/grain-dpixel.fr\/info\/wp-content\/uploads\/2021\/08\/Emmanuel-Rivallain-Photo-signature-1536x1536.jpg 1536w, https:\/\/grain-dpixel.fr\/info\/wp-content\/uploads\/2021\/08\/Emmanuel-Rivallain-Photo-signature-2048x2048.jpg 2048w\" sizes=\"(max-width: 1024px) 100vw, 1024px\" \/><\/a><\/figure><\/div>\n\n\n\n<div class=\"wp-block-image\"><figure class=\"aligncenter size-large\"><a href=\"http:\/\/grain-dpixel.fr\/info\/wp-content\/uploads\/2021\/08\/Bandeau-fB-site-affiche-defi-projection-rallye-2021-828-x-315.jpg\"><img decoding=\"async\" width=\"828\" height=\"315\" src=\"http:\/\/grain-dpixel.fr\/info\/wp-content\/uploads\/2021\/08\/Bandeau-fB-site-affiche-defi-projection-rallye-2021-828-x-315.jpg\" alt=\"\" class=\"wp-image-9300\" srcset=\"https:\/\/grain-dpixel.fr\/info\/wp-content\/uploads\/2021\/08\/Bandeau-fB-site-affiche-defi-projection-rallye-2021-828-x-315.jpg 828w, https:\/\/grain-dpixel.fr\/info\/wp-content\/uploads\/2021\/08\/Bandeau-fB-site-affiche-defi-projection-rallye-2021-828-x-315-300x114.jpg 300w, https:\/\/grain-dpixel.fr\/info\/wp-content\/uploads\/2021\/08\/Bandeau-fB-site-affiche-defi-projection-rallye-2021-828-x-315-768x292.jpg 768w\" sizes=\"(max-width: 828px) 100vw, 828px\" \/><\/a><\/figure><\/div>\n","protected":false},"excerpt":{"rendered":"<p>Exposition au Kursaal du 23 au 24 octobre 2021 &#8211; Quelques mots pour te pr\u00e9senter :Bloquer le tremblement du monde dans une photo me rassure, me prot\u00e8ge. Je ne sais [&hellip;]<\/p>\n","protected":false},"author":76,"featured_media":9235,"comment_status":"open","ping_status":"open","sticky":false,"template":"","format":"standard","meta":{"_bbp_topic_count":0,"_bbp_reply_count":0,"_bbp_total_topic_count":0,"_bbp_total_reply_count":0,"_bbp_voice_count":0,"_bbp_anonymous_reply_count":0,"_bbp_topic_count_hidden":0,"_bbp_reply_count_hidden":0,"_bbp_forum_subforum_count":0,"_monsterinsights_skip_tracking":false,"_monsterinsights_sitenote_active":false,"_monsterinsights_sitenote_note":"","_monsterinsights_sitenote_category":0,"_jetpack_memberships_contains_paid_content":false,"footnotes":""},"categories":[56,151,154],"tags":[],"class_list":["post-9109","post","type-post","status-publish","format-standard","has-post-thumbnail","hentry","category-festival","category-festival-2021","category-interviews-2021"],"jetpack_featured_media_url":"https:\/\/grain-dpixel.fr\/info\/wp-content\/uploads\/2021\/08\/Emmanuel-Rivallain-Photo-signature-scaled.jpg","jetpack_sharing_enabled":true,"_links":{"self":[{"href":"https:\/\/grain-dpixel.fr\/info\/wp-json\/wp\/v2\/posts\/9109","targetHints":{"allow":["GET"]}}],"collection":[{"href":"https:\/\/grain-dpixel.fr\/info\/wp-json\/wp\/v2\/posts"}],"about":[{"href":"https:\/\/grain-dpixel.fr\/info\/wp-json\/wp\/v2\/types\/post"}],"author":[{"embeddable":true,"href":"https:\/\/grain-dpixel.fr\/info\/wp-json\/wp\/v2\/users\/76"}],"replies":[{"embeddable":true,"href":"https:\/\/grain-dpixel.fr\/info\/wp-json\/wp\/v2\/comments?post=9109"}],"version-history":[{"count":4,"href":"https:\/\/grain-dpixel.fr\/info\/wp-json\/wp\/v2\/posts\/9109\/revisions"}],"predecessor-version":[{"id":9626,"href":"https:\/\/grain-dpixel.fr\/info\/wp-json\/wp\/v2\/posts\/9109\/revisions\/9626"}],"wp:featuredmedia":[{"embeddable":true,"href":"https:\/\/grain-dpixel.fr\/info\/wp-json\/wp\/v2\/media\/9235"}],"wp:attachment":[{"href":"https:\/\/grain-dpixel.fr\/info\/wp-json\/wp\/v2\/media?parent=9109"}],"wp:term":[{"taxonomy":"category","embeddable":true,"href":"https:\/\/grain-dpixel.fr\/info\/wp-json\/wp\/v2\/categories?post=9109"},{"taxonomy":"post_tag","embeddable":true,"href":"https:\/\/grain-dpixel.fr\/info\/wp-json\/wp\/v2\/tags?post=9109"}],"curies":[{"name":"wp","href":"https:\/\/api.w.org\/{rel}","templated":true}]}}