{"id":9089,"date":"2021-09-13T09:00:00","date_gmt":"2021-09-13T07:00:00","guid":{"rendered":"http:\/\/grain-dpixel.fr\/info\/?p=9089"},"modified":"2021-09-13T21:04:08","modified_gmt":"2021-09-13T19:04:08","slug":"angelique-boissiere","status":"publish","type":"post","link":"https:\/\/grain-dpixel.fr\/info\/angelique-boissiere\/","title":{"rendered":"Interview d&rsquo;Ang\u00e9lique BOISSI\u00c8RE"},"content":{"rendered":"\n<h3 class=\"has-text-align-center wp-block-heading\">Exposition \u00e0 la Brasserie Grandvelle du 2 octobre au 24 octobre 2021<\/h3>\n\n\n\n<p><i>&#8211; Quelques mots pour te pr\u00e9senter :<\/i><br>Je suis une femme de 29 ans et je photographie exclusivement en argentique moyen et grand format dans un esprit intemporel.<\/p>\n\n\n\n<p><i>&#8211; Quand et comment es-tu tomb\u00e9e dans la photo ? Qu\u2019est-ce que cela repr\u00e9sente pour toi ?<\/i><br>Je fais des photos argentiques depuis toute petite. Enfant, j\u2019\u00e9tais tr\u00e8s touche \u00e0 tout : bricolage, peinture, gravure, mosa\u00efque, poterie, etc. La cr\u00e9ation \u00e0 toujours fait partie de moi. La photo est une activit\u00e9 un peu diff\u00e9rente dans le sens o\u00f9 elle m\u2019oblige \u00e0 aller \u00e0 la rencontre des gens alors que les travaux manuel sont solitaires. Pour moi c\u2019est avant tout une curiosit\u00e9 de l\u2019autre.<br><\/p>\n\n\n\n<p><i>&#8211; Quels sont les sujets qui t\u2019int\u00e9ressent ? Qu\u2019est-ce que tu y cherches, y trouves ?<\/i><br>Mes sujets de pr\u00e9dilections sont le corps, les visages, l\u2019humain. J\u2019aime aussi le paysage, mais je le pr\u00e9f\u00e8re quand il y a une pr\u00e9sence humaine dans l\u2019image.<\/p>\n\n\n\n<p><i>&#8211; Qui sont les photographes qui t\u2019inspirent ou dont tu appr\u00e9cies particuli\u00e8rement le travail ?<\/i><br>Mes principales sources d\u2019inspiration ont toujours \u00e9t\u00e9 Paolo Roversi, Peter Lindberg, ainsi qu\u2019Irving Penn.<br><\/p>\n\n\n\n<p><i>&#8211; Qu\u2019est-ce que tu pr\u00e9sentes dans ton exposition ?<\/i><br>Cette exposition pr\u00e9sente un aspect de mon travail un peu diff\u00e9rent du reste. Il s\u2019agit d\u2019autoportraits et donc de photos r\u00e9alis\u00e9es dans des moments de solitude, d\u2019introspection.<br><\/p>\n\n\n\n<p><i>&#8211; Et pour la suite ? Des projets, des envies de d\u00e9couvertes, d\u2019\u00e9volution ?<\/i><br>Actuellement, je sature un peu de la photographie pure et donc pour la suite, j\u2019aimerais retourner \u00e0 des travaux plus manuels en mixant photo et arts plastiques\u2026 J\u2019ai plein d\u2019id\u00e9es, il ne me reste plus qu\u2019\u00e0 tester !<\/p>\n\n\n\n<p><i>-Lien hypertexte vers le site internet o\u00f9 l\u2019on peut te retrouver : <\/i><br><a href=\"http:\/\/www.angeliqueb.com\">www.angeliqueb.com<\/a> &amp; <a href=\"https:\/\/www.instagram.com\/angeliqueboissiere\/\">Instagram<\/a><\/p>\n\n\n\n<div class=\"wp-block-image\"><figure class=\"aligncenter size-large\"><a href=\"http:\/\/grain-dpixel.fr\/info\/wp-content\/uploads\/2021\/08\/Angelique-Boissiere-Photo-signature.jpg\"><img fetchpriority=\"high\" decoding=\"async\" width=\"1024\" height=\"1024\" src=\"http:\/\/grain-dpixel.fr\/info\/wp-content\/uploads\/2021\/08\/Angelique-Boissiere-Photo-signature-1024x1024.jpg\" alt=\"\" class=\"wp-image-9220\" srcset=\"https:\/\/grain-dpixel.fr\/info\/wp-content\/uploads\/2021\/08\/Angelique-Boissiere-Photo-signature-1024x1024.jpg 1024w, https:\/\/grain-dpixel.fr\/info\/wp-content\/uploads\/2021\/08\/Angelique-Boissiere-Photo-signature-300x300.jpg 300w, https:\/\/grain-dpixel.fr\/info\/wp-content\/uploads\/2021\/08\/Angelique-Boissiere-Photo-signature-150x150.jpg 150w, https:\/\/grain-dpixel.fr\/info\/wp-content\/uploads\/2021\/08\/Angelique-Boissiere-Photo-signature-768x768.jpg 768w, https:\/\/grain-dpixel.fr\/info\/wp-content\/uploads\/2021\/08\/Angelique-Boissiere-Photo-signature-1536x1536.jpg 1536w, https:\/\/grain-dpixel.fr\/info\/wp-content\/uploads\/2021\/08\/Angelique-Boissiere-Photo-signature.jpg 2048w\" sizes=\"(max-width: 1024px) 100vw, 1024px\" \/><\/a><\/figure><\/div>\n\n\n\n<div class=\"wp-block-image\"><figure class=\"aligncenter size-large\"><a href=\"http:\/\/grain-dpixel.fr\/info\/wp-content\/uploads\/2021\/08\/Bandeau-fB-site-affiche-defi-projection-rallye-2021-828-x-315.jpg\"><img decoding=\"async\" width=\"828\" height=\"315\" src=\"http:\/\/grain-dpixel.fr\/info\/wp-content\/uploads\/2021\/08\/Bandeau-fB-site-affiche-defi-projection-rallye-2021-828-x-315.jpg\" alt=\"\" class=\"wp-image-9300\" srcset=\"https:\/\/grain-dpixel.fr\/info\/wp-content\/uploads\/2021\/08\/Bandeau-fB-site-affiche-defi-projection-rallye-2021-828-x-315.jpg 828w, https:\/\/grain-dpixel.fr\/info\/wp-content\/uploads\/2021\/08\/Bandeau-fB-site-affiche-defi-projection-rallye-2021-828-x-315-300x114.jpg 300w, https:\/\/grain-dpixel.fr\/info\/wp-content\/uploads\/2021\/08\/Bandeau-fB-site-affiche-defi-projection-rallye-2021-828-x-315-768x292.jpg 768w\" sizes=\"(max-width: 828px) 100vw, 828px\" \/><\/a><\/figure><\/div>\n","protected":false},"excerpt":{"rendered":"<p>Exposition \u00e0 la Brasserie Grandvelle du 2 octobre au 24 octobre 2021 &#8211; Quelques mots pour te pr\u00e9senter :Je suis une femme de 29 ans et je photographie exclusivement en [&hellip;]<\/p>\n","protected":false},"author":76,"featured_media":9220,"comment_status":"open","ping_status":"open","sticky":false,"template":"","format":"standard","meta":{"_bbp_topic_count":0,"_bbp_reply_count":0,"_bbp_total_topic_count":0,"_bbp_total_reply_count":0,"_bbp_voice_count":0,"_bbp_anonymous_reply_count":0,"_bbp_topic_count_hidden":0,"_bbp_reply_count_hidden":0,"_bbp_forum_subforum_count":0,"_monsterinsights_skip_tracking":false,"_monsterinsights_sitenote_active":false,"_monsterinsights_sitenote_note":"","_monsterinsights_sitenote_category":0,"_jetpack_memberships_contains_paid_content":false,"footnotes":""},"categories":[56,151,154],"tags":[],"class_list":["post-9089","post","type-post","status-publish","format-standard","has-post-thumbnail","hentry","category-festival","category-festival-2021","category-interviews-2021"],"jetpack_featured_media_url":"https:\/\/grain-dpixel.fr\/info\/wp-content\/uploads\/2021\/08\/Angelique-Boissiere-Photo-signature.jpg","jetpack_sharing_enabled":true,"_links":{"self":[{"href":"https:\/\/grain-dpixel.fr\/info\/wp-json\/wp\/v2\/posts\/9089","targetHints":{"allow":["GET"]}}],"collection":[{"href":"https:\/\/grain-dpixel.fr\/info\/wp-json\/wp\/v2\/posts"}],"about":[{"href":"https:\/\/grain-dpixel.fr\/info\/wp-json\/wp\/v2\/types\/post"}],"author":[{"embeddable":true,"href":"https:\/\/grain-dpixel.fr\/info\/wp-json\/wp\/v2\/users\/76"}],"replies":[{"embeddable":true,"href":"https:\/\/grain-dpixel.fr\/info\/wp-json\/wp\/v2\/comments?post=9089"}],"version-history":[{"count":4,"href":"https:\/\/grain-dpixel.fr\/info\/wp-json\/wp\/v2\/posts\/9089\/revisions"}],"predecessor-version":[{"id":9601,"href":"https:\/\/grain-dpixel.fr\/info\/wp-json\/wp\/v2\/posts\/9089\/revisions\/9601"}],"wp:featuredmedia":[{"embeddable":true,"href":"https:\/\/grain-dpixel.fr\/info\/wp-json\/wp\/v2\/media\/9220"}],"wp:attachment":[{"href":"https:\/\/grain-dpixel.fr\/info\/wp-json\/wp\/v2\/media?parent=9089"}],"wp:term":[{"taxonomy":"category","embeddable":true,"href":"https:\/\/grain-dpixel.fr\/info\/wp-json\/wp\/v2\/categories?post=9089"},{"taxonomy":"post_tag","embeddable":true,"href":"https:\/\/grain-dpixel.fr\/info\/wp-json\/wp\/v2\/tags?post=9089"}],"curies":[{"name":"wp","href":"https:\/\/api.w.org\/{rel}","templated":true}]}}