{"id":9083,"date":"2021-10-15T09:00:00","date_gmt":"2021-10-15T07:00:00","guid":{"rendered":"http:\/\/grain-dpixel.fr\/info\/?p=9083"},"modified":"2021-09-13T21:18:25","modified_gmt":"2021-09-13T19:18:25","slug":"marie-dew","status":"publish","type":"post","link":"https:\/\/grain-dpixel.fr\/info\/marie-dew\/","title":{"rendered":"Interview de Marie DEW"},"content":{"rendered":"\n<h3 class=\"has-text-align-center wp-block-heading\">Exposition au Kursaal du 23 au 24 octobre 2021<\/h3>\n\n\n\n<p><i>&#8211; Quelques mots pour te pr\u00e9senter :<\/i><br>Je suis une artiste touche-\u00e0-tout&#8230;J\u2019aime m\u00ealer les techniques et les moyens d\u2019expression. Ce qui compte pour moi, c\u2019est de transmettre une \u00e9motion, comme une urgence, quand l\u2019inspiration se fait sentir. Selon ce que j\u2019ai envie d\u2019exprimer, je peux utiliser la photographie, le collage, la performance, l\u2019\u00e9criture, etc.<\/p>\n\n\n\n<p><i>&#8211; Quand et comment es-tu tomb\u00e9e dans la photo ? Qu\u2019est-ce que cela repr\u00e9sente pour toi ?<\/i><br>Apr\u00e8s une bonne dizaine d\u2019ann\u00e9es \u00e0 poser pour de nombreux photographes et \u00e9trangers, j\u2019ai ressenti une certaine frustration ou limitation. J\u2019ai eu envie d\u2019aller plus loin, en proposant mon propre univers, en \u00e9tant \u00e0 m\u00eame d\u2019\u00eatre ma\u00eetresse de mon travail, notamment de pouvoir l\u2019exposer.<br><\/p>\n\n\n\n<p><i>&#8211; Quels sont les sujets qui t\u2019int\u00e9ressent ? Qu\u2019est-ce que tu y cherches, y trouves ?<\/i><br>Mon travail est centr\u00e9 autour de la qu\u00eate de l\u2019identit\u00e9 (d\u2019o\u00f9 de nombreux autoportraits) et du rapport aux autres. J\u2019explore mon int\u00e9riorit\u00e9 et je questionne mes \u00e9motions \u00e0 travers le langage du corps. Je fais la part belle \u00e0 l\u2019intuition, la spontan\u00e9it\u00e9 et l\u2019exp\u00e9rimentation.<\/p>\n\n\n\n<p><i>&#8211; Qui sont les photographes qui t\u2019inspirent ou dont tu appr\u00e9cies particuli\u00e8rement le travail ?<\/i><br>J\u2019aime beaucoup Man Ray, pour l\u2019audace de ses recherches et l\u2019importance accord\u00e9e \u00e0 l\u2019exp\u00e9rimentation. Je suis \u00e9galement une fan absolue d\u2019Helmut Newton, sans doute beaucoup pour la vision qu\u2019il offre de femmes aussi fortes que belles, dans lesquelles je me reconnais.<br><\/p>\n\n\n\n<p><i>&#8211; Qu\u2019est-ce que tu pr\u00e9sentes dans ton exposition ?<\/i><br>La s\u00e9rie pr\u00e9sent\u00e9e cette ann\u00e9e s\u2019intitule \u201cBurn!\u201d. Il s\u2019agit d\u2019autoportraits \u00e9clair\u00e9s \u00e0 la bougie, r\u00e9alis\u00e9s dans les minutes qui ont suivi une annonce qui a boulevers\u00e9 mon quotidien : la rupture de mes fian\u00e7ailles. Elles ont \u00e9t\u00e9 captur\u00e9es \u00e0 un moment o\u00f9 me prendre en photo \u00e9tait la seule chose \u00e0 faire afin d\u2019encaisser le choc.<br><\/p>\n\n\n\n<p><i>&#8211; Et pour la suite ? Des projets, des envies de d\u00e9couvertes, d\u2019\u00e9volution ?<\/i><br>Oui, bien s\u00fbr, toujours ! Une s\u00e9rie en collaboration avec plusieurs photographe autour d\u2019une performance d\u2019apn\u00e9e intitul\u00e9e \u201cRespire\u201d et je travaille en parall\u00e8le sur une s\u00e9rie-reportage sur le th\u00e8me de la mobilit\u00e9, en partageant et en photographiant le quotidien nomade des arracheurs de jussie (une plante invasive) en milieu aquatique.<\/p>\n\n\n\n<p><i>-Lien hypertexte vers le site internet o\u00f9 l\u2019on peut te retrouver : <\/i><br><a href=\"http:\/\/www.marie-dumanward.book.fr\">www.marie-dumanward.book.fr<\/a><\/p>\n\n\n\n<div class=\"wp-block-image\"><figure class=\"aligncenter size-large\"><a href=\"http:\/\/grain-dpixel.fr\/info\/wp-content\/uploads\/2021\/08\/Marie-Demesmay-MArie-DEw-Photo-signature-scaled.jpg\"><img fetchpriority=\"high\" decoding=\"async\" width=\"1024\" height=\"1024\" src=\"http:\/\/grain-dpixel.fr\/info\/wp-content\/uploads\/2021\/08\/Marie-Demesmay-MArie-DEw-Photo-signature-1024x1024.jpg\" alt=\"\" class=\"wp-image-9244\" srcset=\"https:\/\/grain-dpixel.fr\/info\/wp-content\/uploads\/2021\/08\/Marie-Demesmay-MArie-DEw-Photo-signature-1024x1024.jpg 1024w, https:\/\/grain-dpixel.fr\/info\/wp-content\/uploads\/2021\/08\/Marie-Demesmay-MArie-DEw-Photo-signature-300x300.jpg 300w, https:\/\/grain-dpixel.fr\/info\/wp-content\/uploads\/2021\/08\/Marie-Demesmay-MArie-DEw-Photo-signature-150x150.jpg 150w, https:\/\/grain-dpixel.fr\/info\/wp-content\/uploads\/2021\/08\/Marie-Demesmay-MArie-DEw-Photo-signature-768x768.jpg 768w, https:\/\/grain-dpixel.fr\/info\/wp-content\/uploads\/2021\/08\/Marie-Demesmay-MArie-DEw-Photo-signature-1536x1536.jpg 1536w, https:\/\/grain-dpixel.fr\/info\/wp-content\/uploads\/2021\/08\/Marie-Demesmay-MArie-DEw-Photo-signature-2048x2048.jpg 2048w\" sizes=\"(max-width: 1024px) 100vw, 1024px\" \/><\/a><\/figure><\/div>\n\n\n\n<div class=\"wp-block-image\"><figure class=\"aligncenter size-large\"><a href=\"http:\/\/grain-dpixel.fr\/info\/wp-content\/uploads\/2021\/08\/Bandeau-fB-site-affiche-defi-projection-rallye-2021-828-x-315.jpg\"><img decoding=\"async\" width=\"828\" height=\"315\" src=\"http:\/\/grain-dpixel.fr\/info\/wp-content\/uploads\/2021\/08\/Bandeau-fB-site-affiche-defi-projection-rallye-2021-828-x-315.jpg\" alt=\"\" class=\"wp-image-9300\" srcset=\"https:\/\/grain-dpixel.fr\/info\/wp-content\/uploads\/2021\/08\/Bandeau-fB-site-affiche-defi-projection-rallye-2021-828-x-315.jpg 828w, https:\/\/grain-dpixel.fr\/info\/wp-content\/uploads\/2021\/08\/Bandeau-fB-site-affiche-defi-projection-rallye-2021-828-x-315-300x114.jpg 300w, https:\/\/grain-dpixel.fr\/info\/wp-content\/uploads\/2021\/08\/Bandeau-fB-site-affiche-defi-projection-rallye-2021-828-x-315-768x292.jpg 768w\" sizes=\"(max-width: 828px) 100vw, 828px\" \/><\/a><\/figure><\/div>\n","protected":false},"excerpt":{"rendered":"<p>Exposition au Kursaal du 23 au 24 octobre 2021 &#8211; Quelques mots pour te pr\u00e9senter :Je suis une artiste touche-\u00e0-tout&#8230;J\u2019aime m\u00ealer les techniques et les moyens d\u2019expression. Ce qui compte [&hellip;]<\/p>\n","protected":false},"author":76,"featured_media":9244,"comment_status":"open","ping_status":"open","sticky":false,"template":"","format":"standard","meta":{"_bbp_topic_count":0,"_bbp_reply_count":0,"_bbp_total_topic_count":0,"_bbp_total_reply_count":0,"_bbp_voice_count":0,"_bbp_anonymous_reply_count":0,"_bbp_topic_count_hidden":0,"_bbp_reply_count_hidden":0,"_bbp_forum_subforum_count":0,"_monsterinsights_skip_tracking":false,"_monsterinsights_sitenote_active":false,"_monsterinsights_sitenote_note":"","_monsterinsights_sitenote_category":0,"_jetpack_memberships_contains_paid_content":false,"footnotes":""},"categories":[56,151,154],"tags":[],"class_list":["post-9083","post","type-post","status-publish","format-standard","has-post-thumbnail","hentry","category-festival","category-festival-2021","category-interviews-2021"],"jetpack_featured_media_url":"https:\/\/grain-dpixel.fr\/info\/wp-content\/uploads\/2021\/08\/Marie-Demesmay-MArie-DEw-Photo-signature-scaled.jpg","jetpack_sharing_enabled":true,"_links":{"self":[{"href":"https:\/\/grain-dpixel.fr\/info\/wp-json\/wp\/v2\/posts\/9083","targetHints":{"allow":["GET"]}}],"collection":[{"href":"https:\/\/grain-dpixel.fr\/info\/wp-json\/wp\/v2\/posts"}],"about":[{"href":"https:\/\/grain-dpixel.fr\/info\/wp-json\/wp\/v2\/types\/post"}],"author":[{"embeddable":true,"href":"https:\/\/grain-dpixel.fr\/info\/wp-json\/wp\/v2\/users\/76"}],"replies":[{"embeddable":true,"href":"https:\/\/grain-dpixel.fr\/info\/wp-json\/wp\/v2\/comments?post=9083"}],"version-history":[{"count":4,"href":"https:\/\/grain-dpixel.fr\/info\/wp-json\/wp\/v2\/posts\/9083\/revisions"}],"predecessor-version":[{"id":9623,"href":"https:\/\/grain-dpixel.fr\/info\/wp-json\/wp\/v2\/posts\/9083\/revisions\/9623"}],"wp:featuredmedia":[{"embeddable":true,"href":"https:\/\/grain-dpixel.fr\/info\/wp-json\/wp\/v2\/media\/9244"}],"wp:attachment":[{"href":"https:\/\/grain-dpixel.fr\/info\/wp-json\/wp\/v2\/media?parent=9083"}],"wp:term":[{"taxonomy":"category","embeddable":true,"href":"https:\/\/grain-dpixel.fr\/info\/wp-json\/wp\/v2\/categories?post=9083"},{"taxonomy":"post_tag","embeddable":true,"href":"https:\/\/grain-dpixel.fr\/info\/wp-json\/wp\/v2\/tags?post=9083"}],"curies":[{"name":"wp","href":"https:\/\/api.w.org\/{rel}","templated":true}]}}