{"id":8820,"date":"2021-04-22T21:42:26","date_gmt":"2021-04-22T19:42:26","guid":{"rendered":"http:\/\/grain-dpixel.fr\/info\/?p=8820"},"modified":"2026-02-03T12:12:52","modified_gmt":"2026-02-03T11:12:52","slug":"partenaires-et-sponsors","status":"publish","type":"post","link":"https:\/\/grain-dpixel.fr\/info\/partenaires-et-sponsors\/","title":{"rendered":"Partenaires et sponsors"},"content":{"rendered":"\n<figure class=\"wp-block-gallery has-nested-images columns-default is-cropped wp-block-gallery-1 is-layout-flex wp-block-gallery-is-layout-flex\">\n<figure class=\"wp-block-image size-large is-style-default\"><a href=\"https:\/\/grain-dpixel.fr\/info\/wp-content\/uploads\/2023\/03\/bandeau-ferstival.jpg\"><img fetchpriority=\"high\" decoding=\"async\" width=\"1024\" height=\"133\" data-id=\"14363\" src=\"https:\/\/grain-dpixel.fr\/info\/wp-content\/uploads\/2023\/03\/bandeau-ferstival-1024x133.jpg\" alt=\"\" class=\"wp-image-14363\" srcset=\"https:\/\/grain-dpixel.fr\/info\/wp-content\/uploads\/2023\/03\/bandeau-ferstival-1024x133.jpg 1024w, https:\/\/grain-dpixel.fr\/info\/wp-content\/uploads\/2023\/03\/bandeau-ferstival-300x39.jpg 300w, https:\/\/grain-dpixel.fr\/info\/wp-content\/uploads\/2023\/03\/bandeau-ferstival-768x100.jpg 768w, https:\/\/grain-dpixel.fr\/info\/wp-content\/uploads\/2023\/03\/bandeau-ferstival-1536x200.jpg 1536w, https:\/\/grain-dpixel.fr\/info\/wp-content\/uploads\/2023\/03\/bandeau-ferstival.jpg 1920w\" sizes=\"(max-width: 1024px) 100vw, 1024px\" \/><\/a><\/figure>\n<\/figure>\n\n\n\n<p><\/p>\n\n\n\n<p class=\"has-medium-font-size\">\u00catre partenaire de notre Festival, c\u2019est&nbsp;participer \u00e0 une aventure qui se veut un lieu d\u2019\u00e9change et de rencontre, de formation et d\u2019exposition de photographies. <\/p>\n\n\n\n<p class=\"has-medium-font-size\"><strong><span class=\"has-inline-color has-vivid-red-color\">D\u00e9velopper la culture photographique dans le Grand Besan\u00e7on<\/span><\/strong><\/p>\n\n\n\n<ul class=\"wp-block-list\">\n<li class=\"has-medium-font-size\">50 photographes expos\u00e9s, des jeunes et des moins jeunes, confirm\u00e9s ou pas, qui ont carte blanche dans le choix de leur sujet<\/li>\n\n\n\n<li class=\"has-medium-font-size\">Des ateliers et des conf\u00e9rences<\/li>\n<\/ul>\n\n\n\n<p class=\"has-medium-font-size\"><strong><mark style=\"background-color:rgba(0, 0, 0, 0)\" class=\"has-inline-color has-vivid-red-color\">Une audience reconnue et qui augmente chaque ann\u00e9e<\/mark><\/strong><\/p>\n\n\n\n<ul class=\"wp-block-list\">\n<li class=\"has-medium-font-size\">Une dizaine de lieux d\u2019exposition&nbsp;: Kursaal, Mus\u00e9e des Maisons comtoises et Hors les murs<\/li>\n\n\n\n<li class=\"has-medium-font-size\">1500 catalogues<\/li>\n\n\n\n<li class=\"has-medium-font-size\">1800 visiteurs sur un week-end \u00e0 l\u2019exposition du Kursaal, 4000 visiteurs mensuels au Mus\u00e9e des Maisons comtoises<\/li>\n\n\n\n<li class=\"has-medium-font-size\">Des partenariats qui se d\u00e9veloppent&nbsp;: Ville de Besan\u00e7on,  Mus\u00e9e des maisons comtoises, CHU Besan\u00e7on, Mairie de Sa\u00f4ne<\/li>\n\n\n\n<li class=\"has-medium-font-size\">En moyenne, 1200 vues par jour de nos publications facebook et Instagram sur le mois du Festival<\/li>\n<\/ul>\n\n\n\n<p class=\"has-medium-font-size\"><strong><span class=\"has-inline-color has-vivid-red-color\">Financer&nbsp;les d\u00e9tails qui font la diff\u00e9rence et la r\u00e9putation de notre Festival<\/span><\/strong><\/p>\n\n\n\n<ul class=\"wp-block-list\">\n<li class=\"has-medium-font-size\">Le catalogue des expositions distribu\u00e9 gratuitement<\/li>\n\n\n\n<li class=\"has-medium-font-size\">La gratuit\u00e9 pour les exposants, ce n\u2019est pas fr\u00e9quent et nous y tenons<\/li>\n\n\n\n<li class=\"has-medium-font-size\">La gratuit\u00e9 pour les visiteurs des expositions, ainsi que pour la plupart des conf\u00e9rences<\/li>\n\n\n\n<li class=\"has-medium-font-size\">Le prix Grain d&rsquo;Pixel offert au photographe s\u00e9lectionn\u00e9 parmi les 50 photographes exposants<\/li>\n\n\n\n<li class=\"has-medium-font-size\">Un accueil qualitatif qui fait la r\u00e9putation de ce festival<\/li>\n<\/ul>\n\n\n\n<p class=\"has-medium-font-size\"><strong><span style=\"background-color:rgba(0, 0, 0, 0)\" class=\"has-inline-color has-vivid-red-color\">Notre ambition : \u00e9tendre l&rsquo;envergure de notre Festival, pour en faire l&rsquo;un des rendez vous r\u00e9gionaux phares. <\/span><\/strong><br>Cela passe par plus de lieux d&rsquo;exposition \u00e9quip\u00e9s, plus de photographes exposants, plus de b\u00e9n\u00e9voles, mais aussi des partenariats pour l&rsquo;h\u00e9bergement, l&rsquo;accueil des ateliers et conf\u00e9rences, des concours prim\u00e9s pour soutenir la production artistique et la possibilit\u00e9 d&rsquo;inviter des photographes renomm\u00e9s. <\/p>\n\n\n\n<p class=\"has-medium-font-size\"><strong>Serez vous \u00e0 nos cot\u00e9s ?<\/strong><\/p>\n\n\n\n<p class=\"has-medium-font-size\"><strong><span class=\"has-inline-color has-vivid-red-color\">Quelques liens&nbsp;:<\/span><\/strong><\/p>\n\n\n\n<p class=\"has-black-color has-text-color has-link-color has-medium-font-size wp-elements-3e422c8b2b95be4fbe1d0480849f5a65\"><strong>Descriptif des encarts publicitaires du catalogue du Festival Photographie Besan\u00e7on<\/strong><\/p>\n\n\n\n<p class=\"has-text-align-left has-black-color has-text-color has-link-color has-medium-font-size wp-elements-3b3fb3b1ef16bd0d4a04cb9f82df4108\" style=\"font-style:normal;font-weight:400\"><strong>Descriptif des encarts propos\u00e9s &#8211; <\/strong><a href=\"https:\/\/grain-dpixel.fr\/info\/wp-content\/uploads\/2026\/02\/2026-Bon-de-commande-sponsor-Descriptif-encarts.pdf\" data-type=\"link\" data-id=\"https:\/\/grain-dpixel.fr\/info\/wp-content\/uploads\/2026\/02\/2026-Bon-de-commande-sponsor-Descriptif-encarts.pdf\" target=\"_blank\" rel=\"noreferrer noopener\">Cliquez ici<\/a><\/p>\n\n\n\n<p class=\"has-text-align-left has-black-color has-text-color has-link-color has-medium-font-size wp-elements-a5c6320a7d032e8f3855bb42923833c9\" style=\"font-style:normal;font-weight:400\"><strong>Bon de commande d&rsquo;un encart \u00e0 remplir &#8211; <\/strong><a href=\"https:\/\/grain-dpixel.fr\/info\/wp-content\/uploads\/2026\/02\/2026-Bon-de-commande-sponsor-Formulaire.pdf\" data-type=\"link\" data-id=\"https:\/\/grain-dpixel.fr\/info\/wp-content\/uploads\/2026\/02\/2026-Bon-de-commande-sponsor-Formulaire.pdf\" target=\"_blank\" rel=\"noreferrer noopener\">Cliquer ici pour le t\u00e9l\u00e9charger<\/a><\/p>\n\n\n\n<p class=\"has-medium-font-size\"><mark style=\"background-color:rgba(0, 0, 0, 0);color:#03088f\" class=\"has-inline-color\">Vous pouvez envoyer votre bon de commande et son r\u00e8glement par ch\u00e8que selon les indications port\u00e9es sur le bon de commande.<\/mark><mark style=\"background-color:rgba(0, 0, 0, 0);color:#090fcb\" class=\"has-inline-color\"> <\/mark><\/p>\n\n\n\n<p class=\"has-medium-font-size\" style=\"font-style:normal;font-weight:800\"><a href=\"https:\/\/www.helloasso.com\/associations\/grain-d-pixel\/evenements\/sponsors-festival-photographie-2026-grain-d-pixel\" data-type=\"link\" data-id=\"https:\/\/www.helloasso.com\/associations\/grain-d-pixel\/evenements\/sponsors-festival-photographie-2026-grain-d-pixel\" target=\"_blank\" rel=\"noreferrer noopener\">Ou si vous pr\u00e9f\u00e9rez un r\u00e8glement par carte bancaire, cliquez ICI<\/a><\/p>\n\n\n\n<p class=\"has-medium-font-size\">Pour tout renseignement , n&rsquo;h\u00e9sitez pas \u00e0 contacter le tr\u00e9sorier de l&rsquo;association Grain d&rsquo;Pixel<\/p>\n\n\n\n<p class=\"has-medium-font-size\"><strong>tresorier&rsquo;at&rsquo;grain-dpixel.fr<\/strong><\/p>\n\n\n\n<p><\/p>\n","protected":false},"excerpt":{"rendered":"<p>\u00catre partenaire de notre Festival, c\u2019est&nbsp;participer \u00e0 une aventure qui se veut un lieu d\u2019\u00e9change et de rencontre, de formation et d\u2019exposition de photographies. D\u00e9velopper la culture photographique dans le [&hellip;]<\/p>\n","protected":false},"author":1,"featured_media":0,"comment_status":"open","ping_status":"open","sticky":false,"template":"","format":"standard","meta":{"_bbp_topic_count":0,"_bbp_reply_count":0,"_bbp_total_topic_count":0,"_bbp_total_reply_count":0,"_bbp_voice_count":0,"_bbp_anonymous_reply_count":0,"_bbp_topic_count_hidden":0,"_bbp_reply_count_hidden":0,"_bbp_forum_subforum_count":0,"_monsterinsights_skip_tracking":false,"_monsterinsights_sitenote_active":false,"_monsterinsights_sitenote_note":"","_monsterinsights_sitenote_category":0,"_jetpack_memberships_contains_paid_content":false,"footnotes":""},"categories":[56,184],"tags":[],"class_list":["post-8820","post","type-post","status-publish","format-standard","hentry","category-festival","category-sponsor"],"jetpack_featured_media_url":"","jetpack_sharing_enabled":true,"_links":{"self":[{"href":"https:\/\/grain-dpixel.fr\/info\/wp-json\/wp\/v2\/posts\/8820","targetHints":{"allow":["GET"]}}],"collection":[{"href":"https:\/\/grain-dpixel.fr\/info\/wp-json\/wp\/v2\/posts"}],"about":[{"href":"https:\/\/grain-dpixel.fr\/info\/wp-json\/wp\/v2\/types\/post"}],"author":[{"embeddable":true,"href":"https:\/\/grain-dpixel.fr\/info\/wp-json\/wp\/v2\/users\/1"}],"replies":[{"embeddable":true,"href":"https:\/\/grain-dpixel.fr\/info\/wp-json\/wp\/v2\/comments?post=8820"}],"version-history":[{"count":56,"href":"https:\/\/grain-dpixel.fr\/info\/wp-json\/wp\/v2\/posts\/8820\/revisions"}],"predecessor-version":[{"id":17726,"href":"https:\/\/grain-dpixel.fr\/info\/wp-json\/wp\/v2\/posts\/8820\/revisions\/17726"}],"wp:attachment":[{"href":"https:\/\/grain-dpixel.fr\/info\/wp-json\/wp\/v2\/media?parent=8820"}],"wp:term":[{"taxonomy":"category","embeddable":true,"href":"https:\/\/grain-dpixel.fr\/info\/wp-json\/wp\/v2\/categories?post=8820"},{"taxonomy":"post_tag","embeddable":true,"href":"https:\/\/grain-dpixel.fr\/info\/wp-json\/wp\/v2\/tags?post=8820"}],"curies":[{"name":"wp","href":"https:\/\/api.w.org\/{rel}","templated":true}]}}