{"id":8370,"date":"2020-10-07T14:00:00","date_gmt":"2020-10-07T12:00:00","guid":{"rendered":"http:\/\/grain-dpixel.fr\/info\/?p=8370"},"modified":"2021-04-12T20:12:06","modified_gmt":"2021-04-12T18:12:06","slug":"interview-de-patrice-forsans","status":"publish","type":"post","link":"https:\/\/grain-dpixel.fr\/info\/interview-de-patrice-forsans\/","title":{"rendered":"Interview de Patrice FORSANS"},"content":{"rendered":"\n<p>&#8211; Quelques mots pour te pr\u00e9senter : <br>\nPassionn\u00e9 de photographie depuis l&rsquo;age de 14 ans, je m&rsquo;investi autant dans ma propre cr\u00e9ation que dans l&rsquo;envie de partager et porter la cr\u00e9ation d&rsquo;autres artistes.<br><\/p>\n\n\n\n<p>&#8211; Quand et comment es-tu tomb\u00e9 dans la photo ? Qu&rsquo;est-ce que cela repr\u00e9sente pour toi ?<br>\n\u00c0 l&rsquo;\u00e2ge de 14 ans, j&rsquo;ai fait s\u00e9cher les cours d&rsquo;EPS avec un Thomas, un copain de classe, pour qu&rsquo;il me montre comment on d\u00e9veloppe une photographie&#8230; c&rsquo;\u00e9tait une photo de famille au sport d&rsquo;hiver. Lorsque l&rsquo;image est apparue dans le bac de r\u00e9v\u00e9lateur, je me suis dit qu&rsquo;avec ce proc\u00e9d\u00e9, on pouvait tout dire ! J&rsquo;ai 52 ans et je me dis toujours la m\u00eame chose.\n<\/p>\n\n\n\n<p>&#8211; Quels sont les sujets qui t&rsquo;int\u00e9ressent ? qu&rsquo;est-ce que tu y cherches, y trouves ?<br>\nLa lumi\u00e8re, la mati\u00e8re&#8230; l&rsquo;humain.\nJ&rsquo;y recherche perp\u00e9tuellement des r\u00e9ponses mais n&rsquo;y trouve jamais qu&rsquo;un pr\u00e9texte \u00e0 continuer de m&rsquo;interroger&#8230; en clair&#8230; continuer \u00e0 trouver le plaisir d&rsquo;\u00eatre \u00e9tonn\u00e9&#8230; et vivre pleinement la cr\u00e9ation.<br><\/p>\n\n\n\n<p>&#8211; Qui sont les photographes qui t&rsquo;inspirent ou dont tu appr\u00e9cies particuli\u00e8rement le travail ?<br>\nIls sont nombreux mais j&rsquo;aurai tendance \u00e0 vouloir rester vierge de tout regards. Malgr\u00e9 tout&#8230; \nJean Loup Sieff&#8230; j&rsquo;ai grandi avec son noir et blanc et son regard.\nJoel Peter Witkin&#8230; pour avoir achet\u00e9 ces livres sans comprendre pourquoi&#8230; et comprendre plus tard qu&rsquo;il un artiste immense.\nIrving Penn&#8230; parce que&#8230; ben Irving Penn quoi&#8230;\nSally Mann&#8230; pour son exploration de la vie et de la mort&#8230;\nEt tant d&rsquo;autres&#8230;<br><\/p>\n\n\n\n<p>&#8211; Qu&rsquo;est-ce que tu pr\u00e9sentes dans ton exposition ?<br>\nLe travail que je pr\u00e9sente est dr\u00f4le et pourtant tellement vrai&#8230; \u00eatre parent lors du confinement li\u00e9 au covid 19. C&rsquo;est une pens\u00e9e artistique pour tous ceux qui se sont retrouv\u00e9s enferm\u00e9s chez eux avec leurs enfants sans jamais y avoir \u00e9t\u00e9 pr\u00e9par\u00e9s.<br><\/p>\n\n\n\n<p>&#8211; ET pour la suite ? des projets, des envies de d\u00e9couvertes, d&rsquo;\u00e9volution ?<br>\nDes projets&#8230; cr\u00e9er un lieu d\u00e9di\u00e9 \u00e0 la photographie&#8230; d\u00e9velopper mon propre atelier&#8230; accueillir beaucoup d&rsquo;artistes et \u00e9changer, partager, vivre ce que nous sommes&#8230; des amoureux de la lumi\u00e8re.<br><\/p>\n\n\n\n<p>-Lien hypertexte vers le site internet o\u00f9 l&rsquo;on peut te retrouver:<br><span style=\"color: blue; font-size: large;\"><u><a href=\"https:\/\/www.facebook.com\/patrice.forsans\" target=\"blank\" rel=\"noopener noreferrer\">facebook.com\/patrice.forsans<\/a><\/u><\/span><\/p>\n\n\n\n<div class=\"wp-block-image\"><figure class=\"aligncenter size-large\"><img fetchpriority=\"high\" decoding=\"async\" width=\"1024\" height=\"684\" src=\"http:\/\/grain-dpixel.fr\/info\/wp-content\/uploads\/2020\/08\/Patrice-FORSANS-photo-signature-1024x684.jpg\" alt=\"\" class=\"wp-image-8187\" srcset=\"https:\/\/grain-dpixel.fr\/info\/wp-content\/uploads\/2020\/08\/Patrice-FORSANS-photo-signature-1024x684.jpg 1024w, https:\/\/grain-dpixel.fr\/info\/wp-content\/uploads\/2020\/08\/Patrice-FORSANS-photo-signature-300x200.jpg 300w, https:\/\/grain-dpixel.fr\/info\/wp-content\/uploads\/2020\/08\/Patrice-FORSANS-photo-signature-768x513.jpg 768w, https:\/\/grain-dpixel.fr\/info\/wp-content\/uploads\/2020\/08\/Patrice-FORSANS-photo-signature-1536x1025.jpg 1536w, https:\/\/grain-dpixel.fr\/info\/wp-content\/uploads\/2020\/08\/Patrice-FORSANS-photo-signature.jpg 2048w\" sizes=\"(max-width: 1024px) 100vw, 1024px\" \/><\/figure><\/div>\n\n\n\n<div class=\"wp-block-image\"><figure class=\"aligncenter size-large\"><img decoding=\"async\" width=\"828\" height=\"315\" src=\"http:\/\/grain-dpixel.fr\/info\/wp-content\/uploads\/2020\/10\/Bandeau-fB-et-site-festival-2020-828-x-315.jpg\" alt=\"\" class=\"wp-image-8542\" srcset=\"https:\/\/grain-dpixel.fr\/info\/wp-content\/uploads\/2020\/10\/Bandeau-fB-et-site-festival-2020-828-x-315.jpg 828w, https:\/\/grain-dpixel.fr\/info\/wp-content\/uploads\/2020\/10\/Bandeau-fB-et-site-festival-2020-828-x-315-300x114.jpg 300w, https:\/\/grain-dpixel.fr\/info\/wp-content\/uploads\/2020\/10\/Bandeau-fB-et-site-festival-2020-828-x-315-768x292.jpg 768w\" sizes=\"(max-width: 828px) 100vw, 828px\" \/><\/figure><\/div>\n","protected":false},"excerpt":{"rendered":"<p>&#8211; Quelques mots pour te pr\u00e9senter : Passionn\u00e9 de photographie depuis l&rsquo;age de 14 ans, je m&rsquo;investi autant dans ma propre cr\u00e9ation que dans l&rsquo;envie de partager et porter la [&hellip;]<\/p>\n","protected":false},"author":76,"featured_media":8187,"comment_status":"open","ping_status":"open","sticky":false,"template":"","format":"standard","meta":{"_bbp_topic_count":0,"_bbp_reply_count":0,"_bbp_total_topic_count":0,"_bbp_total_reply_count":0,"_bbp_voice_count":0,"_bbp_anonymous_reply_count":0,"_bbp_topic_count_hidden":0,"_bbp_reply_count_hidden":0,"_bbp_forum_subforum_count":0,"_monsterinsights_skip_tracking":false,"_monsterinsights_sitenote_active":false,"_monsterinsights_sitenote_note":"","_monsterinsights_sitenote_category":0,"_jetpack_memberships_contains_paid_content":false,"footnotes":""},"categories":[153],"tags":[],"class_list":["post-8370","post","type-post","status-publish","format-standard","has-post-thumbnail","hentry","category-interviews-2020"],"jetpack_featured_media_url":"https:\/\/grain-dpixel.fr\/info\/wp-content\/uploads\/2020\/08\/Patrice-FORSANS-photo-signature.jpg","jetpack_sharing_enabled":true,"_links":{"self":[{"href":"https:\/\/grain-dpixel.fr\/info\/wp-json\/wp\/v2\/posts\/8370","targetHints":{"allow":["GET"]}}],"collection":[{"href":"https:\/\/grain-dpixel.fr\/info\/wp-json\/wp\/v2\/posts"}],"about":[{"href":"https:\/\/grain-dpixel.fr\/info\/wp-json\/wp\/v2\/types\/post"}],"author":[{"embeddable":true,"href":"https:\/\/grain-dpixel.fr\/info\/wp-json\/wp\/v2\/users\/76"}],"replies":[{"embeddable":true,"href":"https:\/\/grain-dpixel.fr\/info\/wp-json\/wp\/v2\/comments?post=8370"}],"version-history":[{"count":3,"href":"https:\/\/grain-dpixel.fr\/info\/wp-json\/wp\/v2\/posts\/8370\/revisions"}],"predecessor-version":[{"id":8585,"href":"https:\/\/grain-dpixel.fr\/info\/wp-json\/wp\/v2\/posts\/8370\/revisions\/8585"}],"wp:featuredmedia":[{"embeddable":true,"href":"https:\/\/grain-dpixel.fr\/info\/wp-json\/wp\/v2\/media\/8187"}],"wp:attachment":[{"href":"https:\/\/grain-dpixel.fr\/info\/wp-json\/wp\/v2\/media?parent=8370"}],"wp:term":[{"taxonomy":"category","embeddable":true,"href":"https:\/\/grain-dpixel.fr\/info\/wp-json\/wp\/v2\/categories?post=8370"},{"taxonomy":"post_tag","embeddable":true,"href":"https:\/\/grain-dpixel.fr\/info\/wp-json\/wp\/v2\/tags?post=8370"}],"curies":[{"name":"wp","href":"https:\/\/api.w.org\/{rel}","templated":true}]}}