{"id":8327,"date":"2020-09-21T14:00:00","date_gmt":"2020-09-21T12:00:00","guid":{"rendered":"http:\/\/grain-dpixel.fr\/info\/?p=8327"},"modified":"2021-04-12T20:16:50","modified_gmt":"2021-04-12T18:16:50","slug":"interview-de-bernard-lepley","status":"publish","type":"post","link":"https:\/\/grain-dpixel.fr\/info\/interview-de-bernard-lepley\/","title":{"rendered":"Interview de Bernard LEPLEY"},"content":{"rendered":"\n<p><i>&#8211; Quelques mots pour te pr\u00e9senter :<\/i><br>\nJ&rsquo;ai d\u00e9but\u00e9 la photo en \u00e9tant \u00e9tudiant et en installant un labo argentique chez moi. Par la suite, apr\u00e8s ma carri\u00e8re professionnelle et avec l&rsquo;av\u00e8nement du num\u00e9rique, j&rsquo;ai repris cette activit\u00e9 par le biais de clubs photo et de contacts avec des photographes professionnels, avec lesquels je me suis perfectionn\u00e9. <br><\/p>\n\n\n\n<p><i>&#8211; Quand et comment es-tu tomb\u00e9 dans la photo ? Qu\u2019est-ce que cela repr\u00e9sente pour toi ?<\/i><br>\nD\u00e8s l&rsquo;\u00e2ge de 15-16 ans j&rsquo;ai commenc\u00e9 \u00e0 faire mes premiers clich\u00e9s. C&rsquo;est une passion qui ne m&rsquo;a pas quitt\u00e9, m\u00eame si elle a \u00e9t\u00e9 interrompue pendant pr\u00e8s de 40 ans, jusqu&rsquo;\u00e0 la retraite.\nLa photo est maintenant pour moi une activit\u00e9 essentielle \u00e0 laquelle je consacre beaucoup de temps, sachant que je g\u00e8re toute la cha\u00eene, depuis la prise de vue, le post traitement et l&rsquo;impression sur papiers que je consid\u00e8re encore comme une derni\u00e8re \u00e9tape tr\u00e8s importante.<br><\/p>\n\n\n\n<p><i>&#8211; Quels sont les sujets qui t\u2019int\u00e9ressent ? qu\u2019est-ce que tu y cherches, y trouves ?<\/i><br>\nJe me consacre enti\u00e8rement \u00e0 la photographie de paysages aquatiques, mer et rivi\u00e8res. Arriv\u00e9 depuis peu en Franche-Comt\u00e9, j\u2019ai \u00e9t\u00e9 s\u00e9duit par les atmosph\u00e8res romantiques des paysages de la r\u00e9gion, j\u2019y trouve un moyen d\u2019exprimer les \u00e9motions ressenties devant ces beaut\u00e9s naturelles en capturant les moments fugitifs que la lumi\u00e8re r\u00e9v\u00e8le.<br><\/p>\n\n\n\n<p><i>&#8211; Qui sont les photographes qui t\u2019inspirent ou dont tu appr\u00e9cies particuli\u00e8rement le travail ?<\/i><br>\nLa r\u00e9v\u00e9lation a \u00e9t\u00e9 bien s\u00fbr Ansel Adams, puis Mikael Kenna, les anglo-saxon du paysage :\nColin Prior, Joe Cornish, Jeremy Walker&#8230;et les fran\u00e7ais avec Gustave Le Gray,  Patrick Dieudonn\u00e9, Philippe Albanel, Ludovic Lagadec, Michel Loup pour la Franche-Comt\u00e9, etc&#8230;<br><\/p>\n\n\n\n<p><i>&#8211; Qu\u2019est-ce que tu pr\u00e9sentes dans ton exposition ? <\/i><br>\nLa s\u00e9rie pr\u00e9sent\u00e9e \u00ab Vision Picturale du Doubs \u00bb a gagn\u00e9 le concours Auteur de l\u2019Union r\u00e9gionale Franche-Comt\u00e9 de la F\u00e9d\u00e9ration Photographique de France de f\u00e9vrier 2020. En tant que photographe de Paysage affectionnant particuli\u00e8rement les ambiances aquatiques, j\u2019ai voulu inscrire ce projet dans la d\u00e9marche des peintres paysagistes romantiques comme Courbet. C\u2019est pourquoi, \u00e0 partir de photos r\u00e9alis\u00e9es en lumi\u00e8re automnale, j\u2019ai orient\u00e9 le post-traitement pour donner \u00e0 la photo un aspect de tableau, renforc\u00e9 par un tirage sur toile qui apporte un rendu particuli\u00e8rement saisissant.<br><\/p>\n\n\n\n<p><i>&#8211; ET pour la suite ? des projets, des envies de d\u00e9couvertes, d\u2019\u00e9volution ?<\/i><br>\nToujours continuer le paysage dans les m\u00eames r\u00e9gions et sur les m\u00eames lieux, il faut pouvoir capter des lumi\u00e8res exceptionnelles en revenant maintes fois au m\u00eame endroit et en faire profiter les visiteurs dans les diff\u00e9rentes expositions o\u00f9 je participe.<br><\/p>\n\n\n\n<p><i>Lien hypertexte vers le site internet o\u00f9 l\u2019on peut te retrouver : <\/i><br><span style=\"color: blue; font-size: large;\"><u><a href=\"http:\/\/photo-bernardlepley.smugmug.com\" target=\"blank\" rel=\"noopener noreferrer\">photo-bernardlepley.smugmug.com<\/a><\/u><\/span><\/p>\n\n\n\n<div class=\"wp-block-image\"><figure class=\"aligncenter size-large\"><img fetchpriority=\"high\" decoding=\"async\" width=\"1024\" height=\"732\" src=\"http:\/\/grain-dpixel.fr\/info\/wp-content\/uploads\/2020\/08\/bernard-LEPLEY-photo-signature-1024x732.jpg\" alt=\"\" class=\"wp-image-8160\" srcset=\"https:\/\/grain-dpixel.fr\/info\/wp-content\/uploads\/2020\/08\/bernard-LEPLEY-photo-signature-1024x732.jpg 1024w, https:\/\/grain-dpixel.fr\/info\/wp-content\/uploads\/2020\/08\/bernard-LEPLEY-photo-signature-300x214.jpg 300w, https:\/\/grain-dpixel.fr\/info\/wp-content\/uploads\/2020\/08\/bernard-LEPLEY-photo-signature-768x549.jpg 768w, https:\/\/grain-dpixel.fr\/info\/wp-content\/uploads\/2020\/08\/bernard-LEPLEY-photo-signature-1536x1098.jpg 1536w, https:\/\/grain-dpixel.fr\/info\/wp-content\/uploads\/2020\/08\/bernard-LEPLEY-photo-signature.jpg 2048w\" sizes=\"(max-width: 1024px) 100vw, 1024px\" \/><\/figure><\/div>\n\n\n\n<div class=\"wp-block-image\"><figure class=\"aligncenter size-large\"><img decoding=\"async\" width=\"828\" height=\"315\" src=\"http:\/\/grain-dpixel.fr\/info\/wp-content\/uploads\/2020\/10\/Bandeau-fB-et-site-festival-2020-828-x-315.jpg\" alt=\"\" class=\"wp-image-8542\" srcset=\"https:\/\/grain-dpixel.fr\/info\/wp-content\/uploads\/2020\/10\/Bandeau-fB-et-site-festival-2020-828-x-315.jpg 828w, https:\/\/grain-dpixel.fr\/info\/wp-content\/uploads\/2020\/10\/Bandeau-fB-et-site-festival-2020-828-x-315-300x114.jpg 300w, https:\/\/grain-dpixel.fr\/info\/wp-content\/uploads\/2020\/10\/Bandeau-fB-et-site-festival-2020-828-x-315-768x292.jpg 768w\" sizes=\"(max-width: 828px) 100vw, 828px\" \/><\/figure><\/div>\n","protected":false},"excerpt":{"rendered":"<p>&#8211; Quelques mots pour te pr\u00e9senter : J&rsquo;ai d\u00e9but\u00e9 la photo en \u00e9tant \u00e9tudiant et en installant un labo argentique chez moi. Par la suite, apr\u00e8s ma carri\u00e8re professionnelle et [&hellip;]<\/p>\n","protected":false},"author":76,"featured_media":8160,"comment_status":"open","ping_status":"open","sticky":false,"template":"","format":"standard","meta":{"_bbp_topic_count":0,"_bbp_reply_count":0,"_bbp_total_topic_count":0,"_bbp_total_reply_count":0,"_bbp_voice_count":0,"_bbp_anonymous_reply_count":0,"_bbp_topic_count_hidden":0,"_bbp_reply_count_hidden":0,"_bbp_forum_subforum_count":0,"_monsterinsights_skip_tracking":false,"_monsterinsights_sitenote_active":false,"_monsterinsights_sitenote_note":"","_monsterinsights_sitenote_category":0,"_jetpack_memberships_contains_paid_content":false,"footnotes":""},"categories":[153],"tags":[],"class_list":["post-8327","post","type-post","status-publish","format-standard","has-post-thumbnail","hentry","category-interviews-2020"],"jetpack_featured_media_url":"https:\/\/grain-dpixel.fr\/info\/wp-content\/uploads\/2020\/08\/bernard-LEPLEY-photo-signature.jpg","jetpack_sharing_enabled":true,"_links":{"self":[{"href":"https:\/\/grain-dpixel.fr\/info\/wp-json\/wp\/v2\/posts\/8327","targetHints":{"allow":["GET"]}}],"collection":[{"href":"https:\/\/grain-dpixel.fr\/info\/wp-json\/wp\/v2\/posts"}],"about":[{"href":"https:\/\/grain-dpixel.fr\/info\/wp-json\/wp\/v2\/types\/post"}],"author":[{"embeddable":true,"href":"https:\/\/grain-dpixel.fr\/info\/wp-json\/wp\/v2\/users\/76"}],"replies":[{"embeddable":true,"href":"https:\/\/grain-dpixel.fr\/info\/wp-json\/wp\/v2\/comments?post=8327"}],"version-history":[{"count":3,"href":"https:\/\/grain-dpixel.fr\/info\/wp-json\/wp\/v2\/posts\/8327\/revisions"}],"predecessor-version":[{"id":8556,"href":"https:\/\/grain-dpixel.fr\/info\/wp-json\/wp\/v2\/posts\/8327\/revisions\/8556"}],"wp:featuredmedia":[{"embeddable":true,"href":"https:\/\/grain-dpixel.fr\/info\/wp-json\/wp\/v2\/media\/8160"}],"wp:attachment":[{"href":"https:\/\/grain-dpixel.fr\/info\/wp-json\/wp\/v2\/media?parent=8327"}],"wp:term":[{"taxonomy":"category","embeddable":true,"href":"https:\/\/grain-dpixel.fr\/info\/wp-json\/wp\/v2\/categories?post=8327"},{"taxonomy":"post_tag","embeddable":true,"href":"https:\/\/grain-dpixel.fr\/info\/wp-json\/wp\/v2\/tags?post=8327"}],"curies":[{"name":"wp","href":"https:\/\/api.w.org\/{rel}","templated":true}]}}