{"id":8284,"date":"2020-09-15T14:00:00","date_gmt":"2020-09-15T12:00:00","guid":{"rendered":"http:\/\/grain-dpixel.fr\/info\/?p=8284"},"modified":"2021-04-12T20:18:40","modified_gmt":"2021-04-12T18:18:40","slug":"interview-de-theo-guezennec","status":"publish","type":"post","link":"https:\/\/grain-dpixel.fr\/info\/interview-de-theo-guezennec\/","title":{"rendered":"Interview de Th\u00e9o GU\u00c9ZENNEC"},"content":{"rendered":"\n<p><i>&#8211; Quelques mots pour te pr\u00e9senter :<\/i><br>\nJeune artiste plasticien, je travaille entre la Bretagne et Poitiers. Fascin\u00e9 par l&rsquo;image et ses pouvoirs, je d\u00e9veloppe des formes qui se situent entre le document et la fiction.<br><\/p>\n\n\n\n<p><i>&#8211; Quand et comment es-tu tomb\u00e9 dans la photo ? Qu\u2019est-ce que cela repr\u00e9sente pour toi ?<\/i><br>\nQuand on m\u2019a offert mon premier appareil \u00e0 l\u2019adolescence, mais c\u2019est en travaillant l\u2019image comme m\u00e9moire que sa pratique est devenue plus courante et son \u00e9tude plus pouss\u00e9e. <br><\/p>\n\n\n\n<p><i>&#8211; Quels sont les sujets qui t\u2019int\u00e9ressent ? qu\u2019est-ce que tu y cherches, y trouves ?<\/i><br>\nL\u2019omnipr\u00e9sence des images dans nos soci\u00e9t\u00e9s occidentales m\u2019am\u00e8ne \u00e0 penser les relations que nous entretenons avec elles. Comment l\u2019image modifie notre rapport au monde ? Qu\u2019elle nous passionne ou qu\u2019on la censure, je recherche les endroits depuis lesquels certaines r\u00e9alit\u00e9s, sociales notamment, \u00e9mergent de leurs doubles, de leurs repr\u00e9sentations. <br><\/p>\n\n\n\n<p><i>&#8211; Qui sont les photographes qui t\u2019inspirent ou dont tu appr\u00e9cies particuli\u00e8rement le travail ?<\/i><br>\nPar rapport \u00e0 la s\u00e9rie que je pr\u00e9sente, je suis oblig\u00e9 de citer Robert Frank, et son livre \u00ab The Americans \u00bb, ma premi\u00e8re d\u00e9couverte photographique. De Bernd et Hilla Bescher et l\u2019\u00e9cole de D\u00fcsseldorf, \u00e0 Jeff Wall ou Rodney Graham, j\u2019ai autant d\u2019int\u00e9r\u00eat pour la photographie-document que pour les mises en sc\u00e8ne. Et Chris Marker, bien que plus connu pour ses films !<br><\/p>\n\n\n\n<p><i>&#8211; Qu\u2019est-ce que tu pr\u00e9sentes dans ton exposition ?<\/i><br>\n\u00ab La ville grise \u00bb s\u00e9rie r\u00e9alis\u00e9e \u00e0 NYC. Elle s\u2019attarde sur ce qu&rsquo;on ne regarde pas assez. Entre le haut et le bas, du b\u00e9ton aux \u00e2mes errantes, mes images sont mont\u00e9es ensemble \u2013 comme les sc\u00e8nes d&rsquo;un film. Je veux qu&rsquo;elles donnent autant \u00e0 voir qu&rsquo;elles laissent \u00e0 d\u00e9sirer. Entre deux images, mises en sc\u00e8ne ou spontan\u00e9es, une nouvelle peut appara\u00eetre, peut-\u00eatre celle du r\u00e9el ?<br><\/p>\n\n\n\n<p><i>&#8211; ET pour la suite ? des projets, des envies de d\u00e9couvertes, d\u2019\u00e9volution ?<\/i><br>\nUn projet musical avec le label \u00ab Pr\u00e9hensible [?] \u00bb, et des projets plastiques en cours qui interrogent la question de la m\u00e9moire num\u00e9rique. Peut-\u00eatre les mener en r\u00e9sidence, si admis.<br><\/p>\n\n\n\n<p><i>-Lien hypertexte vers le site internet o\u00f9 l\u2019on peut te retrouver :<\/i><br> \n<span style=\"color: blue; font-size: large;\"><u><a href=\"instagram.com\/te_strochnis\/\" target=\"blank\" rel=\"noopener noreferrer\">T\u00e9 Strochnis <\/a><\/u><\/span><\/p>\n\n\n\n<div class=\"wp-block-image\"><figure class=\"aligncenter size-large\"><img fetchpriority=\"high\" decoding=\"async\" width=\"1024\" height=\"683\" src=\"http:\/\/grain-dpixel.fr\/info\/wp-content\/uploads\/2020\/08\/Th\u00e9o-GU\u00c9ZENNEC-photo-signature-1024x683.jpg\" alt=\"\" class=\"wp-image-8290\" srcset=\"https:\/\/grain-dpixel.fr\/info\/wp-content\/uploads\/2020\/08\/Th\u00e9o-GU\u00c9ZENNEC-photo-signature-1024x683.jpg 1024w, https:\/\/grain-dpixel.fr\/info\/wp-content\/uploads\/2020\/08\/Th\u00e9o-GU\u00c9ZENNEC-photo-signature-300x200.jpg 300w, https:\/\/grain-dpixel.fr\/info\/wp-content\/uploads\/2020\/08\/Th\u00e9o-GU\u00c9ZENNEC-photo-signature-768x512.jpg 768w, https:\/\/grain-dpixel.fr\/info\/wp-content\/uploads\/2020\/08\/Th\u00e9o-GU\u00c9ZENNEC-photo-signature-1536x1024.jpg 1536w, https:\/\/grain-dpixel.fr\/info\/wp-content\/uploads\/2020\/08\/Th\u00e9o-GU\u00c9ZENNEC-photo-signature.jpg 2048w\" sizes=\"(max-width: 1024px) 100vw, 1024px\" \/><\/figure><\/div>\n\n\n\n<div class=\"wp-block-image\"><figure class=\"aligncenter size-large\"><img decoding=\"async\" width=\"828\" height=\"315\" src=\"http:\/\/grain-dpixel.fr\/info\/wp-content\/uploads\/2020\/10\/Bandeau-fB-et-site-festival-2020-828-x-315.jpg\" alt=\"\" class=\"wp-image-8542\" srcset=\"https:\/\/grain-dpixel.fr\/info\/wp-content\/uploads\/2020\/10\/Bandeau-fB-et-site-festival-2020-828-x-315.jpg 828w, https:\/\/grain-dpixel.fr\/info\/wp-content\/uploads\/2020\/10\/Bandeau-fB-et-site-festival-2020-828-x-315-300x114.jpg 300w, https:\/\/grain-dpixel.fr\/info\/wp-content\/uploads\/2020\/10\/Bandeau-fB-et-site-festival-2020-828-x-315-768x292.jpg 768w\" sizes=\"(max-width: 828px) 100vw, 828px\" \/><\/figure><\/div>\n","protected":false},"excerpt":{"rendered":"<p>&#8211; Quelques mots pour te pr\u00e9senter : Jeune artiste plasticien, je travaille entre la Bretagne et Poitiers. Fascin\u00e9 par l&rsquo;image et ses pouvoirs, je d\u00e9veloppe des formes qui se situent [&hellip;]<\/p>\n","protected":false},"author":76,"featured_media":8290,"comment_status":"open","ping_status":"open","sticky":false,"template":"","format":"standard","meta":{"_bbp_topic_count":0,"_bbp_reply_count":0,"_bbp_total_topic_count":0,"_bbp_total_reply_count":0,"_bbp_voice_count":0,"_bbp_anonymous_reply_count":0,"_bbp_topic_count_hidden":0,"_bbp_reply_count_hidden":0,"_bbp_forum_subforum_count":0,"_monsterinsights_skip_tracking":false,"_monsterinsights_sitenote_active":false,"_monsterinsights_sitenote_note":"","_monsterinsights_sitenote_category":0,"_jetpack_memberships_contains_paid_content":false,"footnotes":""},"categories":[153],"tags":[],"class_list":["post-8284","post","type-post","status-publish","format-standard","has-post-thumbnail","hentry","category-interviews-2020"],"jetpack_featured_media_url":"https:\/\/grain-dpixel.fr\/info\/wp-content\/uploads\/2020\/08\/Th\u00e9o-GU\u00c9ZENNEC-photo-signature.jpg","jetpack_sharing_enabled":true,"_links":{"self":[{"href":"https:\/\/grain-dpixel.fr\/info\/wp-json\/wp\/v2\/posts\/8284","targetHints":{"allow":["GET"]}}],"collection":[{"href":"https:\/\/grain-dpixel.fr\/info\/wp-json\/wp\/v2\/posts"}],"about":[{"href":"https:\/\/grain-dpixel.fr\/info\/wp-json\/wp\/v2\/types\/post"}],"author":[{"embeddable":true,"href":"https:\/\/grain-dpixel.fr\/info\/wp-json\/wp\/v2\/users\/76"}],"replies":[{"embeddable":true,"href":"https:\/\/grain-dpixel.fr\/info\/wp-json\/wp\/v2\/comments?post=8284"}],"version-history":[{"count":5,"href":"https:\/\/grain-dpixel.fr\/info\/wp-json\/wp\/v2\/posts\/8284\/revisions"}],"predecessor-version":[{"id":8570,"href":"https:\/\/grain-dpixel.fr\/info\/wp-json\/wp\/v2\/posts\/8284\/revisions\/8570"}],"wp:featuredmedia":[{"embeddable":true,"href":"https:\/\/grain-dpixel.fr\/info\/wp-json\/wp\/v2\/media\/8290"}],"wp:attachment":[{"href":"https:\/\/grain-dpixel.fr\/info\/wp-json\/wp\/v2\/media?parent=8284"}],"wp:term":[{"taxonomy":"category","embeddable":true,"href":"https:\/\/grain-dpixel.fr\/info\/wp-json\/wp\/v2\/categories?post=8284"},{"taxonomy":"post_tag","embeddable":true,"href":"https:\/\/grain-dpixel.fr\/info\/wp-json\/wp\/v2\/tags?post=8284"}],"curies":[{"name":"wp","href":"https:\/\/api.w.org\/{rel}","templated":true}]}}