{"id":8266,"date":"2020-09-11T14:00:00","date_gmt":"2020-09-11T12:00:00","guid":{"rendered":"http:\/\/grain-dpixel.fr\/info\/?p=8266"},"modified":"2021-04-12T20:20:17","modified_gmt":"2021-04-12T18:20:17","slug":"interview-de-vanda-spengler","status":"publish","type":"post","link":"https:\/\/grain-dpixel.fr\/info\/interview-de-vanda-spengler\/","title":{"rendered":"Interview de Vanda SPENGLER"},"content":{"rendered":"\n<p><i>-Quelques mots pour te pr\u00e9senter :<\/i><br>\nJe suis n\u00e9e en Suisse en 1982 au sein d\u2019une famille fantasque et amoureuse des mots.  J\u2019ai \u00e9t\u00e9 touche \u00e0 tout et assez dispers\u00e9e longtemps avant de canaliser mes montagnes russes \u00e9motionnelles dans mes mises en sc\u00e8nes photographiques.<br><\/p>\n\n\n\n<p><i>-Quand et comment es-tu tomb\u00e9e dans la photo ? Qu\u2019est-ce que cela repr\u00e9sente pour toi ?<\/i><br>\nPassionn\u00e9e de cin\u00e9ma depuis gamine, je voulais \u00eatre r\u00e9alisatrice de films. C\u2019est \u00e0 travers ce prisme que j\u2019ai d\u00e9couvert la photographie il y a 18 ans.  L\u2019humain a toujours \u00e9t\u00e9 le centre de mon travail. J\u2019ai commenc\u00e9 par beaucoup d\u2019autoportraits, par facilit\u00e9. Puis le besoin de mettre en sc\u00e8ne d\u2019autres corps nus dans ce qu\u2019ils ont de plus brut et d\u00e9s\u00e9quilibr\u00e9 s\u2019est impos\u00e9 \u00e0 moi.<br><\/p>\n\n\n\n<p><i>-Quels sont les sujets qui t\u2019int\u00e9ressent ? qu\u2019est-ce que tu y cherches, y trouves ?<\/i><br>\nJe veux mettre en lumi\u00e8re tous les corps dans leurs alt\u00e9rit\u00e9s, toutes g\u00e9n\u00e9rations confondues. J\u2019explore les zones d\u2019ombres et les d\u00e9s\u00e9quilibres.<br><\/p>\n\n\n\n<p><i>-Qui sont les photographes qui t\u2019inspirent ou dont tu appr\u00e9cies particuli\u00e8rement le travail ?<\/i><br>\nSophie Calle, Sally Mann, Jo\u00ebl Peter Witkin, Gregory Crewdson, Louise Dumont, F\u00e9ebrile, Cindy Sherman\u2026<br><\/p>\n\n\n\n<p><i>-Qu\u2019est-ce que tu pr\u00e9sentes dans ton exposition ?<\/i><br>\nJe pr\u00e9sente la s\u00e9rie \u00ab Origines \u00bb qui met en sc\u00e8ne diff\u00e9rents personnages nus dans des paysages d\u00e9sert\u00e9s (en Islande principalement).  Mon fils de 8 ans y est repr\u00e9sent\u00e9 ainsi que ma m\u00e8re, mon p\u00e8re et ma s\u0153ur. Ces liens interg\u00e9n\u00e9rationnels comptent beaucoup pour moi et r\u00e9sonnent dans la puret\u00e9 de ces lieux.<br><\/p>\n\n\n\n<p><i>-Et pour la suite ? Des projets, des envies de d\u00e9couvertes, d\u2019\u00e9volution ?<\/i><br>\nJe travaille depuis plusieurs mois sur une s\u00e9rie photo autour de la viande avec des images de chasse, d\u2019abattage et de d\u00e9pe\u00e7age o\u00f9 la mort et la vie s\u2019entrem\u00ealent cruellement.<br><\/p>\n\n\n\n<p><i>-Lien hypertexte vers le site internet o\u00f9 l\u2019on peut te retrouver : <\/i><br>\n<span style=\"color: blue; font-size: large;\"><u><a href=\"http:\/\/www.vandaspengler.com\" target=\"blank\" rel=\"noopener noreferrer\">vandaspengler.com<\/a><\/u><\/span><\/p>\n\n\n\n<div class=\"wp-block-image\"><figure class=\"aligncenter size-large\"><img fetchpriority=\"high\" decoding=\"async\" width=\"1024\" height=\"684\" src=\"http:\/\/grain-dpixel.fr\/info\/wp-content\/uploads\/2020\/08\/Vanda-SPENGLER-photo-signature-1024x684.jpg\" alt=\"\" class=\"wp-image-8152\" srcset=\"https:\/\/grain-dpixel.fr\/info\/wp-content\/uploads\/2020\/08\/Vanda-SPENGLER-photo-signature-1024x684.jpg 1024w, https:\/\/grain-dpixel.fr\/info\/wp-content\/uploads\/2020\/08\/Vanda-SPENGLER-photo-signature-300x200.jpg 300w, https:\/\/grain-dpixel.fr\/info\/wp-content\/uploads\/2020\/08\/Vanda-SPENGLER-photo-signature-768x513.jpg 768w, https:\/\/grain-dpixel.fr\/info\/wp-content\/uploads\/2020\/08\/Vanda-SPENGLER-photo-signature-1536x1025.jpg 1536w, https:\/\/grain-dpixel.fr\/info\/wp-content\/uploads\/2020\/08\/Vanda-SPENGLER-photo-signature.jpg 2048w\" sizes=\"(max-width: 1024px) 100vw, 1024px\" \/><\/figure><\/div>\n\n\n\n<div class=\"wp-block-image\"><figure class=\"aligncenter size-large\"><img decoding=\"async\" width=\"828\" height=\"315\" src=\"http:\/\/grain-dpixel.fr\/info\/wp-content\/uploads\/2020\/10\/Bandeau-fB-et-site-festival-2020-828-x-315.jpg\" alt=\"\" class=\"wp-image-8542\" srcset=\"https:\/\/grain-dpixel.fr\/info\/wp-content\/uploads\/2020\/10\/Bandeau-fB-et-site-festival-2020-828-x-315.jpg 828w, https:\/\/grain-dpixel.fr\/info\/wp-content\/uploads\/2020\/10\/Bandeau-fB-et-site-festival-2020-828-x-315-300x114.jpg 300w, https:\/\/grain-dpixel.fr\/info\/wp-content\/uploads\/2020\/10\/Bandeau-fB-et-site-festival-2020-828-x-315-768x292.jpg 768w\" sizes=\"(max-width: 828px) 100vw, 828px\" \/><\/figure><\/div>\n","protected":false},"excerpt":{"rendered":"<p>-Quelques mots pour te pr\u00e9senter : Je suis n\u00e9e en Suisse en 1982 au sein d\u2019une famille fantasque et amoureuse des mots. J\u2019ai \u00e9t\u00e9 touche \u00e0 tout et assez dispers\u00e9e [&hellip;]<\/p>\n","protected":false},"author":76,"featured_media":8152,"comment_status":"open","ping_status":"open","sticky":false,"template":"","format":"standard","meta":{"_bbp_topic_count":0,"_bbp_reply_count":0,"_bbp_total_topic_count":0,"_bbp_total_reply_count":0,"_bbp_voice_count":0,"_bbp_anonymous_reply_count":0,"_bbp_topic_count_hidden":0,"_bbp_reply_count_hidden":0,"_bbp_forum_subforum_count":0,"_monsterinsights_skip_tracking":false,"_monsterinsights_sitenote_active":false,"_monsterinsights_sitenote_note":"","_monsterinsights_sitenote_category":0,"_jetpack_memberships_contains_paid_content":false,"footnotes":""},"categories":[153],"tags":[],"class_list":["post-8266","post","type-post","status-publish","format-standard","has-post-thumbnail","hentry","category-interviews-2020"],"jetpack_featured_media_url":"https:\/\/grain-dpixel.fr\/info\/wp-content\/uploads\/2020\/08\/Vanda-SPENGLER-photo-signature.jpg","jetpack_sharing_enabled":true,"_links":{"self":[{"href":"https:\/\/grain-dpixel.fr\/info\/wp-json\/wp\/v2\/posts\/8266","targetHints":{"allow":["GET"]}}],"collection":[{"href":"https:\/\/grain-dpixel.fr\/info\/wp-json\/wp\/v2\/posts"}],"about":[{"href":"https:\/\/grain-dpixel.fr\/info\/wp-json\/wp\/v2\/types\/post"}],"author":[{"embeddable":true,"href":"https:\/\/grain-dpixel.fr\/info\/wp-json\/wp\/v2\/users\/76"}],"replies":[{"embeddable":true,"href":"https:\/\/grain-dpixel.fr\/info\/wp-json\/wp\/v2\/comments?post=8266"}],"version-history":[{"count":5,"href":"https:\/\/grain-dpixel.fr\/info\/wp-json\/wp\/v2\/posts\/8266\/revisions"}],"predecessor-version":[{"id":8566,"href":"https:\/\/grain-dpixel.fr\/info\/wp-json\/wp\/v2\/posts\/8266\/revisions\/8566"}],"wp:featuredmedia":[{"embeddable":true,"href":"https:\/\/grain-dpixel.fr\/info\/wp-json\/wp\/v2\/media\/8152"}],"wp:attachment":[{"href":"https:\/\/grain-dpixel.fr\/info\/wp-json\/wp\/v2\/media?parent=8266"}],"wp:term":[{"taxonomy":"category","embeddable":true,"href":"https:\/\/grain-dpixel.fr\/info\/wp-json\/wp\/v2\/categories?post=8266"},{"taxonomy":"post_tag","embeddable":true,"href":"https:\/\/grain-dpixel.fr\/info\/wp-json\/wp\/v2\/tags?post=8266"}],"curies":[{"name":"wp","href":"https:\/\/api.w.org\/{rel}","templated":true}]}}