{"id":8252,"date":"2020-09-04T14:00:00","date_gmt":"2020-09-04T12:00:00","guid":{"rendered":"http:\/\/grain-dpixel.fr\/info\/?p=8252"},"modified":"2021-04-12T20:23:17","modified_gmt":"2021-04-12T18:23:17","slug":"interview-de-maxime-lamboley","status":"publish","type":"post","link":"https:\/\/grain-dpixel.fr\/info\/interview-de-maxime-lamboley\/","title":{"rendered":"Interview de Maxime LAMBOLEY"},"content":{"rendered":"\n<p><i>-Quelques mots pour te pr\u00e9senter :<\/i><br>\nJe suis donc Maxime, j&rsquo;ai 35 ans et j&rsquo;habite \u00e0 Besan\u00e7on. Gr\u00e2ce \u00e0 l&rsquo;obtention d&rsquo;une licence en m\u00e9diation par le sport en 2010, j&rsquo;ai travaill\u00e9 aupr\u00e8s d&rsquo;adultes en situation de handicap et d&rsquo;adolescents en \u00ab difficult\u00e9s \u00bb durant plusieurs ann\u00e9es. Pour le moment sans emploi, je cherche \u00e0 d\u00e9velopper ma passion pour la photographie documentaire et de reportage que je pourrais associer \u00e0 une reprise d&#8217;emploi dans le social. Je viens pour cela de suivre une formation li\u00e9e \u00e0 l&rsquo;universit\u00e9 de Perpignan intitul\u00e9e \u00ab Documentaire et \u00e9critures num\u00e9riques \u00bb.<\/p><br>\n<p><i>-Quand et comment es-tu tomb\u00e9 dans la photo ? Qu&rsquo;est-ce que cela repr\u00e9sente pour toi ?<\/i><br>\nEn 2013, j&rsquo;ai fait l&rsquo;acquisition de mon premier appareil photo reflex num\u00e9rique (Canon 1000D +18-55mm), rapidement suivi par l&rsquo;achat d&rsquo;un second objectif (50mm f\/1.8). J&rsquo;ai assez vite cherch\u00e9 \u00e0 d\u00e9velopper mes connaissances en photographie en lisant des magazines, forums et autres groupes Facebook sp\u00e9cialis\u00e9s en la mati\u00e8re. J&rsquo;ai alors commenc\u00e9 \u00e0 exp\u00e9rimenter diverses mani\u00e8res de photographier, que ce soit au niveau du sujet ou de la mani\u00e8re de proc\u00e9der lors des prises de vue et du post-traitement.\nLa photographie est intimement li\u00e9e \u00e0 mon d\u00e9veloppement personnel car elle me permet d&rsquo;apprendre \u00e0 me conna\u00eetre et d&rsquo;exprimer ma sensibilit\u00e9. Elle m&rsquo;aide aussi \u00e0 revaloriser l&rsquo;estime que j&rsquo;ai de moi-m\u00eame. Pour aller plus loin, je peux dire que la photographie m&rsquo;a \u00e0 un certain moment permis de continuer \u00e0 \u00ab croire \u00bb et j&rsquo;ai donc la sensation de lui devoir beaucoup.<\/p><br>\n<p><i>-Quels sont les sujets qui t&rsquo;int\u00e9ressent ? Qu&rsquo;est-ce que tu y cherches, y trouves ?<\/i><br>\nJe m&rsquo;int\u00e9resse \u00e0 la soci\u00e9t\u00e9 sous diff\u00e9rents aspects, c&rsquo;est notamment pour cela que je photographie souvent en manifestation. Je souhaite aussi contribuer \u00e0 la m\u00e9diatisation d&rsquo;actions socio-culturelles et socio-sportives et j&rsquo;aimerais d\u00e9velopper des projets li\u00e9s au sport de haut niveau. \nGlobalement, la mani\u00e8re dont je photographie est le reflet de mon d\u00e9sir d&rsquo;investissement au sein de la soci\u00e9t\u00e9, une mani\u00e8re de m&rsquo;engager sur des sujets qui me paraissent essentiels.<\/p><br>\n<p><i>-Qui sont les photographes qui t&rsquo;inspirent ou dont tu appr\u00e9cies particuli\u00e8rement le travail ?<\/i><br>\nRaffaele Montepaone pour les photos noir et blanc qu&rsquo;il faisait lors de matchs professionnels de Volley-Ball en Italie, Fran\u00e7ois Van Melleghem pour son travail en milieu carc\u00e9ral, Sebastiao Salgado et d&rsquo;autres&#8230;<\/p><br>\n<p><i>-Qu&rsquo;est-ce que tu pr\u00e9sentes dans ton exposition ?<\/i><br>\nDans le cadre de ma formation, j&rsquo;ai r\u00e9alis\u00e9 un stage durant le mois de f\u00e9vrier 2020 au sein du Groupe d&rsquo;Entraide Mutuel \u00ab La Grange de L\u00e9o \u00bb. Cela m&rsquo;a permis de documenter le quotidien de ce lieu d&rsquo;accueil pour des personnes rencontrant des probl\u00e8mes de sant\u00e9 psychique. Je pr\u00e9sente donc une s\u00e9rie sur ce th\u00e8me, accompagn\u00e9e d&rsquo;\u00e9crits rapportant la parole directe des personnes avec qui j&rsquo;ai pu m&rsquo;entretenir individuellement. <\/p><br>\n<p><i>-Et pour la suite ? Des projets, des envies de d\u00e9couvertes, d&rsquo;\u00e9volution ?<\/i><br>\nUne collaboration avec l&rsquo;association Miroirs de femmes qui est implant\u00e9e dans le quartier de Planoise se profile, ainsi qu&rsquo;avec le supermarch\u00e9 coop\u00e9ratif qui ouvrira bient\u00f4t \u00e0 Besan\u00e7on. Je souhaite par ailleurs me rendre \u00e0 nouveau en Albanie, notamment aupr\u00e8s d&rsquo;une famille que j&rsquo;ai rencontr\u00e9e \u00e0 Besan\u00e7on en 2016 et avec qui j&rsquo;ai entam\u00e9 un travail photographique.\nAu niveau des \u00e9volutions, je m&rsquo;int\u00e9resse \u00e0 la prise de son en plus de l&rsquo;image et c&rsquo;est pourquoi je veux continuer \u00e0 apprendre \u00e0 r\u00e9aliser des diaporamas sonores.<\/p>\n\n\n\n<div class=\"wp-block-image\"><figure class=\"aligncenter size-large\"><img fetchpriority=\"high\" decoding=\"async\" width=\"1024\" height=\"683\" src=\"http:\/\/grain-dpixel.fr\/info\/wp-content\/uploads\/2020\/08\/Maxime-LAMBOLEY-photo-signature-1024x683.jpg\" alt=\"\" class=\"wp-image-8182\" srcset=\"https:\/\/grain-dpixel.fr\/info\/wp-content\/uploads\/2020\/08\/Maxime-LAMBOLEY-photo-signature-1024x683.jpg 1024w, https:\/\/grain-dpixel.fr\/info\/wp-content\/uploads\/2020\/08\/Maxime-LAMBOLEY-photo-signature-300x200.jpg 300w, https:\/\/grain-dpixel.fr\/info\/wp-content\/uploads\/2020\/08\/Maxime-LAMBOLEY-photo-signature-768x512.jpg 768w, https:\/\/grain-dpixel.fr\/info\/wp-content\/uploads\/2020\/08\/Maxime-LAMBOLEY-photo-signature-1536x1024.jpg 1536w, https:\/\/grain-dpixel.fr\/info\/wp-content\/uploads\/2020\/08\/Maxime-LAMBOLEY-photo-signature.jpg 2048w\" sizes=\"(max-width: 1024px) 100vw, 1024px\" \/><\/figure><\/div>\n\n\n\n<div class=\"wp-block-image\"><figure class=\"aligncenter size-large\"><img decoding=\"async\" width=\"828\" height=\"315\" src=\"http:\/\/grain-dpixel.fr\/info\/wp-content\/uploads\/2020\/10\/Bandeau-fB-et-site-festival-2020-828-x-315.jpg\" alt=\"\" class=\"wp-image-8542\" srcset=\"https:\/\/grain-dpixel.fr\/info\/wp-content\/uploads\/2020\/10\/Bandeau-fB-et-site-festival-2020-828-x-315.jpg 828w, https:\/\/grain-dpixel.fr\/info\/wp-content\/uploads\/2020\/10\/Bandeau-fB-et-site-festival-2020-828-x-315-300x114.jpg 300w, https:\/\/grain-dpixel.fr\/info\/wp-content\/uploads\/2020\/10\/Bandeau-fB-et-site-festival-2020-828-x-315-768x292.jpg 768w\" sizes=\"(max-width: 828px) 100vw, 828px\" \/><\/figure><\/div>\n","protected":false},"excerpt":{"rendered":"<p>-Quelques mots pour te pr\u00e9senter : Je suis donc Maxime, j&rsquo;ai 35 ans et j&rsquo;habite \u00e0 Besan\u00e7on. Gr\u00e2ce \u00e0 l&rsquo;obtention d&rsquo;une licence en m\u00e9diation par le sport en 2010, j&rsquo;ai [&hellip;]<\/p>\n","protected":false},"author":76,"featured_media":8182,"comment_status":"open","ping_status":"open","sticky":false,"template":"","format":"standard","meta":{"_bbp_topic_count":0,"_bbp_reply_count":0,"_bbp_total_topic_count":0,"_bbp_total_reply_count":0,"_bbp_voice_count":0,"_bbp_anonymous_reply_count":0,"_bbp_topic_count_hidden":0,"_bbp_reply_count_hidden":0,"_bbp_forum_subforum_count":0,"_monsterinsights_skip_tracking":false,"_monsterinsights_sitenote_active":false,"_monsterinsights_sitenote_note":"","_monsterinsights_sitenote_category":0,"_jetpack_memberships_contains_paid_content":false,"footnotes":""},"categories":[153],"tags":[],"class_list":["post-8252","post","type-post","status-publish","format-standard","has-post-thumbnail","hentry","category-interviews-2020"],"jetpack_featured_media_url":"https:\/\/grain-dpixel.fr\/info\/wp-content\/uploads\/2020\/08\/Maxime-LAMBOLEY-photo-signature.jpg","jetpack_sharing_enabled":true,"_links":{"self":[{"href":"https:\/\/grain-dpixel.fr\/info\/wp-json\/wp\/v2\/posts\/8252","targetHints":{"allow":["GET"]}}],"collection":[{"href":"https:\/\/grain-dpixel.fr\/info\/wp-json\/wp\/v2\/posts"}],"about":[{"href":"https:\/\/grain-dpixel.fr\/info\/wp-json\/wp\/v2\/types\/post"}],"author":[{"embeddable":true,"href":"https:\/\/grain-dpixel.fr\/info\/wp-json\/wp\/v2\/users\/76"}],"replies":[{"embeddable":true,"href":"https:\/\/grain-dpixel.fr\/info\/wp-json\/wp\/v2\/comments?post=8252"}],"version-history":[{"count":5,"href":"https:\/\/grain-dpixel.fr\/info\/wp-json\/wp\/v2\/posts\/8252\/revisions"}],"predecessor-version":[{"id":8549,"href":"https:\/\/grain-dpixel.fr\/info\/wp-json\/wp\/v2\/posts\/8252\/revisions\/8549"}],"wp:featuredmedia":[{"embeddable":true,"href":"https:\/\/grain-dpixel.fr\/info\/wp-json\/wp\/v2\/media\/8182"}],"wp:attachment":[{"href":"https:\/\/grain-dpixel.fr\/info\/wp-json\/wp\/v2\/media?parent=8252"}],"wp:term":[{"taxonomy":"category","embeddable":true,"href":"https:\/\/grain-dpixel.fr\/info\/wp-json\/wp\/v2\/categories?post=8252"},{"taxonomy":"post_tag","embeddable":true,"href":"https:\/\/grain-dpixel.fr\/info\/wp-json\/wp\/v2\/tags?post=8252"}],"curies":[{"name":"wp","href":"https:\/\/api.w.org\/{rel}","templated":true}]}}