{"id":8249,"date":"2020-09-05T14:00:00","date_gmt":"2020-09-05T12:00:00","guid":{"rendered":"http:\/\/grain-dpixel.fr\/info\/?p=8249"},"modified":"2021-04-12T20:23:08","modified_gmt":"2021-04-12T18:23:08","slug":"interview-de-nathalie-ducrot","status":"publish","type":"post","link":"https:\/\/grain-dpixel.fr\/info\/interview-de-nathalie-ducrot\/","title":{"rendered":"Interview de Nathalie DUCROT"},"content":{"rendered":"\n<p><i>&#8211; Quelques mots pour te pr\u00e9senter :<\/i><br>\nNathalie Ducrot, Franc Comtoise d\u2019origine, je travaille dans l\u2019entreprise familiale.<br><\/p>\n\n\n\n<p><i>&#8211; Quand et comment es-tu tomb\u00e9e dans la photo ? Qu\u2019est-ce que cela repr\u00e9sente pour toi ?<\/i><br>\nTomb\u00e9e dans un bac r\u00e9v\u00e9lateur \u00e0 l\u2019\u00e2ge de 10 ans, le fixateur n\u2019a pas emp\u00each\u00e9 mon \u00e9volution vers le num\u00e9rique.\nJ\u2019aime que mes photos racontent ce que je ressens et vois au moment de la prise de vue.<br><\/p>\n\n\n\n<p><i>&#8211; Quels sont les sujets qui t\u2019int\u00e9ressent ? qu\u2019est-ce que tu y cherches, y trouves ?<\/i><br>\nPassionn\u00e9e principalement par les oiseaux, leur libert\u00e9, je trouvais un plaisir insoup\u00e7onn\u00e9 \u00e0 les photographier, mais pour des raisons de sant\u00e9, je me suis tourn\u00e9e vers la photographie de paysage que je pratique depuis un an et j\u2019appr\u00e9cie \u00e9norm\u00e9ment les poses longues qui donnent un attrait particulier \u00e0 la photographie.<br><\/p>\n\n\n\n<p><i>&#8211; Qui sont les photographes qui t\u2019inspirent ou dont tu appr\u00e9cies particuli\u00e8rement le travail ?<\/i><br>\nVincent Munier, Laurent Fiol, Thierry Kergroac\u2019h et Fran\u00e7ois Aurora<br><\/p>\n\n\n\n<p><i>&#8211; Qu\u2019est-ce que tu pr\u00e9sentes dans ton exposition ?<\/i><br>\nDe l\u2019aurore au cr\u00e9puscule, je vais vous pr\u00e9senter des paysages du Grand Est et de Franche-Comt\u00e9.<br><\/p>\n\n\n\n<p><i>&#8211; ET pour la suite ? des projets, des envies de d\u00e9couvertes, d\u2019\u00e9volution ?<\/i><br>\nJ\u2019ai des envies et des projets plein la t\u00eate, mais il faut que la sant\u00e9 suive. J\u2019aimerais r\u00e9aliser un second ouvrage sur la r\u00e9gion du Grand Est et de Franche-Comt\u00e9.<br><\/p>\n\n\n\n<p><i>-Lien hypertexte vers le site internet o\u00f9 l\u2019on peut te retrouver :<\/i><br> \n<span style=\"color: blue; font-size: large;\"><u><a href=\"http:\/\/www.photo-ducrot.fr\" target=\"blank\" rel=\"noopener noreferrer\">photo-ducrot.fr<\/a><\/u><\/span><\/p>\n\n\n\n<div class=\"wp-block-image\"><figure class=\"aligncenter size-large\"><img fetchpriority=\"high\" decoding=\"async\" width=\"1024\" height=\"701\" src=\"http:\/\/grain-dpixel.fr\/info\/wp-content\/uploads\/2020\/08\/Nathalie-DUCROT-photo-signature-1024x701.jpg\" alt=\"\" class=\"wp-image-8184\" srcset=\"https:\/\/grain-dpixel.fr\/info\/wp-content\/uploads\/2020\/08\/Nathalie-DUCROT-photo-signature-1024x701.jpg 1024w, https:\/\/grain-dpixel.fr\/info\/wp-content\/uploads\/2020\/08\/Nathalie-DUCROT-photo-signature-300x205.jpg 300w, https:\/\/grain-dpixel.fr\/info\/wp-content\/uploads\/2020\/08\/Nathalie-DUCROT-photo-signature-768x525.jpg 768w, https:\/\/grain-dpixel.fr\/info\/wp-content\/uploads\/2020\/08\/Nathalie-DUCROT-photo-signature-1536x1051.jpg 1536w, https:\/\/grain-dpixel.fr\/info\/wp-content\/uploads\/2020\/08\/Nathalie-DUCROT-photo-signature.jpg 2048w\" sizes=\"(max-width: 1024px) 100vw, 1024px\" \/><\/figure><\/div>\n\n\n\n<div class=\"wp-block-image\"><figure class=\"aligncenter size-large\"><img decoding=\"async\" width=\"828\" height=\"315\" src=\"http:\/\/grain-dpixel.fr\/info\/wp-content\/uploads\/2020\/10\/Bandeau-fB-et-site-festival-2020-828-x-315.jpg\" alt=\"\" class=\"wp-image-8542\" srcset=\"https:\/\/grain-dpixel.fr\/info\/wp-content\/uploads\/2020\/10\/Bandeau-fB-et-site-festival-2020-828-x-315.jpg 828w, https:\/\/grain-dpixel.fr\/info\/wp-content\/uploads\/2020\/10\/Bandeau-fB-et-site-festival-2020-828-x-315-300x114.jpg 300w, https:\/\/grain-dpixel.fr\/info\/wp-content\/uploads\/2020\/10\/Bandeau-fB-et-site-festival-2020-828-x-315-768x292.jpg 768w\" sizes=\"(max-width: 828px) 100vw, 828px\" \/><\/figure><\/div>\n","protected":false},"excerpt":{"rendered":"<p>&#8211; Quelques mots pour te pr\u00e9senter : Nathalie Ducrot, Franc Comtoise d\u2019origine, je travaille dans l\u2019entreprise familiale. &#8211; Quand et comment es-tu tomb\u00e9e dans la photo ? Qu\u2019est-ce que cela [&hellip;]<\/p>\n","protected":false},"author":76,"featured_media":8184,"comment_status":"open","ping_status":"open","sticky":false,"template":"","format":"standard","meta":{"_bbp_topic_count":0,"_bbp_reply_count":0,"_bbp_total_topic_count":0,"_bbp_total_reply_count":0,"_bbp_voice_count":0,"_bbp_anonymous_reply_count":0,"_bbp_topic_count_hidden":0,"_bbp_reply_count_hidden":0,"_bbp_forum_subforum_count":0,"_monsterinsights_skip_tracking":false,"_monsterinsights_sitenote_active":false,"_monsterinsights_sitenote_note":"","_monsterinsights_sitenote_category":0,"_jetpack_memberships_contains_paid_content":false,"footnotes":""},"categories":[153],"tags":[],"class_list":["post-8249","post","type-post","status-publish","format-standard","has-post-thumbnail","hentry","category-interviews-2020"],"jetpack_featured_media_url":"https:\/\/grain-dpixel.fr\/info\/wp-content\/uploads\/2020\/08\/Nathalie-DUCROT-photo-signature.jpg","jetpack_sharing_enabled":true,"_links":{"self":[{"href":"https:\/\/grain-dpixel.fr\/info\/wp-json\/wp\/v2\/posts\/8249","targetHints":{"allow":["GET"]}}],"collection":[{"href":"https:\/\/grain-dpixel.fr\/info\/wp-json\/wp\/v2\/posts"}],"about":[{"href":"https:\/\/grain-dpixel.fr\/info\/wp-json\/wp\/v2\/types\/post"}],"author":[{"embeddable":true,"href":"https:\/\/grain-dpixel.fr\/info\/wp-json\/wp\/v2\/users\/76"}],"replies":[{"embeddable":true,"href":"https:\/\/grain-dpixel.fr\/info\/wp-json\/wp\/v2\/comments?post=8249"}],"version-history":[{"count":5,"href":"https:\/\/grain-dpixel.fr\/info\/wp-json\/wp\/v2\/posts\/8249\/revisions"}],"predecessor-version":[{"id":8559,"href":"https:\/\/grain-dpixel.fr\/info\/wp-json\/wp\/v2\/posts\/8249\/revisions\/8559"}],"wp:featuredmedia":[{"embeddable":true,"href":"https:\/\/grain-dpixel.fr\/info\/wp-json\/wp\/v2\/media\/8184"}],"wp:attachment":[{"href":"https:\/\/grain-dpixel.fr\/info\/wp-json\/wp\/v2\/media?parent=8249"}],"wp:term":[{"taxonomy":"category","embeddable":true,"href":"https:\/\/grain-dpixel.fr\/info\/wp-json\/wp\/v2\/categories?post=8249"},{"taxonomy":"post_tag","embeddable":true,"href":"https:\/\/grain-dpixel.fr\/info\/wp-json\/wp\/v2\/tags?post=8249"}],"curies":[{"name":"wp","href":"https:\/\/api.w.org\/{rel}","templated":true}]}}