{"id":8227,"date":"2020-08-31T14:00:00","date_gmt":"2020-08-31T12:00:00","guid":{"rendered":"http:\/\/grain-dpixel.fr\/info\/?p=8227"},"modified":"2021-04-12T20:24:22","modified_gmt":"2021-04-12T18:24:22","slug":"interview-de-dominique-ferveur","status":"publish","type":"post","link":"https:\/\/grain-dpixel.fr\/info\/interview-de-dominique-ferveur\/","title":{"rendered":"Interview de Dominique FERVEUR"},"content":{"rendered":"\n<p><i>&#8211; Quelques mots pour te pr\u00e9senter :<\/i><br>\nJe suis photographe autodidacte, cependant, je pense que la culture photographique est plus importante que la technique. J\u2019ai pu acqu\u00e9rir cette culture en fr\u00e9quentant depuis de nombreuses ann\u00e9es le club Photo-Forum \u00e0 Metz et en participant \u00e0 plusieurs workshops et master-class. Cela m\u2019a permis d\u2019avoir un regard ext\u00e9rieur sur ma pratique et affirmer mes orientations photographiques.<br>\n<i>&#8211; Quand et comment es-tu tomb\u00e9 dans la photo ? Qu\u2019est-ce que cela repr\u00e9sente pour toi ?<\/i><br>\nJe pratique la photographie depuis mon adolescence. Je pense qu\u2019au d\u00e9part ce n\u2019\u00e9tait qu\u2019un moyen de figer le souvenir d\u2019un bel instant ou d\u2019un bel endroit. C\u2019est devenu un moyen de m\u2019exprimer : partager des \u00e9motions, raconter un voyage, mettre en \u00e9vidence certains comportements humains.<br>\n<i>&#8211; Quels sont les sujets qui t\u2019int\u00e9ressent ? qu\u2019est-ce que tu y cherches, y trouves ?<\/i><br>\nD\u2019un naturel tr\u00e8s curieux, j\u2019\u00e9prouve toujours le besoin d\u2019aller voir ce qu\u2019il y a apr\u00e8s le bout du chemin. Mais cette curiosit\u00e9 s\u2019exerce aussi \u00e0 l\u2019encontre de l\u2019autre. J\u2019aime partager mes rencontres faites lors de voyages dans des pays lointains, ou tout pr\u00e8s de chez moi.<br><i>&#8211; Qui sont les photographes qui t\u2019inspirent ou dont tu appr\u00e9cies particuli\u00e8rement le travail ?<\/i><br>\nJ\u2019ai \u00e9t\u00e9 biberonn\u00e9 par les photographes humanistes fran\u00e7ais : Doisneau, Willy Ronis, Cartier-Bresson, Sabine Weiss. Mes pr\u00e9f\u00e9rences vont vers Joseph Koudelka et Robert Frank. J\u2019appr\u00e9cie \u00e9galement des photographes plus contemporains comme Klavidj Sluban, Martin Parr, Michael Wolf, Alec Soth, Antoine d\u2019Agata.<br>\n<i>&#8211; Qu\u2019est-ce que tu pr\u00e9sentes dans ton exposition ?<\/i><br>\nPar cette succession d\u2019attitudes, cette s\u00e9rie est, pour moi, particuli\u00e8rement \u00e9vocatrice de l\u2019ambiance de vieux films en noir et blanc. J\u2019esp\u00e8re que chacun y trouvera une \u00e9motion.<br>\n<i>&#8211; ET pour la suite ? des projets, des envies de d\u00e9couvertes, d\u2019\u00e9volution ?<\/i><br>\nJe pense que mon sujet restera toujours l\u2019humain. L\u2019\u00e9volution se  fera plut\u00f4t dans la forme. Actuellement je m\u2019essaie au st\u00e9nop\u00e9.<br>\n<i>-Lien hypertexte vers le site internet o\u00f9 l\u2019on peut te retrouver : <\/i><br>\n<span style=\"color: blue; font-size: large;\"><u><a href=\"http:\/\/dominiqueferveur.net\" target=\"blank\" rel=\"noopener noreferrer\">dominiqueferveur.net<\/a><\/u><\/span><\/p>\n\n\n\n<div class=\"wp-block-image\"><figure class=\"aligncenter size-large\"><img fetchpriority=\"high\" decoding=\"async\" width=\"1024\" height=\"410\" src=\"http:\/\/grain-dpixel.fr\/info\/wp-content\/uploads\/2020\/08\/Dominique-FERVEUR-photo-signature-1024x410.jpg\" alt=\"\" class=\"wp-image-8165\" srcset=\"https:\/\/grain-dpixel.fr\/info\/wp-content\/uploads\/2020\/08\/Dominique-FERVEUR-photo-signature-1024x410.jpg 1024w, https:\/\/grain-dpixel.fr\/info\/wp-content\/uploads\/2020\/08\/Dominique-FERVEUR-photo-signature-300x120.jpg 300w, https:\/\/grain-dpixel.fr\/info\/wp-content\/uploads\/2020\/08\/Dominique-FERVEUR-photo-signature-768x307.jpg 768w, https:\/\/grain-dpixel.fr\/info\/wp-content\/uploads\/2020\/08\/Dominique-FERVEUR-photo-signature-1536x614.jpg 1536w, https:\/\/grain-dpixel.fr\/info\/wp-content\/uploads\/2020\/08\/Dominique-FERVEUR-photo-signature-1200x480.jpg 1200w, https:\/\/grain-dpixel.fr\/info\/wp-content\/uploads\/2020\/08\/Dominique-FERVEUR-photo-signature.jpg 2048w\" sizes=\"(max-width: 1024px) 100vw, 1024px\" \/><\/figure><\/div>\n\n\n\n<div class=\"wp-block-image\"><figure class=\"aligncenter size-large\"><img decoding=\"async\" width=\"828\" height=\"315\" src=\"http:\/\/grain-dpixel.fr\/info\/wp-content\/uploads\/2020\/10\/Bandeau-fB-et-site-festival-2020-828-x-315.jpg\" alt=\"\" class=\"wp-image-8542\" srcset=\"https:\/\/grain-dpixel.fr\/info\/wp-content\/uploads\/2020\/10\/Bandeau-fB-et-site-festival-2020-828-x-315.jpg 828w, https:\/\/grain-dpixel.fr\/info\/wp-content\/uploads\/2020\/10\/Bandeau-fB-et-site-festival-2020-828-x-315-300x114.jpg 300w, https:\/\/grain-dpixel.fr\/info\/wp-content\/uploads\/2020\/10\/Bandeau-fB-et-site-festival-2020-828-x-315-768x292.jpg 768w\" sizes=\"(max-width: 828px) 100vw, 828px\" \/><\/figure><\/div>\n","protected":false},"excerpt":{"rendered":"<p>&#8211; Quelques mots pour te pr\u00e9senter : Je suis photographe autodidacte, cependant, je pense que la culture photographique est plus importante que la technique. J\u2019ai pu acqu\u00e9rir cette culture en [&hellip;]<\/p>\n","protected":false},"author":76,"featured_media":8165,"comment_status":"open","ping_status":"open","sticky":false,"template":"","format":"standard","meta":{"_bbp_topic_count":0,"_bbp_reply_count":0,"_bbp_total_topic_count":0,"_bbp_total_reply_count":0,"_bbp_voice_count":0,"_bbp_anonymous_reply_count":0,"_bbp_topic_count_hidden":0,"_bbp_reply_count_hidden":0,"_bbp_forum_subforum_count":0,"_monsterinsights_skip_tracking":false,"_monsterinsights_sitenote_active":false,"_monsterinsights_sitenote_note":"","_monsterinsights_sitenote_category":0,"_jetpack_memberships_contains_paid_content":false,"footnotes":""},"categories":[153],"tags":[],"class_list":["post-8227","post","type-post","status-publish","format-standard","has-post-thumbnail","hentry","category-interviews-2020"],"jetpack_featured_media_url":"https:\/\/grain-dpixel.fr\/info\/wp-content\/uploads\/2020\/08\/Dominique-FERVEUR-photo-signature.jpg","jetpack_sharing_enabled":true,"_links":{"self":[{"href":"https:\/\/grain-dpixel.fr\/info\/wp-json\/wp\/v2\/posts\/8227","targetHints":{"allow":["GET"]}}],"collection":[{"href":"https:\/\/grain-dpixel.fr\/info\/wp-json\/wp\/v2\/posts"}],"about":[{"href":"https:\/\/grain-dpixel.fr\/info\/wp-json\/wp\/v2\/types\/post"}],"author":[{"embeddable":true,"href":"https:\/\/grain-dpixel.fr\/info\/wp-json\/wp\/v2\/users\/76"}],"replies":[{"embeddable":true,"href":"https:\/\/grain-dpixel.fr\/info\/wp-json\/wp\/v2\/comments?post=8227"}],"version-history":[{"count":5,"href":"https:\/\/grain-dpixel.fr\/info\/wp-json\/wp\/v2\/posts\/8227\/revisions"}],"predecessor-version":[{"id":8545,"href":"https:\/\/grain-dpixel.fr\/info\/wp-json\/wp\/v2\/posts\/8227\/revisions\/8545"}],"wp:featuredmedia":[{"embeddable":true,"href":"https:\/\/grain-dpixel.fr\/info\/wp-json\/wp\/v2\/media\/8165"}],"wp:attachment":[{"href":"https:\/\/grain-dpixel.fr\/info\/wp-json\/wp\/v2\/media?parent=8227"}],"wp:term":[{"taxonomy":"category","embeddable":true,"href":"https:\/\/grain-dpixel.fr\/info\/wp-json\/wp\/v2\/categories?post=8227"},{"taxonomy":"post_tag","embeddable":true,"href":"https:\/\/grain-dpixel.fr\/info\/wp-json\/wp\/v2\/tags?post=8227"}],"curies":[{"name":"wp","href":"https:\/\/api.w.org\/{rel}","templated":true}]}}