{"id":8226,"date":"2020-08-30T18:15:00","date_gmt":"2020-08-30T16:15:00","guid":{"rendered":"http:\/\/grain-dpixel.fr\/info\/?p=8226"},"modified":"2021-04-12T20:24:36","modified_gmt":"2021-04-12T18:24:36","slug":"interview-de-daniel-visse","status":"publish","type":"post","link":"https:\/\/grain-dpixel.fr\/info\/interview-de-daniel-visse\/","title":{"rendered":"Interview de Daniel VISSE"},"content":{"rendered":"\n<p><i>-Quelques mots pour te pr\u00e9senter :<\/i><br>\nJe suis spinalien, 57 ans, photographe amateur.<br><\/p>\n\n\n\n<p><i>&#8211;  Quand et comment es-tu tomb\u00e9 dans la photo ? Qu\u2019est-ce que cela repr\u00e9sente pour toi ?<\/i><br>\nJe ne suis pas tomb\u00e9 dans la photo tout petit comme tout le monde, j\u2019ai attendu de grandir\u2026de pouvoir m\u2019acheter mon mat\u00e9riel, ce n\u2019est pas mon p\u00e8re sur le bord d\u2019un ruisseau qui m\u2019a initi\u00e9 \u00e0 la photo, je suis autodidacte, je prends mon temps pour apprendre, alors le plaisir est d\u00e9cupl\u00e9, je profite de l\u2019instant, je fais durer\u2026 figer des instants de vie est comme arr\u00eater le temps, nous avons cette puissance\u2026 fixer les choses, la vie, les mouvements\u2026 pour la m\u00e9moire, pour le souvenir \u2026 sur une simple feuille de papier.<br><\/p>\n\n\n\n<p><i>&#8211; Quels sont les sujets qui t\u2019int\u00e9ressent ? Qu\u2019est-ce que tu y cherches, y trouves ?<\/i><br>\nJ\u2019aime la vie, pass\u00e9e, pr\u00e9sente. Je peux passer de la photographie animali\u00e8re aux paysages, ou \u00e0 la recherche du temps qui s\u2019est arr\u00eat\u00e9 dans des lieux \u00e0 l\u2019\u00e9tat d\u2019abandon. J\u2019aime beaucoup ces lieux qui ont v\u00e9cu, o\u00f9 les hommes ont laiss\u00e9 des traces de leur histoire. Les portes ont \u00e9t\u00e9 longtemps ferm\u00e9es, aujourd\u2019hui elles se sont ouvertes et nous laissent entrevoir une partie de la vie d\u2019antan, le silence s\u2019y est install\u00e9, la nature y a repris ses droits et la photographie en r\u00e9v\u00e8le les beaut\u00e9s.<br><\/p>\n\n\n\n<p><i>-Qui sont les photographes qui t\u2019inspirent ou dont tu appr\u00e9cies particuli\u00e8rement le travail ?<\/i><br>\nIl y en a trop, j\u2019aurais peur d\u2019en oublier\u2026<br><\/p>\n\n\n\n<p><i>&#8211; Qu\u2019est-ce que tu pr\u00e9sentes dans ton exposition ?<\/i><br>\nCes lieux qui ne vivent plus, qui ont v\u00e9cu, que l\u2019homme a abandonn\u00e9s. Ces lieux o\u00f9 la nature reprend sa place sur la main de l\u2019homme comme si elle voulait effacer ses constructions qu\u2019elle n\u2019a pas demand\u00e9 \u00e0 voir. Ses filaments de vie v\u00e9g\u00e9tale que sont ces branches verdoyantes essayant d\u2019effacer la main de l\u2019homme\u2026<br><\/p>\n\n\n\n<p><i>&#8211; ET pour la suite ? Des projets, des envies de d\u00e9couvertes, d\u2019\u00e9volution ?<\/i><br>\nCr\u00e9ation d\u2019un festival photographique dans la ville mondialement connue pour ses images : \u00c9pinal. \u00ab Fen\u00eatres sur Cours \u00bb <br><\/p>\n\n\n\n<p><i>-Lien hypertexte vers le site internet o\u00f9 l\u2019on peut te retrouver :<\/i><br>\n<span style=\"color: blue; font-size: large;\"><u><a href=\"https:\/\/grandangleepinal.fr\/\" target=\"blank\" rel=\"noopener noreferrer\">grandangleepinal.fr <\/a><\/u><\/span><u><a href=\"https:\/\/www.facebook.com\/Daniel.Visse88\/\" target=\"blank\" rel=\"noopener noreferrer\">facebook<\/a><\/u> &amp; \n<span><u><a href=\"https:\/\/danielvisse.wixsite.com\/monsite\" target=\"blank\" rel=\"noopener noreferrer\">danielvisse.wixsite.com<\/a><\/u><\/span><\/p>\n\n\n\n<div class=\"wp-block-image\"><figure class=\"aligncenter size-large\"><img fetchpriority=\"high\" decoding=\"async\" width=\"683\" height=\"1024\" src=\"http:\/\/grain-dpixel.fr\/info\/wp-content\/uploads\/2020\/08\/Daniel-VISSE-photo-signature-683x1024.jpg\" alt=\"\" class=\"wp-image-8164\" srcset=\"https:\/\/grain-dpixel.fr\/info\/wp-content\/uploads\/2020\/08\/Daniel-VISSE-photo-signature-683x1024.jpg 683w, https:\/\/grain-dpixel.fr\/info\/wp-content\/uploads\/2020\/08\/Daniel-VISSE-photo-signature-200x300.jpg 200w, https:\/\/grain-dpixel.fr\/info\/wp-content\/uploads\/2020\/08\/Daniel-VISSE-photo-signature-768x1152.jpg 768w, https:\/\/grain-dpixel.fr\/info\/wp-content\/uploads\/2020\/08\/Daniel-VISSE-photo-signature-1024x1536.jpg 1024w, https:\/\/grain-dpixel.fr\/info\/wp-content\/uploads\/2020\/08\/Daniel-VISSE-photo-signature.jpg 1365w\" sizes=\"(max-width: 683px) 100vw, 683px\" \/><\/figure><\/div>\n\n\n\n<div class=\"wp-block-image\"><figure class=\"aligncenter size-large\"><img decoding=\"async\" width=\"828\" height=\"315\" src=\"http:\/\/grain-dpixel.fr\/info\/wp-content\/uploads\/2020\/10\/Bandeau-fB-et-site-festival-2020-828-x-315.jpg\" alt=\"\" class=\"wp-image-8542\" srcset=\"https:\/\/grain-dpixel.fr\/info\/wp-content\/uploads\/2020\/10\/Bandeau-fB-et-site-festival-2020-828-x-315.jpg 828w, https:\/\/grain-dpixel.fr\/info\/wp-content\/uploads\/2020\/10\/Bandeau-fB-et-site-festival-2020-828-x-315-300x114.jpg 300w, https:\/\/grain-dpixel.fr\/info\/wp-content\/uploads\/2020\/10\/Bandeau-fB-et-site-festival-2020-828-x-315-768x292.jpg 768w\" sizes=\"(max-width: 828px) 100vw, 828px\" \/><\/figure><\/div>\n","protected":false},"excerpt":{"rendered":"<p>-Quelques mots pour te pr\u00e9senter : Je suis spinalien, 57 ans, photographe amateur. &#8211; Quand et comment es-tu tomb\u00e9 dans la photo ? Qu\u2019est-ce que cela repr\u00e9sente pour toi ? [&hellip;]<\/p>\n","protected":false},"author":76,"featured_media":8164,"comment_status":"open","ping_status":"open","sticky":false,"template":"","format":"standard","meta":{"_bbp_topic_count":0,"_bbp_reply_count":0,"_bbp_total_topic_count":0,"_bbp_total_reply_count":0,"_bbp_voice_count":0,"_bbp_anonymous_reply_count":0,"_bbp_topic_count_hidden":0,"_bbp_reply_count_hidden":0,"_bbp_forum_subforum_count":0,"_monsterinsights_skip_tracking":false,"_monsterinsights_sitenote_active":false,"_monsterinsights_sitenote_note":"","_monsterinsights_sitenote_category":0,"_jetpack_memberships_contains_paid_content":false,"footnotes":""},"categories":[153],"tags":[],"class_list":["post-8226","post","type-post","status-publish","format-standard","has-post-thumbnail","hentry","category-interviews-2020"],"jetpack_featured_media_url":"https:\/\/grain-dpixel.fr\/info\/wp-content\/uploads\/2020\/08\/Daniel-VISSE-photo-signature.jpg","jetpack_sharing_enabled":true,"_links":{"self":[{"href":"https:\/\/grain-dpixel.fr\/info\/wp-json\/wp\/v2\/posts\/8226","targetHints":{"allow":["GET"]}}],"collection":[{"href":"https:\/\/grain-dpixel.fr\/info\/wp-json\/wp\/v2\/posts"}],"about":[{"href":"https:\/\/grain-dpixel.fr\/info\/wp-json\/wp\/v2\/types\/post"}],"author":[{"embeddable":true,"href":"https:\/\/grain-dpixel.fr\/info\/wp-json\/wp\/v2\/users\/76"}],"replies":[{"embeddable":true,"href":"https:\/\/grain-dpixel.fr\/info\/wp-json\/wp\/v2\/comments?post=8226"}],"version-history":[{"count":10,"href":"https:\/\/grain-dpixel.fr\/info\/wp-json\/wp\/v2\/posts\/8226\/revisions"}],"predecessor-version":[{"id":8544,"href":"https:\/\/grain-dpixel.fr\/info\/wp-json\/wp\/v2\/posts\/8226\/revisions\/8544"}],"wp:featuredmedia":[{"embeddable":true,"href":"https:\/\/grain-dpixel.fr\/info\/wp-json\/wp\/v2\/media\/8164"}],"wp:attachment":[{"href":"https:\/\/grain-dpixel.fr\/info\/wp-json\/wp\/v2\/media?parent=8226"}],"wp:term":[{"taxonomy":"category","embeddable":true,"href":"https:\/\/grain-dpixel.fr\/info\/wp-json\/wp\/v2\/categories?post=8226"},{"taxonomy":"post_tag","embeddable":true,"href":"https:\/\/grain-dpixel.fr\/info\/wp-json\/wp\/v2\/tags?post=8226"}],"curies":[{"name":"wp","href":"https:\/\/api.w.org\/{rel}","templated":true}]}}