{"id":8225,"date":"2020-09-02T14:00:00","date_gmt":"2020-09-02T12:00:00","guid":{"rendered":"http:\/\/grain-dpixel.fr\/info\/?p=8225"},"modified":"2021-04-12T20:23:42","modified_gmt":"2021-04-12T18:23:42","slug":"interview-de-mara-de-sario","status":"publish","type":"post","link":"https:\/\/grain-dpixel.fr\/info\/interview-de-mara-de-sario\/","title":{"rendered":"Interview de Mara De SARIO"},"content":{"rendered":"\n<p><i>-Quelques mots pour te pr\u00e9senter :<\/i><br>\nJe suis photographe depuis le plus loin que je me souvienne, j\u2019ai commenc\u00e9 tr\u00e8s t\u00f4t et passionn\u00e9ment. Laborantine aussi (argentique et num\u00e9rique). J\u2019aime les papiers, les livres\u2026 J\u2019aime la photographie sensible et troublante. J\u2019aime la musique aussi et les animaux en pleine nature mais \u00e7a n\u2019a pas grand-chose \u00e0 voir &#8230;<br><\/p>\n\n\n\n<p><i>-Quand et comment es-tu tomb\u00e9e dans la photo ? Qu\u2019est-ce que cela repr\u00e9sente pour toi ?<\/i><br>\nJ\u2019ai commenc\u00e9 tr\u00e8s t\u00f4t avec mon papa dans le labo argentique \u00e0 la maison. Puis j\u2019ai pris des cours du soir pendant mon adolescence et j\u2019ai continu\u00e9 mon parcours dans une \u00e9cole artistique, un choix \u2026 discutable &#8230;\nQu\u2019est-ce que la photo repr\u00e9sente&#8230; une grande partie de ma vie sans nul doute ! <br><\/p>\n\n\n\n<p><i>-Quels sont les sujets qui t\u2019int\u00e9ressent ? qu\u2019est-ce que tu y cherches, y trouves ?<\/i><br>\nJe m\u2019int\u00e9resse avant tout \u00e0 l\u2019humain et \u00e0 son rapport au monde. Je travaille \u00e9norm\u00e9ment dans le culturel mais quand je travaille pour moi, comme avec Les filles sages, je cherche plut\u00f4t l\u2019intimit\u00e9, la douceur et la po\u00e9sie. Parfois un peu de noirceur&#8230; Parce que le monde n\u2019est pas en paillette !<br><\/p>\n\n\n\n<p><i>-Qui sont les photographes qui t\u2019inspirent ou dont tu appr\u00e9cies particuli\u00e8rement le travail ?<\/i><br>\nY en a mille au moins ! Pour ne citer qu\u2019eux .. Penti Sammallahti, Depardon \u00e0 l\u2019\u00e9poque d\u2019Errance et de Notes. Paolo Pellegrin, Harry Gruyaert, Giacomelli, Bill Brandt .. Izis parfois, Salagado tr\u00e8s souvent, Sally Mann, Fran\u00e7oise Huguier, Chema Madoz, &#8230;<br><\/p>\n\n\n\n<p><i>-Qu\u2019est-ce que tu pr\u00e9sentes dans ton exposition ?<\/i><br>\nLes filles sages.<br>\nElles ont 15 ans. Un peu plus, un peu moins.<br>\nElles sont les plus belles ambassadrices d\u2019elles-m\u00eames, comme l\u2019expression la plus pure de ce qu\u2019elles seront plus tard.<br>\nElles r\u00eavent, elles s\u2019envolent, elles se brisent.<br>\nElles sont belles et fugaces comme la lumi\u00e8re \u00e0 travers les bois.<br>\nCe travail est un reportage somme toute subjectif sur et autour de l\u2019adolescence et son imaginaire, de la m\u00e9moire de mon enfance et de ce qu\u2019il en reste \u2026 Je vois la photographie comme un langage universel qui tisse du lien entre le vu et l\u2019imaginaire. Cette ambivalence est, j\u2019esp\u00e8re, pr\u00e9sente dans cette s\u00e9rie \u2026<br><\/p>\n\n\n\n<p><i>&#8211; Et pour la suite ? Des projets, des envies de d\u00e9couvertes, d\u2019\u00e9volution ?<\/i><br>\nContinuer \u00e0 exposer, le plus possible et travailler sur ma nouvelle s\u00e9rie \u00ab Alice \u00bb. <br>\nTrouver des partenaires pour exposer un projet que j\u2019ai men\u00e9 avec les d\u00e9tenus de la Prison de Mons \u00ab Murs Murs \u00bb (\u00e0 voir sur mon site).\nRestaurer des plaques en verre de 1914-1920.<br>\nEt mener mille projets en m\u00eame temps (photo-musique-festival), comme d\u2019habitude \ud83d\ude09 <br><\/p>\n\n\n\n<p><i>-Lien hypertexte vers le site internet o\u00f9 l\u2019on peut te retrouver : <\/i><br>\n <span style=\"color: blue; font-size: large;\"><u><a href=\"www.maradesario.com\" target=\"blank\" rel=\"noopener noreferrer\">maradesario.com<\/a><\/u><\/span><\/p>\n\n\n\n<div class=\"wp-block-image\"><figure class=\"aligncenter size-large\"><img fetchpriority=\"high\" decoding=\"async\" width=\"1024\" height=\"717\" src=\"http:\/\/grain-dpixel.fr\/info\/wp-content\/uploads\/2020\/08\/Mara-DE-SARIO-photo-signature-1024x717.jpg\" alt=\"\" class=\"wp-image-8178\" srcset=\"https:\/\/grain-dpixel.fr\/info\/wp-content\/uploads\/2020\/08\/Mara-DE-SARIO-photo-signature-1024x717.jpg 1024w, https:\/\/grain-dpixel.fr\/info\/wp-content\/uploads\/2020\/08\/Mara-DE-SARIO-photo-signature-300x210.jpg 300w, https:\/\/grain-dpixel.fr\/info\/wp-content\/uploads\/2020\/08\/Mara-DE-SARIO-photo-signature-768x538.jpg 768w, https:\/\/grain-dpixel.fr\/info\/wp-content\/uploads\/2020\/08\/Mara-DE-SARIO-photo-signature-1536x1076.jpg 1536w, https:\/\/grain-dpixel.fr\/info\/wp-content\/uploads\/2020\/08\/Mara-DE-SARIO-photo-signature.jpg 2048w\" sizes=\"(max-width: 1024px) 100vw, 1024px\" \/><figcaption>\u00a9 Mara De Sario<\/figcaption><\/figure><\/div>\n\n\n\n<div class=\"wp-block-image\"><figure class=\"aligncenter size-large\"><img decoding=\"async\" width=\"828\" height=\"315\" src=\"http:\/\/grain-dpixel.fr\/info\/wp-content\/uploads\/2020\/10\/Bandeau-fB-et-site-festival-2020-828-x-315.jpg\" alt=\"\" class=\"wp-image-8542\" srcset=\"https:\/\/grain-dpixel.fr\/info\/wp-content\/uploads\/2020\/10\/Bandeau-fB-et-site-festival-2020-828-x-315.jpg 828w, https:\/\/grain-dpixel.fr\/info\/wp-content\/uploads\/2020\/10\/Bandeau-fB-et-site-festival-2020-828-x-315-300x114.jpg 300w, https:\/\/grain-dpixel.fr\/info\/wp-content\/uploads\/2020\/10\/Bandeau-fB-et-site-festival-2020-828-x-315-768x292.jpg 768w\" sizes=\"(max-width: 828px) 100vw, 828px\" \/><\/figure><\/div>\n","protected":false},"excerpt":{"rendered":"<p>-Quelques mots pour te pr\u00e9senter : Je suis photographe depuis le plus loin que je me souvienne, j\u2019ai commenc\u00e9 tr\u00e8s t\u00f4t et passionn\u00e9ment. Laborantine aussi (argentique et num\u00e9rique). J\u2019aime les [&hellip;]<\/p>\n","protected":false},"author":76,"featured_media":8178,"comment_status":"open","ping_status":"open","sticky":false,"template":"","format":"standard","meta":{"_bbp_topic_count":0,"_bbp_reply_count":0,"_bbp_total_topic_count":0,"_bbp_total_reply_count":0,"_bbp_voice_count":0,"_bbp_anonymous_reply_count":0,"_bbp_topic_count_hidden":0,"_bbp_reply_count_hidden":0,"_bbp_forum_subforum_count":0,"_monsterinsights_skip_tracking":false,"_monsterinsights_sitenote_active":false,"_monsterinsights_sitenote_note":"","_monsterinsights_sitenote_category":0,"_jetpack_memberships_contains_paid_content":false,"footnotes":""},"categories":[153],"tags":[],"class_list":["post-8225","post","type-post","status-publish","format-standard","has-post-thumbnail","hentry","category-interviews-2020"],"jetpack_featured_media_url":"https:\/\/grain-dpixel.fr\/info\/wp-content\/uploads\/2020\/08\/Mara-DE-SARIO-photo-signature.jpg","jetpack_sharing_enabled":true,"_links":{"self":[{"href":"https:\/\/grain-dpixel.fr\/info\/wp-json\/wp\/v2\/posts\/8225","targetHints":{"allow":["GET"]}}],"collection":[{"href":"https:\/\/grain-dpixel.fr\/info\/wp-json\/wp\/v2\/posts"}],"about":[{"href":"https:\/\/grain-dpixel.fr\/info\/wp-json\/wp\/v2\/types\/post"}],"author":[{"embeddable":true,"href":"https:\/\/grain-dpixel.fr\/info\/wp-json\/wp\/v2\/users\/76"}],"replies":[{"embeddable":true,"href":"https:\/\/grain-dpixel.fr\/info\/wp-json\/wp\/v2\/comments?post=8225"}],"version-history":[{"count":6,"href":"https:\/\/grain-dpixel.fr\/info\/wp-json\/wp\/v2\/posts\/8225\/revisions"}],"predecessor-version":[{"id":8547,"href":"https:\/\/grain-dpixel.fr\/info\/wp-json\/wp\/v2\/posts\/8225\/revisions\/8547"}],"wp:featuredmedia":[{"embeddable":true,"href":"https:\/\/grain-dpixel.fr\/info\/wp-json\/wp\/v2\/media\/8178"}],"wp:attachment":[{"href":"https:\/\/grain-dpixel.fr\/info\/wp-json\/wp\/v2\/media?parent=8225"}],"wp:term":[{"taxonomy":"category","embeddable":true,"href":"https:\/\/grain-dpixel.fr\/info\/wp-json\/wp\/v2\/categories?post=8225"},{"taxonomy":"post_tag","embeddable":true,"href":"https:\/\/grain-dpixel.fr\/info\/wp-json\/wp\/v2\/tags?post=8225"}],"curies":[{"name":"wp","href":"https:\/\/api.w.org\/{rel}","templated":true}]}}