{"id":8224,"date":"2020-09-01T14:00:00","date_gmt":"2020-09-01T12:00:00","guid":{"rendered":"http:\/\/grain-dpixel.fr\/info\/?p=8224"},"modified":"2021-04-12T20:23:56","modified_gmt":"2021-04-12T18:23:56","slug":"interview-de-fabienne-mondie","status":"publish","type":"post","link":"https:\/\/grain-dpixel.fr\/info\/interview-de-fabienne-mondie\/","title":{"rendered":"Interview de Fabienne MONDI\u00c9"},"content":{"rendered":"\n<p><i>&#8211; Quelques mots pour te pr\u00e9senter :<\/i><br>\nJe suis m\u00e9decin gyn\u00e9cologue, mais mon activit\u00e9 professionnelle est termin\u00e9e. Maintenant je suis photographe, \u00e0 plein temps.<br><\/p>\n\n\n\n<p><i>&#8211; Quand et comment es-tu tomb\u00e9 dans la photo ? Qu\u2019est-ce que cela repr\u00e9sente pour toi ?<\/i><br>\nJ\u2019ai commenc\u00e9 la photo \u00e0 11 ans, avec un Instamatic 50. Je n\u2019ai re\u00e7u avec que 2 pellicules 12 poses, qui ont \u00e9t\u00e9 vite termin\u00e9es\u2026 ; mais j\u2019ai continu\u00e9, inlassablement et sans pellicule, \u00e0 regarder le monde \u00e0 travers le petit viseur, et je crois que \u00e7a m\u2019a donn\u00e9 une certaine fa\u00e7on de voir et les gens et le monde.<br> \nLa photo est essentielle pour moi, c\u2019est mon moyen d\u2019expression. Mon appareil photo est mon complice de tous les instants, mon plus fid\u00e8le compagnon.<br><\/p>\n\n\n\n<p><i>&#8211; Quels sont les sujets qui t\u2019int\u00e9ressent ? qu\u2019est-ce que tu y cherches, y trouves ?<\/i><br>\nJ\u2019ai toujours aim\u00e9 la nature et j\u2019ai beaucoup pratiqu\u00e9 la photo de nature et animali\u00e8re (surtout les oiseaux). Puis je me suis tourn\u00e9e vers l\u2019architecture, le graphisme, et la photo de rue. Je consid\u00e8re toute photographie comme un t\u00e9moignage, soit du r\u00e9el, soit du ressenti du photographe.<br><\/p>\n\n\n\n<p><i>&#8211; Qui sont les photographes qui t\u2019inspirent ou dont tu appr\u00e9cies particuli\u00e8rement le travail ?<\/i><br>\n Les photographes qui m\u2019inspirent et dont j\u2019admire le travail sont nombreux, mais   j\u2019aimerais bien ne citer que quelques femmes : Vivian Maier, Annie Leibowitz, Sally Man, Sabine Weiss, Jane Atwood. L\u2019art de la composition et le travail de la lumi\u00e8re des peintres m\u2019inspire \u00e9galement beaucoup.<br><\/p>\n\n\n\n<p><i>&#8211; Qu\u2019est-ce que tu pr\u00e9sentes dans ton exposition ?<\/i><br>\nJe pr\u00e9sente dans mon exposition l\u2019histoire d\u2019un homme, qui rentre chez lui, par une froide journ\u00e9e de janvier, en Auvergne. Avec lui, je veux parler de tous ceux qui travaillent, dont la vie est parfois dure, qui font courageusement ce qu\u2019ils ont \u00e0 faire, humblement, jour apr\u00e8s jour, et qui ne sont jamais dans le feu des projecteurs.<br>\nEt pour la suite ? Des projets, des envies de d\u00e9couvertes, d\u2019\u00e9volution ?<br>\nJ\u2019ai d\u00e9couvert assez r\u00e9cemment la s\u00e9rie photographique, ses contraintes, ce qu\u2019elle permet de montrer, de raconter, le travail d\u2019homog\u00e9n\u00e9it\u00e9 qu\u2019elle n\u00e9cessite et sans tomber jamais dans la r\u00e9p\u00e9tition. J\u2019ai envie de d\u00e9velopper ce c\u00f4t\u00e9-l\u00e0 de mon travail photographique. J\u2019ai aussi d\u00e9couvert avec les expositions, le plaisir du partage, et j\u2019esp\u00e8re que d\u2019autres occasions me seront donn\u00e9es pour de nouvelles rencontres.<br><\/p>\n\n\n\n<p><i>-Lien hypertexte vers le site internet o\u00f9 l\u2019on peut te retrouver :<\/i><br>\n<span style=\"color: blue; font-size: large;\"><u><a href=\"https:\/\/fabiennemondie.wixsite.com\/photo\" target=\"blank\" rel=\"noopener noreferrer\">fabiennemondie.wixsite.com<\/a><\/u><\/span><\/p>\n\n\n\n<div class=\"wp-block-image\"><figure class=\"aligncenter size-large\"><img fetchpriority=\"high\" decoding=\"async\" width=\"1024\" height=\"683\" src=\"http:\/\/grain-dpixel.fr\/info\/wp-content\/uploads\/2020\/08\/Fabienne-MONDIE-photo-signature-1024x683.jpg\" alt=\"\" class=\"wp-image-8170\" srcset=\"https:\/\/grain-dpixel.fr\/info\/wp-content\/uploads\/2020\/08\/Fabienne-MONDIE-photo-signature-1024x683.jpg 1024w, https:\/\/grain-dpixel.fr\/info\/wp-content\/uploads\/2020\/08\/Fabienne-MONDIE-photo-signature-300x200.jpg 300w, https:\/\/grain-dpixel.fr\/info\/wp-content\/uploads\/2020\/08\/Fabienne-MONDIE-photo-signature-768x512.jpg 768w, https:\/\/grain-dpixel.fr\/info\/wp-content\/uploads\/2020\/08\/Fabienne-MONDIE-photo-signature.jpg 1500w\" sizes=\"(max-width: 1024px) 100vw, 1024px\" \/><\/figure><\/div>\n\n\n\n<div class=\"wp-block-image\"><figure class=\"aligncenter size-large\"><img decoding=\"async\" width=\"828\" height=\"315\" src=\"http:\/\/grain-dpixel.fr\/info\/wp-content\/uploads\/2020\/10\/Bandeau-fB-et-site-festival-2020-828-x-315.jpg\" alt=\"\" class=\"wp-image-8542\" srcset=\"https:\/\/grain-dpixel.fr\/info\/wp-content\/uploads\/2020\/10\/Bandeau-fB-et-site-festival-2020-828-x-315.jpg 828w, https:\/\/grain-dpixel.fr\/info\/wp-content\/uploads\/2020\/10\/Bandeau-fB-et-site-festival-2020-828-x-315-300x114.jpg 300w, https:\/\/grain-dpixel.fr\/info\/wp-content\/uploads\/2020\/10\/Bandeau-fB-et-site-festival-2020-828-x-315-768x292.jpg 768w\" sizes=\"(max-width: 828px) 100vw, 828px\" \/><\/figure><\/div>\n","protected":false},"excerpt":{"rendered":"<p>&#8211; Quelques mots pour te pr\u00e9senter : Je suis m\u00e9decin gyn\u00e9cologue, mais mon activit\u00e9 professionnelle est termin\u00e9e. Maintenant je suis photographe, \u00e0 plein temps. &#8211; Quand et comment es-tu tomb\u00e9 [&hellip;]<\/p>\n","protected":false},"author":76,"featured_media":8170,"comment_status":"open","ping_status":"open","sticky":false,"template":"","format":"standard","meta":{"_bbp_topic_count":0,"_bbp_reply_count":0,"_bbp_total_topic_count":0,"_bbp_total_reply_count":0,"_bbp_voice_count":0,"_bbp_anonymous_reply_count":0,"_bbp_topic_count_hidden":0,"_bbp_reply_count_hidden":0,"_bbp_forum_subforum_count":0,"_monsterinsights_skip_tracking":false,"_monsterinsights_sitenote_active":false,"_monsterinsights_sitenote_note":"","_monsterinsights_sitenote_category":0,"_jetpack_memberships_contains_paid_content":false,"footnotes":""},"categories":[153],"tags":[],"class_list":["post-8224","post","type-post","status-publish","format-standard","has-post-thumbnail","hentry","category-interviews-2020"],"jetpack_featured_media_url":"https:\/\/grain-dpixel.fr\/info\/wp-content\/uploads\/2020\/08\/Fabienne-MONDIE-photo-signature.jpg","jetpack_sharing_enabled":true,"_links":{"self":[{"href":"https:\/\/grain-dpixel.fr\/info\/wp-json\/wp\/v2\/posts\/8224","targetHints":{"allow":["GET"]}}],"collection":[{"href":"https:\/\/grain-dpixel.fr\/info\/wp-json\/wp\/v2\/posts"}],"about":[{"href":"https:\/\/grain-dpixel.fr\/info\/wp-json\/wp\/v2\/types\/post"}],"author":[{"embeddable":true,"href":"https:\/\/grain-dpixel.fr\/info\/wp-json\/wp\/v2\/users\/76"}],"replies":[{"embeddable":true,"href":"https:\/\/grain-dpixel.fr\/info\/wp-json\/wp\/v2\/comments?post=8224"}],"version-history":[{"count":6,"href":"https:\/\/grain-dpixel.fr\/info\/wp-json\/wp\/v2\/posts\/8224\/revisions"}],"predecessor-version":[{"id":8546,"href":"https:\/\/grain-dpixel.fr\/info\/wp-json\/wp\/v2\/posts\/8224\/revisions\/8546"}],"wp:featuredmedia":[{"embeddable":true,"href":"https:\/\/grain-dpixel.fr\/info\/wp-json\/wp\/v2\/media\/8170"}],"wp:attachment":[{"href":"https:\/\/grain-dpixel.fr\/info\/wp-json\/wp\/v2\/media?parent=8224"}],"wp:term":[{"taxonomy":"category","embeddable":true,"href":"https:\/\/grain-dpixel.fr\/info\/wp-json\/wp\/v2\/categories?post=8224"},{"taxonomy":"post_tag","embeddable":true,"href":"https:\/\/grain-dpixel.fr\/info\/wp-json\/wp\/v2\/tags?post=8224"}],"curies":[{"name":"wp","href":"https:\/\/api.w.org\/{rel}","templated":true}]}}