{"id":8218,"date":"2020-08-28T09:07:00","date_gmt":"2020-08-28T07:07:00","guid":{"rendered":"http:\/\/grain-dpixel.fr\/info\/?p=8218"},"modified":"2021-04-12T20:25:13","modified_gmt":"2021-04-12T18:25:13","slug":"interview-de-jean-christophe-polien","status":"publish","type":"post","link":"https:\/\/grain-dpixel.fr\/info\/interview-de-jean-christophe-polien\/","title":{"rendered":"Interview de Jean-Christophe POLIEN"},"content":{"rendered":"\n<p><i>&#8211; Quelques mots pour te pr\u00e9senter\u202f:<\/i><br> \nPhotographe autodidacte originaire de Haute-Sa\u00f4ne. Les \u00ab\u202fann\u00e9es fac\u202f\u00bb (ou je ne faisais pas partie de l\u2019auditoire le plus assidu) pass\u00e9es \u00e0 Besan\u00e7on seconde partie des ann\u00e9es 80. Puis Paris ou j\u2019y ai v\u00e9cu et travailler durant 27 ans, avant le retour aux sources.<br><\/p> \n\n<p><i>&#8211; Quand et comment es-tu tomb\u00e9 dans la photo\u202f? Qu\u2019est-ce que cela repr\u00e9sente pour toi\u202f?<\/i><br>\nLe plus grand des hasards a fait que je suis devenu photographe professionnel. Des photos de vacances, un coucher de soleil en Vend\u00e9e et le portrait de ma petite amie de l\u2019\u00e9poque (je devais avoir 16 ans) ont fait inconsciemment basculer mon parcours de vie.<br><\/p>  \n\n<p><i>&#8211; Quels sont les sujets qui t\u2019int\u00e9ressent\u202f? Qu\u2019est-ce que tu y cherches, y trouves\u202f?<\/i><br>\nMe consid\u00e9rant comme \u00ab\u202fportraitiste\u202f\u00bb, de ce fait c\u2019est photographier l\u2019humain qui m\u2019int\u00e9resse principalement,  qu\u2019il soit personnage public ou quidam.<br><\/p> \n\n<p><i>&#8211; Qui sont les photographes qui t\u2019inspirent\u202fou dont tu appr\u00e9cies particuli\u00e8rement le travail\u202f?<\/i><br> \nLes coloristes comme William Eggleston ou Joel Meyerowitz, les productions des ann\u00e9es 70, le photographe \u00e9tiquet\u00e9 \u00ab\u202frock\u202f\u00bb Anton Corbijn, le \u00ab\u202fkitsch\u202f\u00bb de l\u2019univers de Martin Parr.<br><\/p>  \n\n<p><i>&#8211; Qu\u2019est-ce que tu pr\u00e9sentes dans ton exposition ?<\/i><br> \nUne repr\u00e9sentation partielle de ma fa\u00e7on de me confronter avec une \/ une inconnu(e) par le prise d\u2019un appareil, et d\u2019en restituer une vision qui sera forc\u00e9ment fausse de la personne, mais telle que je l\u2019aurai per\u00e7ue dans l\u2019instant.<br><\/p> \n\n<p><i>&#8211; Et pour la suite\u202f? Des projets, des envies de d\u00e9couvertes, d\u2019\u00e9volution ?<\/i><br>\n\u00ab\u202fSufficit cuique diei malitia sun\u202f\u00bb (A chaque jour suffit sa peine).<br><\/p>\n\n<p><i>&#8211; Lien hypertexte vers le site internet o\u00f9 l\u2019on peut te retrouver :<\/i><br>\n<span style=\"color: blue; font-size: large;\"><u><a href=\"https:\/\/jcpolien.format.com\" target=\"blank\" rel=\"noopener noreferrer\">jcpolien.format.com<\/a><\/u><\/span><\/p>\n\n\n\n<figure class=\"wp-block-image size-large\"><img fetchpriority=\"high\" decoding=\"async\" width=\"1024\" height=\"1024\" src=\"http:\/\/grain-dpixel.fr\/info\/wp-content\/uploads\/2020\/07\/Marjorie-IMG_0023-photo-JC-POLIEN-copy-1024-1024x1024.jpg\" alt=\"\" class=\"wp-image-8065\" srcset=\"https:\/\/grain-dpixel.fr\/info\/wp-content\/uploads\/2020\/07\/Marjorie-IMG_0023-photo-JC-POLIEN-copy-1024.jpg 1024w, https:\/\/grain-dpixel.fr\/info\/wp-content\/uploads\/2020\/07\/Marjorie-IMG_0023-photo-JC-POLIEN-copy-1024-300x300.jpg 300w, https:\/\/grain-dpixel.fr\/info\/wp-content\/uploads\/2020\/07\/Marjorie-IMG_0023-photo-JC-POLIEN-copy-1024-150x150.jpg 150w, https:\/\/grain-dpixel.fr\/info\/wp-content\/uploads\/2020\/07\/Marjorie-IMG_0023-photo-JC-POLIEN-copy-1024-768x768.jpg 768w\" sizes=\"(max-width: 1024px) 100vw, 1024px\" \/><\/figure>\n\n\n\n<div class=\"wp-block-image\"><figure class=\"aligncenter size-large\"><img decoding=\"async\" width=\"828\" height=\"315\" src=\"http:\/\/grain-dpixel.fr\/info\/wp-content\/uploads\/2020\/08\/Bandeau-fB-et-site-festival-2020-828-x-315.jpg\" alt=\"\" class=\"wp-image-8296\" srcset=\"https:\/\/grain-dpixel.fr\/info\/wp-content\/uploads\/2020\/08\/Bandeau-fB-et-site-festival-2020-828-x-315.jpg 828w, https:\/\/grain-dpixel.fr\/info\/wp-content\/uploads\/2020\/08\/Bandeau-fB-et-site-festival-2020-828-x-315-300x114.jpg 300w, https:\/\/grain-dpixel.fr\/info\/wp-content\/uploads\/2020\/08\/Bandeau-fB-et-site-festival-2020-828-x-315-768x292.jpg 768w\" sizes=\"(max-width: 828px) 100vw, 828px\" \/><\/figure><\/div>\n","protected":false},"excerpt":{"rendered":"<p>&#8211; Quelques mots pour te pr\u00e9senter\u202f: Photographe autodidacte originaire de Haute-Sa\u00f4ne. Les \u00ab\u202fann\u00e9es fac\u202f\u00bb (ou je ne faisais pas partie de l\u2019auditoire le plus assidu) pass\u00e9es \u00e0 Besan\u00e7on seconde partie [&hellip;]<\/p>\n","protected":false},"author":76,"featured_media":8065,"comment_status":"open","ping_status":"open","sticky":false,"template":"","format":"standard","meta":{"_bbp_topic_count":0,"_bbp_reply_count":0,"_bbp_total_topic_count":0,"_bbp_total_reply_count":0,"_bbp_voice_count":0,"_bbp_anonymous_reply_count":0,"_bbp_topic_count_hidden":0,"_bbp_reply_count_hidden":0,"_bbp_forum_subforum_count":0,"_monsterinsights_skip_tracking":false,"_monsterinsights_sitenote_active":false,"_monsterinsights_sitenote_note":"","_monsterinsights_sitenote_category":0,"_jetpack_memberships_contains_paid_content":false,"footnotes":""},"categories":[153],"tags":[],"class_list":["post-8218","post","type-post","status-publish","format-standard","has-post-thumbnail","hentry","category-interviews-2020"],"jetpack_featured_media_url":"https:\/\/grain-dpixel.fr\/info\/wp-content\/uploads\/2020\/07\/Marjorie-IMG_0023-photo-JC-POLIEN-copy-1024.jpg","jetpack_sharing_enabled":true,"_links":{"self":[{"href":"https:\/\/grain-dpixel.fr\/info\/wp-json\/wp\/v2\/posts\/8218","targetHints":{"allow":["GET"]}}],"collection":[{"href":"https:\/\/grain-dpixel.fr\/info\/wp-json\/wp\/v2\/posts"}],"about":[{"href":"https:\/\/grain-dpixel.fr\/info\/wp-json\/wp\/v2\/types\/post"}],"author":[{"embeddable":true,"href":"https:\/\/grain-dpixel.fr\/info\/wp-json\/wp\/v2\/users\/76"}],"replies":[{"embeddable":true,"href":"https:\/\/grain-dpixel.fr\/info\/wp-json\/wp\/v2\/comments?post=8218"}],"version-history":[{"count":5,"href":"https:\/\/grain-dpixel.fr\/info\/wp-json\/wp\/v2\/posts\/8218\/revisions"}],"predecessor-version":[{"id":8299,"href":"https:\/\/grain-dpixel.fr\/info\/wp-json\/wp\/v2\/posts\/8218\/revisions\/8299"}],"wp:featuredmedia":[{"embeddable":true,"href":"https:\/\/grain-dpixel.fr\/info\/wp-json\/wp\/v2\/media\/8065"}],"wp:attachment":[{"href":"https:\/\/grain-dpixel.fr\/info\/wp-json\/wp\/v2\/media?parent=8218"}],"wp:term":[{"taxonomy":"category","embeddable":true,"href":"https:\/\/grain-dpixel.fr\/info\/wp-json\/wp\/v2\/categories?post=8218"},{"taxonomy":"post_tag","embeddable":true,"href":"https:\/\/grain-dpixel.fr\/info\/wp-json\/wp\/v2\/tags?post=8218"}],"curies":[{"name":"wp","href":"https:\/\/api.w.org\/{rel}","templated":true}]}}