{"id":8126,"date":"2020-08-29T14:00:00","date_gmt":"2020-08-29T12:00:00","guid":{"rendered":"http:\/\/grain-dpixel.fr\/info\/?p=8126"},"modified":"2021-04-12T20:25:03","modified_gmt":"2021-04-12T18:25:03","slug":"interview-danne-gerlinger","status":"publish","type":"post","link":"https:\/\/grain-dpixel.fr\/info\/interview-danne-gerlinger\/","title":{"rendered":"Interview d&rsquo;Anne GERLINGER"},"content":{"rendered":"<p><i>&#8211; Quelques mots pour te pr\u00e9senter\u202f:<\/i><br>Photographe amateur alsacienne de profession plut\u00f4t scientifique.<\/p>\n<p><i>&#8211; Quand et comment es-tu tomb\u00e9e dans la photo\u202f? Qu\u2019est-ce que cela repr\u00e9sente pour toi\u202f?<br><\/i>Je pratique la photo depuis 2013. C&rsquo;est tout d&rsquo;abord un besoin d&rsquo;\u00e9vasion qui m&rsquo;a orient\u00e9 vers cette pratique artistique. L&rsquo;appareil photo devenait un pr\u00e9texte pour des escapades au c\u0153ur de dame nature. Dans ce monde o\u00f9 tout va trop vite, se poser prendre le temps d&rsquo;observer ce qui nous entoure, ressentir notre environnement a l&rsquo;avantage de nous apporter tranquillit\u00e9 et paix. Peu \u00e0 peu, mes centres d&rsquo;int\u00e9r\u00eat se sont diversifi\u00e9s, architecture, rue&#8230;.<\/p>\n<p><i>&#8211; Quels sont les sujets qui t\u2019int\u00e9ressent\u202f? qu\u2019est-ce que tu y cherches, y trouves\u202f?<\/i><br>Tous les sujets m&rsquo;int\u00e9ressent. Je suis encore en phase d\u00e9couverte. Que cela soit dans la nature ou le milieu urbain, je prends le temps de m&rsquo;immerger. Ce qui m&rsquo;importe, c&rsquo;est d&rsquo;essayer de traiter chaque th\u00e8me avec exigence, de fa\u00e7on cr\u00e9ative et adapt\u00e9e \u00e0 chaque sujet.<\/p>\n<p><i>&#8211; Qui sont les photographes qui t\u2019inspirent\u202fou dont tu appr\u00e9cies particuli\u00e8rement le travail\u202f?<\/i><br>J&rsquo;admire beaucoup les photographes humanistes (Doisneau, Cartier-Bresson, Nori, Boubat&#8230;.)<br>D&rsquo;autres, contemporains, me font r\u00eaver C. Jacrot, T.Vezon, M. Rajkovic&#8230;<br>J&rsquo;aime aussi l&rsquo;originalit\u00e9 du travail de Georges Rousse.<\/p>\n<p><i>&#8211; Qu\u2019est-ce que tu pr\u00e9sentes dans ton exposition ?<\/i><br>Lors d&rsquo;une de mes lectures, j&rsquo;\u00e9tais tomb\u00e9e sur une des phrases de Federico Garcia Lorca. Il disait \u00ab Le th\u00e9\u00e2tre c&rsquo;est la po\u00e9sie qui sort du livre pour descendre dans la rue\u202f\u00bb. Comment illustrer ce concept\u202f? L&rsquo;animation dans la rue est en effet un spectacle mouvant mais comment parler de th\u00e9\u00e2tre si ce n&rsquo;est en faisant r\u00e9f\u00e9rence \u00e0 son berceau qu&rsquo;est l&rsquo;antiquit\u00e9. Un lieu mythique s&rsquo;est aussit\u00f4t impos\u00e9 \u00e0 moi\u202f: Les Deux Plateaux\u202fde Daniel Buren, une installation que l\u2019on trouve dans la cour du Palais Royal \u00e0 Paris. Au travers de l&rsquo;\u00e9diting et du traitement des clich\u00e9s, je souhaitais \u00e9crire l&rsquo;histoire du quotidien de ces colonnes comme si elle s&rsquo;inscrivait sur les pages d&rsquo;un livre de po\u00e9sie.<\/p>\n<p><i>-ET pour la suite\u202f? des projets, des envies de d\u00e9couvertes, d\u2019\u00e9volution ?<\/i><br>Continuer \u00e0 m&rsquo;\u00e9vader dans le cadre de la photo et enrichir mes connaissances.<\/p>\n<p><i>&#8211; Lien hypertexte vers le site internet o\u00f9 l&rsquo;on peut te retrouver<\/i><br><span style=\"color: blue; font-size: large;\"><u><a href=\"http:\/\/annephoto.fr\" target=\"blank\" rel=\"noopener noreferrer\">annephoto.fr<\/a><\/u><\/span><\/p>\n\n\n<figure class=\"wp-block-image size-large\"><img fetchpriority=\"high\" decoding=\"async\" width=\"1024\" height=\"1024\" src=\"http:\/\/grain-dpixel.fr\/info\/wp-content\/uploads\/2020\/08\/Anne-GERLINGER-photo-signature-1024x1024.jpg\" alt=\"\" class=\"wp-image-8156\" srcset=\"https:\/\/grain-dpixel.fr\/info\/wp-content\/uploads\/2020\/08\/Anne-GERLINGER-photo-signature-1024x1024.jpg 1024w, https:\/\/grain-dpixel.fr\/info\/wp-content\/uploads\/2020\/08\/Anne-GERLINGER-photo-signature-300x300.jpg 300w, https:\/\/grain-dpixel.fr\/info\/wp-content\/uploads\/2020\/08\/Anne-GERLINGER-photo-signature-150x150.jpg 150w, https:\/\/grain-dpixel.fr\/info\/wp-content\/uploads\/2020\/08\/Anne-GERLINGER-photo-signature-768x768.jpg 768w, https:\/\/grain-dpixel.fr\/info\/wp-content\/uploads\/2020\/08\/Anne-GERLINGER-photo-signature-1536x1536.jpg 1536w, https:\/\/grain-dpixel.fr\/info\/wp-content\/uploads\/2020\/08\/Anne-GERLINGER-photo-signature.jpg 2048w\" sizes=\"(max-width: 1024px) 100vw, 1024px\" \/><\/figure>\n\n\n\n<div class=\"wp-block-image\"><figure class=\"aligncenter size-large\"><img decoding=\"async\" width=\"828\" height=\"315\" src=\"http:\/\/grain-dpixel.fr\/info\/wp-content\/uploads\/2020\/10\/Bandeau-fB-et-site-festival-2020-828-x-315.jpg\" alt=\"\" class=\"wp-image-8542\" srcset=\"https:\/\/grain-dpixel.fr\/info\/wp-content\/uploads\/2020\/10\/Bandeau-fB-et-site-festival-2020-828-x-315.jpg 828w, https:\/\/grain-dpixel.fr\/info\/wp-content\/uploads\/2020\/10\/Bandeau-fB-et-site-festival-2020-828-x-315-300x114.jpg 300w, https:\/\/grain-dpixel.fr\/info\/wp-content\/uploads\/2020\/10\/Bandeau-fB-et-site-festival-2020-828-x-315-768x292.jpg 768w\" sizes=\"(max-width: 828px) 100vw, 828px\" \/><\/figure><\/div>\n","protected":false},"excerpt":{"rendered":"<p>&#8211; Quelques mots pour te pr\u00e9senter\u202f:Photographe amateur alsacienne de profession plut\u00f4t scientifique. &#8211; Quand et comment es-tu tomb\u00e9e dans la photo\u202f? Qu\u2019est-ce que cela repr\u00e9sente pour toi\u202f?Je pratique la photo [&hellip;]<\/p>\n","protected":false},"author":76,"featured_media":8156,"comment_status":"open","ping_status":"open","sticky":false,"template":"","format":"standard","meta":{"_bbp_topic_count":0,"_bbp_reply_count":0,"_bbp_total_topic_count":0,"_bbp_total_reply_count":0,"_bbp_voice_count":0,"_bbp_anonymous_reply_count":0,"_bbp_topic_count_hidden":0,"_bbp_reply_count_hidden":0,"_bbp_forum_subforum_count":0,"_monsterinsights_skip_tracking":false,"_monsterinsights_sitenote_active":false,"_monsterinsights_sitenote_note":"","_monsterinsights_sitenote_category":0,"_jetpack_memberships_contains_paid_content":false,"footnotes":""},"categories":[153],"tags":[],"class_list":["post-8126","post","type-post","status-publish","format-standard","has-post-thumbnail","hentry","category-interviews-2020"],"jetpack_featured_media_url":"https:\/\/grain-dpixel.fr\/info\/wp-content\/uploads\/2020\/08\/Anne-GERLINGER-photo-signature.jpg","jetpack_sharing_enabled":true,"_links":{"self":[{"href":"https:\/\/grain-dpixel.fr\/info\/wp-json\/wp\/v2\/posts\/8126","targetHints":{"allow":["GET"]}}],"collection":[{"href":"https:\/\/grain-dpixel.fr\/info\/wp-json\/wp\/v2\/posts"}],"about":[{"href":"https:\/\/grain-dpixel.fr\/info\/wp-json\/wp\/v2\/types\/post"}],"author":[{"embeddable":true,"href":"https:\/\/grain-dpixel.fr\/info\/wp-json\/wp\/v2\/users\/76"}],"replies":[{"embeddable":true,"href":"https:\/\/grain-dpixel.fr\/info\/wp-json\/wp\/v2\/comments?post=8126"}],"version-history":[{"count":35,"href":"https:\/\/grain-dpixel.fr\/info\/wp-json\/wp\/v2\/posts\/8126\/revisions"}],"predecessor-version":[{"id":8543,"href":"https:\/\/grain-dpixel.fr\/info\/wp-json\/wp\/v2\/posts\/8126\/revisions\/8543"}],"wp:featuredmedia":[{"embeddable":true,"href":"https:\/\/grain-dpixel.fr\/info\/wp-json\/wp\/v2\/media\/8156"}],"wp:attachment":[{"href":"https:\/\/grain-dpixel.fr\/info\/wp-json\/wp\/v2\/media?parent=8126"}],"wp:term":[{"taxonomy":"category","embeddable":true,"href":"https:\/\/grain-dpixel.fr\/info\/wp-json\/wp\/v2\/categories?post=8126"},{"taxonomy":"post_tag","embeddable":true,"href":"https:\/\/grain-dpixel.fr\/info\/wp-json\/wp\/v2\/tags?post=8126"}],"curies":[{"name":"wp","href":"https:\/\/api.w.org\/{rel}","templated":true}]}}