{"id":8111,"date":"2020-07-31T16:28:41","date_gmt":"2020-07-31T14:28:41","guid":{"rendered":"http:\/\/grain-dpixel.fr\/info\/?p=8111"},"modified":"2021-04-12T20:25:36","modified_gmt":"2021-04-12T18:25:36","slug":"les-inscriptions-au-rallye-cest-maintenant","status":"publish","type":"post","link":"https:\/\/grain-dpixel.fr\/info\/les-inscriptions-au-rallye-cest-maintenant\/","title":{"rendered":"Les inscriptions au rallye c&rsquo;est maintenant"},"content":{"rendered":"\n<h2 class=\"has-text-align-center wp-block-heading\">Les inscriptions pour le <br>rallye d&rsquo;ouverture du Festival Photographie Besan\u00e7on <br>sont ouvertes<\/h2>\n\n\n\n<h2 class=\"has-vivid-red-color has-text-color has-text-align-center wp-block-heading\">Nouveau<\/h2>\n\n\n\n<p class=\"has-text-align-center has-medium-font-size\">Le rallye du Festival Photographie Besan\u00e7on est d\u00e9sormais ouvert \u00e0 tous, amateurs, \u00e9tudiants ou professionnels <br>et l&rsquo;usage du t\u00e9l\u00e9phone portable est possible.<br><\/p>\n\n\n\n<p class=\"has-text-align-center has-large-font-size\"><a rel=\"noreferrer noopener\" href=\"http:\/\/grain-dpixel.fr\/info\/rallye-photographie-besancon-2020\/\" target=\"_blank\">Cliquer ici pour plus d&rsquo;information ou vous inscrire<\/a><\/p>\n\n\n\n<figure class=\"wp-block-image size-large\"><img decoding=\"async\" src=\"http:\/\/grain-dpixel.fr\/info\/wp-content\/uploads\/2020\/08\/bandeau-soutien-rallye.jpg\" alt=\"\" class=\"wp-image-8198\"\/><\/figure>\n","protected":false},"excerpt":{"rendered":"<p>Les inscriptions pour le rallye d&rsquo;ouverture du Festival Photographie Besan\u00e7on sont ouvertes Nouveau Le rallye du Festival Photographie Besan\u00e7on est d\u00e9sormais ouvert \u00e0 tous, amateurs, \u00e9tudiants ou professionnels et l&rsquo;usage [&hellip;]<\/p>\n","protected":false},"author":1,"featured_media":8112,"comment_status":"open","ping_status":"open","sticky":false,"template":"","format":"standard","meta":{"_bbp_topic_count":0,"_bbp_reply_count":0,"_bbp_total_topic_count":0,"_bbp_total_reply_count":0,"_bbp_voice_count":0,"_bbp_anonymous_reply_count":0,"_bbp_topic_count_hidden":0,"_bbp_reply_count_hidden":0,"_bbp_forum_subforum_count":0,"_monsterinsights_skip_tracking":false,"_monsterinsights_sitenote_active":false,"_monsterinsights_sitenote_note":"","_monsterinsights_sitenote_category":0,"_jetpack_memberships_contains_paid_content":false,"footnotes":""},"categories":[149,150],"tags":[],"class_list":["post-8111","post","type-post","status-publish","format-standard","has-post-thumbnail","hentry","category-festival-2020","category-rallye-2020"],"jetpack_featured_media_url":"https:\/\/grain-dpixel.fr\/info\/wp-content\/uploads\/2020\/07\/Bandeau-fB-et-site-ouverture-rallye-2020-828-x-315.jpg","jetpack_sharing_enabled":true,"_links":{"self":[{"href":"https:\/\/grain-dpixel.fr\/info\/wp-json\/wp\/v2\/posts\/8111","targetHints":{"allow":["GET"]}}],"collection":[{"href":"https:\/\/grain-dpixel.fr\/info\/wp-json\/wp\/v2\/posts"}],"about":[{"href":"https:\/\/grain-dpixel.fr\/info\/wp-json\/wp\/v2\/types\/post"}],"author":[{"embeddable":true,"href":"https:\/\/grain-dpixel.fr\/info\/wp-json\/wp\/v2\/users\/1"}],"replies":[{"embeddable":true,"href":"https:\/\/grain-dpixel.fr\/info\/wp-json\/wp\/v2\/comments?post=8111"}],"version-history":[{"count":7,"href":"https:\/\/grain-dpixel.fr\/info\/wp-json\/wp\/v2\/posts\/8111\/revisions"}],"predecessor-version":[{"id":8199,"href":"https:\/\/grain-dpixel.fr\/info\/wp-json\/wp\/v2\/posts\/8111\/revisions\/8199"}],"wp:featuredmedia":[{"embeddable":true,"href":"https:\/\/grain-dpixel.fr\/info\/wp-json\/wp\/v2\/media\/8112"}],"wp:attachment":[{"href":"https:\/\/grain-dpixel.fr\/info\/wp-json\/wp\/v2\/media?parent=8111"}],"wp:term":[{"taxonomy":"category","embeddable":true,"href":"https:\/\/grain-dpixel.fr\/info\/wp-json\/wp\/v2\/categories?post=8111"},{"taxonomy":"post_tag","embeddable":true,"href":"https:\/\/grain-dpixel.fr\/info\/wp-json\/wp\/v2\/tags?post=8111"}],"curies":[{"name":"wp","href":"https:\/\/api.w.org\/{rel}","templated":true}]}}