{"id":7932,"date":"2020-02-04T15:00:18","date_gmt":"2020-02-04T14:00:18","guid":{"rendered":"http:\/\/grain-dpixel.fr\/info\/?p=7932"},"modified":"2021-04-12T20:27:49","modified_gmt":"2021-04-12T18:27:49","slug":"inviter-les-photographes-au-festival-photographie-besancon","status":"publish","type":"post","link":"https:\/\/grain-dpixel.fr\/info\/inviter-les-photographes-au-festival-photographie-besancon\/","title":{"rendered":"Inviter les photographes au Festival Photographie Besan\u00e7on."},"content":{"rendered":"\n<p>Le Festival vit un moment important de son histoire.<\/p>\n\n\n\n<p>En 2017, nous constations l\u2019absence d\u2019un \u00e9v\u00e9nement\npermettant aux auteurs photographes de pr\u00e9senter leur travail \u00e0 un large public\net nous pr\u00eemes la d\u00e9cision de cr\u00e9er le Festival Photographie de Besan\u00e7on. Sans\naucune ressource autre que le b\u00e9n\u00e9volat de nos adh\u00e9rents, et d\u00e9sirant que\nl\u2019acc\u00e8s au festival soit gratuit pour les visiteurs, il s\u2019av\u00e9ra n\u00e9cessaire de\ndemander une participation financi\u00e8re aux exposants. <\/p>\n\n\n\n<p>Bien que nous consid\u00e9rions fondamentalement que les artistes\nne doivent pas payer pour exposer, nous ne regrettons pas ce choix car il a\npermis de mette en \u0153uvre trois \u00e9ditions du festival qui ont rencontr\u00e9 un succ\u00e8s\ngrandissant d\u2019ann\u00e9e en ann\u00e9e. <\/p>\n\n\n\n<p>Aujourd\u2019hui, nous pensons qu\u2019il est temps d\u2019y rem\u00e9dier.<\/p>\n\n\n\n<p>Les moyens financiers de l\u2019association restent limit\u00e9s mais,\ncette ann\u00e9e, nous avons d\u00e9cid\u00e9 d\u2019inviter les photographes qui seront\ns\u00e9lectionn\u00e9s pour exposer au Festival Photographie Besan\u00e7on.<\/p>\n\n\n\n<p>C\u2019est la raison pour laquelle nous faisons appel \u00e0 vous. <\/p>\n\n\n\n<p>En participant \u00e0 la campagne de financement, vous assurerez sa p\u00e9rennit\u00e9&nbsp;: vous parrainerez l\u2019exposition d\u2019un artiste.<\/p>\n\n\n\n<iframe id=\"haWidget\" allowtransparency=\"true\" src=\"https:\/\/www.helloasso.com\/associations\/grain%20d%20pixel\/collectes\/inviter-les-photographes-au-festival-photographie-besancon\/widget-compteur\" style=\"width:100%;height:450px;border:none;\"><\/iframe><div style=\"width:100%;text-align:center;\">Propuls\u00e9 par <a href=\"https:\/\/www.helloasso.com\" rel=\"nofollow\">HelloAsso<\/a><\/div>\n\n\n\n<p>Tous les dons, m\u00eame les plus modestes, nous permettront\nd\u2019atteindre cet objectif.<\/p>\n\n\n\n<p>Au nom de tous les b\u00e9n\u00e9voles de l\u2019association, je vous\nremercie par avance de votre soutien.<\/p>\n\n\n\n<p>Yves Gravelin<br>\nPr\u00e9sident<br>\nGrain d\u2019Pixel Association pour la photographie.<\/p>\n","protected":false},"excerpt":{"rendered":"<p>Le Festival vit un moment important de son histoire. En 2017, nous constations l\u2019absence d\u2019un \u00e9v\u00e9nement permettant aux auteurs photographes de pr\u00e9senter leur travail \u00e0 un large public et nous [&hellip;]<\/p>\n","protected":false},"author":1,"featured_media":0,"comment_status":"open","ping_status":"open","sticky":false,"template":"","format":"standard","meta":{"_bbp_topic_count":0,"_bbp_reply_count":0,"_bbp_total_topic_count":0,"_bbp_total_reply_count":0,"_bbp_voice_count":0,"_bbp_anonymous_reply_count":0,"_bbp_topic_count_hidden":0,"_bbp_reply_count_hidden":0,"_bbp_forum_subforum_count":0,"_monsterinsights_skip_tracking":false,"_monsterinsights_sitenote_active":false,"_monsterinsights_sitenote_note":"","_monsterinsights_sitenote_category":0,"_jetpack_memberships_contains_paid_content":false,"footnotes":""},"categories":[149],"tags":[58,136],"class_list":["post-7932","post","type-post","status-publish","format-standard","hentry","category-festival-2020","tag-festival","tag-festival-2020"],"jetpack_featured_media_url":"","jetpack_sharing_enabled":true,"_links":{"self":[{"href":"https:\/\/grain-dpixel.fr\/info\/wp-json\/wp\/v2\/posts\/7932","targetHints":{"allow":["GET"]}}],"collection":[{"href":"https:\/\/grain-dpixel.fr\/info\/wp-json\/wp\/v2\/posts"}],"about":[{"href":"https:\/\/grain-dpixel.fr\/info\/wp-json\/wp\/v2\/types\/post"}],"author":[{"embeddable":true,"href":"https:\/\/grain-dpixel.fr\/info\/wp-json\/wp\/v2\/users\/1"}],"replies":[{"embeddable":true,"href":"https:\/\/grain-dpixel.fr\/info\/wp-json\/wp\/v2\/comments?post=7932"}],"version-history":[{"count":3,"href":"https:\/\/grain-dpixel.fr\/info\/wp-json\/wp\/v2\/posts\/7932\/revisions"}],"predecessor-version":[{"id":7936,"href":"https:\/\/grain-dpixel.fr\/info\/wp-json\/wp\/v2\/posts\/7932\/revisions\/7936"}],"wp:attachment":[{"href":"https:\/\/grain-dpixel.fr\/info\/wp-json\/wp\/v2\/media?parent=7932"}],"wp:term":[{"taxonomy":"category","embeddable":true,"href":"https:\/\/grain-dpixel.fr\/info\/wp-json\/wp\/v2\/categories?post=7932"},{"taxonomy":"post_tag","embeddable":true,"href":"https:\/\/grain-dpixel.fr\/info\/wp-json\/wp\/v2\/tags?post=7932"}],"curies":[{"name":"wp","href":"https:\/\/api.w.org\/{rel}","templated":true}]}}