{"id":7609,"date":"2019-10-05T18:53:02","date_gmt":"2019-10-05T16:53:02","guid":{"rendered":"http:\/\/grain-dpixel.fr\/info\/?p=7609"},"modified":"2019-10-14T13:19:23","modified_gmt":"2019-10-14T11:19:23","slug":"festival-interview-de-elodie-zwiebel-donge","status":"publish","type":"post","link":"https:\/\/grain-dpixel.fr\/info\/festival-interview-de-elodie-zwiebel-donge\/","title":{"rendered":"Festival &#8211; Interview de Elodie Zwiebel-Donge"},"content":{"rendered":"\n<p><em>&#8211; Quelques mots pour te pr\u00e9senter&nbsp;:<\/em><\/p>\n\n\n\n<p><em>Elodie,\n40 ans, maman, travailleuse, photographe, &#x1f60a;. J&rsquo;ai expos\u00e9 dans\ndiff\u00e9rents festivals, le MAP de Toulouse, Rendez-vous image \u00e0 Strasbourg, au\nsalon de la photo \u00e0 Paris, aux \u00c9chapp\u00e9es belles \u00e9galement \u00e0 Paris, Le caf\u00e9 des\nphotographes \u00e0 Nice et Marseille, plusieurs expos collectives locales (Belfort,\nGrosne , Seloncourt , Audincourt). Mon livre photo texte \u00e0 \u00e9t\u00e9 pr\u00e9sent\u00e9 au\npublic aux confrontations photos de Gex dans le cadre du prix Hip. <\/em><\/p>\n\n\n\n<p><em>&#8211; Quand et comment es-tu tomb\u00e9 dans la photo&nbsp;? Qu\u2019est-ce que\ncela repr\u00e9sente pour toi&nbsp;?<\/em><\/p>\n\n\n\n<p>J&rsquo;ai commenc\u00e9 la photographie en\n2009, suite \u00e0 une rupture. J&rsquo;avais besoin de m&rsquo;occuper, et je voulais revenir \u00e0\nmes premi\u00e8res amours, l&rsquo;art et l&rsquo;\u00e9criture. La photographie, c&rsquo;est ma bulle, ce\nqui m&rsquo;epannoui, en dehors de ma vie de famille. C&rsquo;est un moyen d&rsquo;exprimer des\nchoses que je ressent, mais que je ne verbalise pas. <\/p>\n\n\n\n<p><em>&#8211; Quels sont les sujets qui t\u2019int\u00e9ressent&nbsp;? qu\u2019est-ce que tu\ny cherches, y trouves&nbsp;?<\/em><\/p>\n\n\n\n<p>Je crois que tous les sujets m&rsquo;int\u00e9ressent, mais comme tous les artistes, j&rsquo;ai des sujets de pr\u00e9dilections. Ma famille est probablement le sujet le plus pr\u00e9sent dans mon univers, je joue beaucoup avec mes enfants, les mettre en sc\u00e8ne, tr\u00e8s souvent \u00e0 l&rsquo;int\u00e9rieur de notre maison. Je suis plut\u00f4t une photographe intimiste, j&rsquo;exprime des sentiments \u00e0 travers mes photographies, j&rsquo;essaye en tout cas. Je pense ne rien chercher de tr\u00e8s pr\u00e9cis dans la pratique de la photographie, c&rsquo;est un besoin, comme respirer, et ce que j&rsquo;y trouve, c&rsquo;est souvent la rencontre, avec les autres, les \u00e9changes autour de nos diff\u00e9rences photographiques.  <\/p>\n\n\n\n<p><em>&#8211; Qui sont les photographes qui t\u2019inspirent&nbsp;ou dont tu\nappr\u00e9cies particuli\u00e8rement le travail&nbsp;?<\/em><\/p>\n\n\n\n<p><em>Alors,\n\u00e9trangement, je suis inspir\u00e9e par tous les photographes, si je dois citer des\nnoms, je dirais Sally Man, pour un nom tr\u00e8s connu, et Alain Laboille pour un\ncontemporain. Mais j&rsquo;aime aussi \u00c9ric Forey, en architecture, ou Nicolas\nOrrillard Demaire en paysage. J&rsquo;ai besoin de me nourrir d&rsquo;images tr\u00e8s\n\u00e9clectiques. <\/em><\/p>\n\n\n\n<p><em>&#8211; Qu\u2019est-ce que tu pr\u00e9sentes dans ton exposition ?<\/em><\/p>\n\n\n\n<p>Cette s\u00e9rie, \u201cTriangles\u201d, est construite sur la famille, ce sont des portraits de mes enfants, mon mari et moi, autour du lien familial recompos\u00e9. Elle est tr\u00e8s intimiste, sombre, mais paradoxalement tr\u00e8s lumineuse. Toutes les photographies ont \u00e9t\u00e9 faites \u00e0 la maison, en lumi\u00e8re naturelle. <\/p>\n\n\n\n<p><em>&#8211; ET pour la suite&nbsp;? des projets, des envies de d\u00e9couvertes,\nd\u2019\u00e9volution ?<\/em><\/p>\n\n\n\n<p><em>Je continue de travailler sur la famille, je fais aussi actuellement la promotion de mon livre \u201cElle p(A)nse\u201d, qui est pr\u00e9sent\u00e9 au festival d&rsquo;Arles cet \u00e9t\u00e9 et s\u00e9lectionn\u00e9 pour le prix Hip en partenariat avec Comp\u00e9tences Photos. D&rsquo;autres expositions sont en attente, les projets sont nombreux pour cette ann\u00e9e. <\/em><\/p>\n\n\n\n<figure class=\"wp-block-image\"><img fetchpriority=\"high\" decoding=\"async\" width=\"1024\" height=\"768\" src=\"http:\/\/grain-dpixel.fr\/info\/wp-content\/uploads\/2019\/10\/elodiezwiebel.corentin-1024x768.jpg\" alt=\"\" class=\"wp-image-7610\" srcset=\"https:\/\/grain-dpixel.fr\/info\/wp-content\/uploads\/2019\/10\/elodiezwiebel.corentin-1024x768.jpg 1024w, https:\/\/grain-dpixel.fr\/info\/wp-content\/uploads\/2019\/10\/elodiezwiebel.corentin-300x225.jpg 300w, https:\/\/grain-dpixel.fr\/info\/wp-content\/uploads\/2019\/10\/elodiezwiebel.corentin-768x576.jpg 768w, https:\/\/grain-dpixel.fr\/info\/wp-content\/uploads\/2019\/10\/elodiezwiebel.corentin.jpg 1200w\" sizes=\"(max-width: 1024px) 100vw, 1024px\" \/><figcaption>OLYMPUS DIGITAL CAMERA<\/figcaption><\/figure>\n\n\n\n<figure class=\"wp-block-image\"><img decoding=\"async\" width=\"828\" height=\"315\" src=\"http:\/\/grain-dpixel.fr\/info\/wp-content\/uploads\/2019\/08\/Logos-sponsors-festival-fB-et-site-828-x-315.jpg\" alt=\"\" class=\"wp-image-7429\" srcset=\"https:\/\/grain-dpixel.fr\/info\/wp-content\/uploads\/2019\/08\/Logos-sponsors-festival-fB-et-site-828-x-315.jpg 828w, https:\/\/grain-dpixel.fr\/info\/wp-content\/uploads\/2019\/08\/Logos-sponsors-festival-fB-et-site-828-x-315-300x114.jpg 300w, https:\/\/grain-dpixel.fr\/info\/wp-content\/uploads\/2019\/08\/Logos-sponsors-festival-fB-et-site-828-x-315-768x292.jpg 768w\" sizes=\"(max-width: 828px) 100vw, 828px\" \/><\/figure>\n","protected":false},"excerpt":{"rendered":"<p>&#8211; Quelques mots pour te pr\u00e9senter&nbsp;: Elodie, 40 ans, maman, travailleuse, photographe, &#x1f60a;. J&rsquo;ai expos\u00e9 dans diff\u00e9rents festivals, le MAP de Toulouse, Rendez-vous image \u00e0 Strasbourg, au salon de la [&hellip;]<\/p>\n","protected":false},"author":1,"featured_media":7610,"comment_status":"open","ping_status":"open","sticky":false,"template":"","format":"standard","meta":{"_bbp_topic_count":0,"_bbp_reply_count":0,"_bbp_total_topic_count":0,"_bbp_total_reply_count":0,"_bbp_voice_count":0,"_bbp_anonymous_reply_count":0,"_bbp_topic_count_hidden":0,"_bbp_reply_count_hidden":0,"_bbp_forum_subforum_count":0,"_monsterinsights_skip_tracking":false,"_monsterinsights_sitenote_active":false,"_monsterinsights_sitenote_note":"","_monsterinsights_sitenote_category":0,"_jetpack_memberships_contains_paid_content":false,"footnotes":""},"categories":[99],"tags":[130],"class_list":["post-7609","post","type-post","status-publish","format-standard","has-post-thumbnail","hentry","category-interviews-2019","tag-festival-2019-interview-2019"],"jetpack_featured_media_url":"https:\/\/grain-dpixel.fr\/info\/wp-content\/uploads\/2019\/10\/elodiezwiebel.corentin.jpg","jetpack_sharing_enabled":true,"_links":{"self":[{"href":"https:\/\/grain-dpixel.fr\/info\/wp-json\/wp\/v2\/posts\/7609","targetHints":{"allow":["GET"]}}],"collection":[{"href":"https:\/\/grain-dpixel.fr\/info\/wp-json\/wp\/v2\/posts"}],"about":[{"href":"https:\/\/grain-dpixel.fr\/info\/wp-json\/wp\/v2\/types\/post"}],"author":[{"embeddable":true,"href":"https:\/\/grain-dpixel.fr\/info\/wp-json\/wp\/v2\/users\/1"}],"replies":[{"embeddable":true,"href":"https:\/\/grain-dpixel.fr\/info\/wp-json\/wp\/v2\/comments?post=7609"}],"version-history":[{"count":1,"href":"https:\/\/grain-dpixel.fr\/info\/wp-json\/wp\/v2\/posts\/7609\/revisions"}],"predecessor-version":[{"id":7611,"href":"https:\/\/grain-dpixel.fr\/info\/wp-json\/wp\/v2\/posts\/7609\/revisions\/7611"}],"wp:featuredmedia":[{"embeddable":true,"href":"https:\/\/grain-dpixel.fr\/info\/wp-json\/wp\/v2\/media\/7610"}],"wp:attachment":[{"href":"https:\/\/grain-dpixel.fr\/info\/wp-json\/wp\/v2\/media?parent=7609"}],"wp:term":[{"taxonomy":"category","embeddable":true,"href":"https:\/\/grain-dpixel.fr\/info\/wp-json\/wp\/v2\/categories?post=7609"},{"taxonomy":"post_tag","embeddable":true,"href":"https:\/\/grain-dpixel.fr\/info\/wp-json\/wp\/v2\/tags?post=7609"}],"curies":[{"name":"wp","href":"https:\/\/api.w.org\/{rel}","templated":true}]}}