{"id":7581,"date":"2019-09-30T17:00:17","date_gmt":"2019-09-30T15:00:17","guid":{"rendered":"http:\/\/grain-dpixel.fr\/info\/?p=7581"},"modified":"2019-10-14T13:19:48","modified_gmt":"2019-10-14T11:19:48","slug":"festival-interveiw-de-stephane-picard","status":"publish","type":"post","link":"https:\/\/grain-dpixel.fr\/info\/festival-interveiw-de-stephane-picard\/","title":{"rendered":"Festival &#8211; Interveiw de St\u00e9phane Picard"},"content":{"rendered":"\n<p><em>&#8211; Quelques mots pour te pr\u00e9senter&nbsp;:<\/em><\/p>\n\n\n\n<p>J&rsquo;aime \u00e0 dire que je suis un photographe peu assidu sauf \u00e0 la lenteur.<\/p>\n\n\n\n<p><em>&#8211; Quand et comment es-tu tomb\u00e9 dans la photo&nbsp;? Qu\u2019est-ce que cela\nrepr\u00e9sente pour toi&nbsp;?<\/em><\/p>\n\n\n\n<p>J&rsquo;ai commenc\u00e9\n\u00e0 pratiquer la photo adolescent en m&rsquo;essayant \u00e0 la photo dans les rues, souvent\nles rues tristes. Au temps de l&rsquo;argentique et des nuits \u00e9clair\u00e9es de rouge au\nlabo. Je l&rsquo;ai mise de c\u00f4t\u00e9 quelques ann\u00e9es puis l&rsquo;envie est revenue. Envie ou\nbesoin? De garder une trace de quelques moments, de quelques regards?<\/p>\n\n\n\n<p><em>&#8211; Quels sont les sujets qui t\u2019int\u00e9ressent&nbsp;? qu\u2019est-ce que tu y\ncherches, y trouves&nbsp;?<\/em><\/p>\n\n\n\n<p>Je suis bon public concernant les th\u00e8mes, de la photo de rue (m\u00eame si aujourd&rsquo;hui je me pose beaucoup de questions quant au droit \u00e0 l&rsquo;image ou plut\u00f4t au droit de ne pas souhait\u00e9 \u00eatre photographi\u00e9) \u00e0 la photo animali\u00e8re ou encore d&rsquo;architecture pour laquelle j&rsquo;ai souvent beaucoup d&rsquo;admiration. Et bien s\u00fbr de paysage. Mais il se trouve que depuis quelques ann\u00e9es je pratique essentiellement la photo de mod\u00e8les o\u00f9 j&rsquo;essaye de \u00abmettre en beaut\u00e9\u00bb, ce qui est tr\u00e8s subjectif \u00e9videmment. Je crois que la beaut\u00e9 (de mani\u00e8re g\u00e9n\u00e9rale, que ce soit de mod\u00e8les ou de paysages ou animali\u00e8re) est apaisante \u00e0 regarder et de ce fait je crois indispensable.<\/p>\n\n\n\n<p><em>&#8211; Qui sont les photographes qui t\u2019inspirent&nbsp;ou dont tu appr\u00e9cies\nparticuli\u00e8rement le travail&nbsp;?<\/em><\/p>\n\n\n\n<p>M\u00eame si \u00e9videmment la liste serait\nlongue la premi\u00e8re \u00e0 qui je pense quand on me pose cette question est Lillian\nBassman. Ensuite pour r\u00e9pondre j&rsquo;ai regard\u00e9 dans ma biblioth\u00e8que et y ai vu des\nlivres de Jean-Fran\u00e7ois Jonvelle, Bettina Rheims, Peter Lindbergh, Petter\nHegre, Guido Argentini, David Drebin. Et bien d&rsquo;autres que je croise parfois\ndans les festivals dont par exemple Alain Rivi\u00e8re-Lec\u0153ur dont les derniers\ntravaux m&rsquo;ont beaucoup touch\u00e9.<\/p>\n\n\n\n<p><em>&#8211; Qu\u2019est-ce que tu pr\u00e9sentes dans ton exposition ?<\/em><\/p>\n\n\n\n<p>Alors que je cherchais un titre \u00e0 cette s\u00e9rie de photos prises dans les Iles Grecques que j&rsquo;aime beaucoup je savais que je voulais y voir appara\u00eetre le mot \u00abfuite\u00bb. En cherchant alors dans un dictionnaire les diff\u00e9rentes d\u00e9finitions j&rsquo;ai trouv\u00e9 et aim\u00e9 celle-ci : \u00ab\u00a0la fuite est une allure de sauvegarde adopt\u00e9e par un voilier au portant (vent arri\u00e8re), dans des conditions de gros temps, quand le bateau risque d&rsquo;\u00eatre roul\u00e9 en se maintenant \u00e0 la cape. On y est pouss\u00e9 par le vent et la mer\u00a0\u00bb.<\/p>\n\n\n\n<p>Alors en\nces ann\u00e9es, et celles \u00e0 venir, de gros temps et de risque immense d&rsquo;\u00eatre\nroul\u00e9s, j&rsquo;ai voulu garder une trace du vent, de la mer, du soleil. Montrer une\nfuite par abandon de soi aux \u00e9l\u00e9ments. S&rsquo;abandonner \u00e0 ne rien faire, \u00e0 ne rien\nfaire d&rsquo;autre qu&rsquo;abandonner le combat.<\/p>\n\n\n\n<p><em>&#8211; ET pour la suite&nbsp;? des projets, des envies de d\u00e9couvertes,\nd\u2019\u00e9volution ?<\/em><\/p>\n\n\n\n<p>Des envies oui mille . Concernant la photo je pr\u00e9pare une s\u00e9rie de flous . J&rsquo;ai toujours aim\u00e9 les flous mais de fa\u00e7on amusante voire intrigante je vois bon nombre de mes amis photographes y venir ou revenir aussi&#8230;.serait-ce une \u00e9volution normale avec l&rsquo;\u00e2ge? Sinon dans la photo me manquent parfois les mots ou un petit air de musique alors je r\u00e9fl\u00e9chis \u00e0 quelque \u00e9volution mais je suis lent et prends plaisir \u00e0 l&rsquo;\u00eatre alors cela peut prendre bien longtemps.<\/p>\n\n\n\n<p>Le site internet de St\u00e9phane :  <a href=\"https:\/\/stephane-picard.book.fr\/\">https:\/\/stephane-picard.book.fr\/ <\/a><\/p>\n\n\n\n<figure class=\"wp-block-image\"><img fetchpriority=\"high\" decoding=\"async\" width=\"1024\" height=\"683\" src=\"http:\/\/grain-dpixel.fr\/info\/wp-content\/uploads\/2019\/09\/STEPHANE-PICARD-1-1024x683.jpg\" alt=\"\" class=\"wp-image-7582\" srcset=\"https:\/\/grain-dpixel.fr\/info\/wp-content\/uploads\/2019\/09\/STEPHANE-PICARD-1-1024x683.jpg 1024w, https:\/\/grain-dpixel.fr\/info\/wp-content\/uploads\/2019\/09\/STEPHANE-PICARD-1-300x200.jpg 300w, https:\/\/grain-dpixel.fr\/info\/wp-content\/uploads\/2019\/09\/STEPHANE-PICARD-1-768x512.jpg 768w, https:\/\/grain-dpixel.fr\/info\/wp-content\/uploads\/2019\/09\/STEPHANE-PICARD-1.jpg 1200w\" sizes=\"(max-width: 1024px) 100vw, 1024px\" \/><\/figure>\n\n\n\n<figure class=\"wp-block-image\"><img decoding=\"async\" width=\"828\" height=\"315\" src=\"http:\/\/grain-dpixel.fr\/info\/wp-content\/uploads\/2019\/08\/Logos-sponsors-festival-fB-et-site-828-x-315.jpg\" alt=\"\" class=\"wp-image-7429\" srcset=\"https:\/\/grain-dpixel.fr\/info\/wp-content\/uploads\/2019\/08\/Logos-sponsors-festival-fB-et-site-828-x-315.jpg 828w, https:\/\/grain-dpixel.fr\/info\/wp-content\/uploads\/2019\/08\/Logos-sponsors-festival-fB-et-site-828-x-315-300x114.jpg 300w, https:\/\/grain-dpixel.fr\/info\/wp-content\/uploads\/2019\/08\/Logos-sponsors-festival-fB-et-site-828-x-315-768x292.jpg 768w\" sizes=\"(max-width: 828px) 100vw, 828px\" \/><\/figure>\n","protected":false},"excerpt":{"rendered":"<p>&#8211; Quelques mots pour te pr\u00e9senter&nbsp;: J&rsquo;aime \u00e0 dire que je suis un photographe peu assidu sauf \u00e0 la lenteur. &#8211; Quand et comment es-tu tomb\u00e9 dans la photo&nbsp;? Qu\u2019est-ce [&hellip;]<\/p>\n","protected":false},"author":1,"featured_media":7582,"comment_status":"open","ping_status":"open","sticky":false,"template":"","format":"standard","meta":{"_bbp_topic_count":0,"_bbp_reply_count":0,"_bbp_total_topic_count":0,"_bbp_total_reply_count":0,"_bbp_voice_count":0,"_bbp_anonymous_reply_count":0,"_bbp_topic_count_hidden":0,"_bbp_reply_count_hidden":0,"_bbp_forum_subforum_count":0,"_monsterinsights_skip_tracking":false,"_monsterinsights_sitenote_active":false,"_monsterinsights_sitenote_note":"","_monsterinsights_sitenote_category":0,"_jetpack_memberships_contains_paid_content":false,"footnotes":""},"categories":[99],"tags":[130],"class_list":["post-7581","post","type-post","status-publish","format-standard","has-post-thumbnail","hentry","category-interviews-2019","tag-festival-2019-interview-2019"],"jetpack_featured_media_url":"https:\/\/grain-dpixel.fr\/info\/wp-content\/uploads\/2019\/09\/STEPHANE-PICARD-1.jpg","jetpack_sharing_enabled":true,"_links":{"self":[{"href":"https:\/\/grain-dpixel.fr\/info\/wp-json\/wp\/v2\/posts\/7581","targetHints":{"allow":["GET"]}}],"collection":[{"href":"https:\/\/grain-dpixel.fr\/info\/wp-json\/wp\/v2\/posts"}],"about":[{"href":"https:\/\/grain-dpixel.fr\/info\/wp-json\/wp\/v2\/types\/post"}],"author":[{"embeddable":true,"href":"https:\/\/grain-dpixel.fr\/info\/wp-json\/wp\/v2\/users\/1"}],"replies":[{"embeddable":true,"href":"https:\/\/grain-dpixel.fr\/info\/wp-json\/wp\/v2\/comments?post=7581"}],"version-history":[{"count":1,"href":"https:\/\/grain-dpixel.fr\/info\/wp-json\/wp\/v2\/posts\/7581\/revisions"}],"predecessor-version":[{"id":7583,"href":"https:\/\/grain-dpixel.fr\/info\/wp-json\/wp\/v2\/posts\/7581\/revisions\/7583"}],"wp:featuredmedia":[{"embeddable":true,"href":"https:\/\/grain-dpixel.fr\/info\/wp-json\/wp\/v2\/media\/7582"}],"wp:attachment":[{"href":"https:\/\/grain-dpixel.fr\/info\/wp-json\/wp\/v2\/media?parent=7581"}],"wp:term":[{"taxonomy":"category","embeddable":true,"href":"https:\/\/grain-dpixel.fr\/info\/wp-json\/wp\/v2\/categories?post=7581"},{"taxonomy":"post_tag","embeddable":true,"href":"https:\/\/grain-dpixel.fr\/info\/wp-json\/wp\/v2\/tags?post=7581"}],"curies":[{"name":"wp","href":"https:\/\/api.w.org\/{rel}","templated":true}]}}