{"id":7497,"date":"2019-09-17T17:00:04","date_gmt":"2019-09-17T15:00:04","guid":{"rendered":"http:\/\/grain-dpixel.fr\/info\/?p=7497"},"modified":"2019-10-14T13:22:27","modified_gmt":"2019-10-14T11:22:27","slug":"festival-interview-de-sylvain-francois","status":"publish","type":"post","link":"https:\/\/grain-dpixel.fr\/info\/festival-interview-de-sylvain-francois\/","title":{"rendered":"Festival &#8211; Interview de Sylvain Fran\u00e7ois"},"content":{"rendered":"\n<p><em>&#8211; Quelques mots pour te pr\u00e9senter&nbsp;:<\/em><\/p>\n\n\n\n<p>Apr\u00e8s avoir v\u00e9cu plusieurs vies, j\u2019ai d\u00e9cid\u00e9 en 2014 de vivre de ma passion en devenant photographe professionnel.<\/p>\n\n\n\n<p><em>&#8211; Quand et comment es-tu tomb\u00e9 dans la photo&nbsp;? Qu\u2019est-ce que cela\nrepr\u00e9sente pour toi&nbsp;?<\/em><\/p>\n\n\n\n<p>Enfant, mes parents m\u2019avaient offert un appareil argentique mais un \u00e9v\u00e9nement regrettable (le vol de mon mat\u00e9riel) avait mis fin \u00e0 cette passion naissante. C\u2019est au d\u00e9but des ann\u00e9es 2000 que j\u2019ai pu de nouveau investir dans du mat\u00e9riel. La photographie fait d\u00e9sormais\npartie int\u00e9grante de ma vie puisqu\u2019elle occupe aussi bien ma &nbsp;vie professionnelle que mes moments de\nloisirs.<\/p>\n\n\n\n<p><em>&#8211; Quels sont les sujets qui t\u2019int\u00e9ressent&nbsp;? qu\u2019est-ce que tu y\ncherches, y trouves&nbsp;?<\/em><\/p>\n\n\n\n<p>D\u2019un naturel contemplatif et solitaire, amoureux des grands espaces je me suis naturellement&nbsp; tourn\u00e9 vers la photographie de paysage. Je poursuis une qu\u00eate\ninaccessible&nbsp;: Rendre compte au travers de mes photographies des\nsensations \u00e9prouv\u00e9es au contact et \u00e0 la vue des beaut\u00e9s de M\u00e8re Nature.<\/p>\n\n\n\n<p><em>&#8211; Qui sont les photographes qui t\u2019inspirent&nbsp;ou dont tu appr\u00e9cies particuli\u00e8rement\nle travail&nbsp;?<\/em><\/p>\n\n\n\n<p>En ce qui concerne mon domaine de pr\u00e9dilection&nbsp;: Sebastiao Salgado, Ragnar Axelsson, Olaf Otto Becker, Alexandre Deschaumes\u2026   Dans d\u2019autres domaines j\u2019appr\u00e9cie\n\u00e9galement le travail d\u2019Erwin Olaf, Alexander Gronsky, Julie Blackmon, Maria\nSvarbova\u2026 et tant d\u2019autres<\/p>\n\n\n\n<p><em>&#8211; Qu\u2019est-ce que tu pr\u00e9sentes dans ton exposition ?<\/em><\/p>\n\n\n\n<p>R\u00e9alis\u00e9e sur l\u2019ile de Lanzarote, cette exposition intitul\u00e9e \u00ab&nbsp;Eon 2&nbsp;\u00bb fait r\u00e9f\u00e9rence aux 2 premiers \u00e2ges de notre terre&nbsp;: l\u2019Had\u00e9en et l\u2019Arch\u00e9en.<\/p>\n\n\n\n<p><em>&#8211; ET pour la suite&nbsp;? des projets, des envies de d\u00e9couvertes,\nd\u2019\u00e9volution ?<\/em><\/p>\n\n\n\n<p>D\u2019autres voyages,\nd\u2019autres photos\u2026&nbsp;\ud83d\ude09 <\/p>\n\n\n\n<p>Avant de rencontrer Sylvain au Kursaal, voyons son site :  http:\/\/www.sylvain-francois.fr <\/p>\n\n\n\n<figure class=\"wp-block-image\"><img fetchpriority=\"high\" decoding=\"async\" width=\"1024\" height=\"576\" src=\"http:\/\/grain-dpixel.fr\/info\/wp-content\/uploads\/2019\/09\/francois-eon21-1024x576.jpg\" alt=\"\" class=\"wp-image-7498\" srcset=\"https:\/\/grain-dpixel.fr\/info\/wp-content\/uploads\/2019\/09\/francois-eon21-1024x576.jpg 1024w, https:\/\/grain-dpixel.fr\/info\/wp-content\/uploads\/2019\/09\/francois-eon21-300x169.jpg 300w, https:\/\/grain-dpixel.fr\/info\/wp-content\/uploads\/2019\/09\/francois-eon21-768x432.jpg 768w, https:\/\/grain-dpixel.fr\/info\/wp-content\/uploads\/2019\/09\/francois-eon21.jpg 1200w\" sizes=\"(max-width: 1024px) 100vw, 1024px\" \/><\/figure>\n\n\n\n<figure class=\"wp-block-image\"><img decoding=\"async\" width=\"828\" height=\"315\" src=\"http:\/\/grain-dpixel.fr\/info\/wp-content\/uploads\/2019\/08\/Logos-sponsors-festival-fB-et-site-828-x-315.jpg\" alt=\"\" class=\"wp-image-7429\" srcset=\"https:\/\/grain-dpixel.fr\/info\/wp-content\/uploads\/2019\/08\/Logos-sponsors-festival-fB-et-site-828-x-315.jpg 828w, https:\/\/grain-dpixel.fr\/info\/wp-content\/uploads\/2019\/08\/Logos-sponsors-festival-fB-et-site-828-x-315-300x114.jpg 300w, https:\/\/grain-dpixel.fr\/info\/wp-content\/uploads\/2019\/08\/Logos-sponsors-festival-fB-et-site-828-x-315-768x292.jpg 768w\" sizes=\"(max-width: 828px) 100vw, 828px\" \/><\/figure>\n","protected":false},"excerpt":{"rendered":"<p>&#8211; Quelques mots pour te pr\u00e9senter&nbsp;: Apr\u00e8s avoir v\u00e9cu plusieurs vies, j\u2019ai d\u00e9cid\u00e9 en 2014 de vivre de ma passion en devenant photographe professionnel. &#8211; Quand et comment es-tu tomb\u00e9 [&hellip;]<\/p>\n","protected":false},"author":1,"featured_media":7498,"comment_status":"open","ping_status":"open","sticky":false,"template":"","format":"standard","meta":{"_bbp_topic_count":0,"_bbp_reply_count":0,"_bbp_total_topic_count":0,"_bbp_total_reply_count":0,"_bbp_voice_count":0,"_bbp_anonymous_reply_count":0,"_bbp_topic_count_hidden":0,"_bbp_reply_count_hidden":0,"_bbp_forum_subforum_count":0,"_monsterinsights_skip_tracking":false,"_monsterinsights_sitenote_active":false,"_monsterinsights_sitenote_note":"","_monsterinsights_sitenote_category":0,"_jetpack_memberships_contains_paid_content":false,"footnotes":""},"categories":[99],"tags":[103,132],"class_list":["post-7497","post","type-post","status-publish","format-standard","has-post-thumbnail","hentry","category-interviews-2019","tag-festival-2019","tag-interview-2019"],"jetpack_featured_media_url":"https:\/\/grain-dpixel.fr\/info\/wp-content\/uploads\/2019\/09\/francois-eon21.jpg","jetpack_sharing_enabled":true,"_links":{"self":[{"href":"https:\/\/grain-dpixel.fr\/info\/wp-json\/wp\/v2\/posts\/7497","targetHints":{"allow":["GET"]}}],"collection":[{"href":"https:\/\/grain-dpixel.fr\/info\/wp-json\/wp\/v2\/posts"}],"about":[{"href":"https:\/\/grain-dpixel.fr\/info\/wp-json\/wp\/v2\/types\/post"}],"author":[{"embeddable":true,"href":"https:\/\/grain-dpixel.fr\/info\/wp-json\/wp\/v2\/users\/1"}],"replies":[{"embeddable":true,"href":"https:\/\/grain-dpixel.fr\/info\/wp-json\/wp\/v2\/comments?post=7497"}],"version-history":[{"count":2,"href":"https:\/\/grain-dpixel.fr\/info\/wp-json\/wp\/v2\/posts\/7497\/revisions"}],"predecessor-version":[{"id":7547,"href":"https:\/\/grain-dpixel.fr\/info\/wp-json\/wp\/v2\/posts\/7497\/revisions\/7547"}],"wp:featuredmedia":[{"embeddable":true,"href":"https:\/\/grain-dpixel.fr\/info\/wp-json\/wp\/v2\/media\/7498"}],"wp:attachment":[{"href":"https:\/\/grain-dpixel.fr\/info\/wp-json\/wp\/v2\/media?parent=7497"}],"wp:term":[{"taxonomy":"category","embeddable":true,"href":"https:\/\/grain-dpixel.fr\/info\/wp-json\/wp\/v2\/categories?post=7497"},{"taxonomy":"post_tag","embeddable":true,"href":"https:\/\/grain-dpixel.fr\/info\/wp-json\/wp\/v2\/tags?post=7497"}],"curies":[{"name":"wp","href":"https:\/\/api.w.org\/{rel}","templated":true}]}}