{"id":7479,"date":"2019-09-12T17:00:49","date_gmt":"2019-09-12T15:00:49","guid":{"rendered":"http:\/\/grain-dpixel.fr\/info\/?p=7479"},"modified":"2019-10-14T13:21:38","modified_gmt":"2019-10-14T11:21:38","slug":"festival-interview-de-jean-paul-gougain","status":"publish","type":"post","link":"https:\/\/grain-dpixel.fr\/info\/festival-interview-de-jean-paul-gougain\/","title":{"rendered":"Festival &#8211; Interview de Jean-Paul Gougain"},"content":{"rendered":"\n<p><em>&#8211; Quelques mots pour te pr\u00e9senter&nbsp;:<\/em><\/p>\n\n\n\n<p>Jean Paul\nGougain photographe amateur autodidacte.<\/p>\n\n\n\n<p><em>&#8211; Quand et comment es-tu\ntomb\u00e9 dans la photo&nbsp;? Qu\u2019est-ce que cela repr\u00e9sente pour toi&nbsp;?<\/em><\/p>\n\n\n\n<p>En manque de cr\u00e9ativit\u00e9 suite \u00e0 une activit\u00e9 professionnelle moins\ncaptivante, je suis tomb\u00e9 un peu par hasard dans la pratique de la photo il y a\nquelques ann\u00e9es.<\/p>\n\n\n\n<p>J\u2019y consacre actuellement une bonne part de mon temps libre et j\u2019\u00e9prouve\nune r\u00e9elle satisfaction dans le partage et l\u2019\u00e9change. <\/p>\n\n\n\n<p><em>&#8211; Quels sont les sujets qui t\u2019int\u00e9ressent&nbsp;? qu\u2019est-ce que tu y\ncherches, y trouves&nbsp;?<\/em><\/p>\n\n\n\n<p>Mon approche photographique se situe dans la captation de l\u2019\u00e9motion sur des\nsujets paysagers naturels, urbains, voire humains qui m\u2019entourent.<\/p>\n\n\n\n<p>Je travaille la narration,&nbsp; l\u2019esth\u00e9tique,\nle minimalisme \u2026 pour cela j\u2019explore toutes les possibilit\u00e9s techniques\noffertes par la photographie actuelle.<\/p>\n\n\n\n<p><em>&#8211; Qui sont les photographes qui t\u2019inspirent&nbsp;ou dont tu appr\u00e9cies\nparticuli\u00e8rement le travail&nbsp;?<\/em><\/p>\n\n\n\n<p>J\u2019ai une culture photographique assez \u00e9troite nourrie surtout par des coups\nde c\u0153ur au hasard des rencontres et partages&nbsp;: George Digalakis, Benoit\nCourti, Stallker, Michael Shlegel, Vassilis Tangoulis \u2026 et bien d\u2019autres.<\/p>\n\n\n\n<p><em>&#8211; Qu\u2019est-ce que tu pr\u00e9sentes dans ton exposition ?<\/em><\/p>\n\n\n\n<p>Je pr\u00e9sente une s\u00e9rie appel\u00e9e \u00ab&nbsp;Reggatta de Blanc&nbsp;\u00bb<\/p>\n\n\n\n<p>C\u2019est un travail sur les limites de la sensibilit\u00e9 photographique, la recherche de l\u00a0\u2018essentiel, la sublimation de la substance graphique du clich\u00e9.  <\/p>\n\n\n\n<p><em>&#8211; ET pour la suite&nbsp;? des projets, des envies de d\u00e9couvertes,\nd\u2019\u00e9volution ?<\/em><\/p>\n\n\n\n<p>De nouvelles s\u00e9ries sont en cours , je fais \u00e9galement \u00e9voluer celles\nexistantes.<\/p>\n\n\n\n<p>Je m\u2019exerce depuis peu au portrait cr\u00e9atif sous toutes ses formes.<\/p>\n\n\n\n<p>C&rsquo;est ici :  https:\/\/www.jpgougain.com\/  que nous approchons l&rsquo;univers de jean-Paul, puis au Mus\u00e9e des Maisons Comtoises du 28 septembre au 03 novembre<\/p>\n\n\n\n<figure class=\"wp-block-image\"><img fetchpriority=\"high\" decoding=\"async\" width=\"1024\" height=\"1024\" src=\"http:\/\/grain-dpixel.fr\/info\/wp-content\/uploads\/2019\/09\/gougain-03-1024x1024.jpg\" alt=\"\" class=\"wp-image-7480\" srcset=\"https:\/\/grain-dpixel.fr\/info\/wp-content\/uploads\/2019\/09\/gougain-03-1024x1024.jpg 1024w, https:\/\/grain-dpixel.fr\/info\/wp-content\/uploads\/2019\/09\/gougain-03-150x150.jpg 150w, https:\/\/grain-dpixel.fr\/info\/wp-content\/uploads\/2019\/09\/gougain-03-300x300.jpg 300w, https:\/\/grain-dpixel.fr\/info\/wp-content\/uploads\/2019\/09\/gougain-03-768x768.jpg 768w, https:\/\/grain-dpixel.fr\/info\/wp-content\/uploads\/2019\/09\/gougain-03.jpg 1200w\" sizes=\"(max-width: 1024px) 100vw, 1024px\" \/><\/figure>\n\n\n\n<figure class=\"wp-block-image\"><img decoding=\"async\" width=\"724\" height=\"1024\" src=\"http:\/\/grain-dpixel.fr\/info\/wp-content\/uploads\/2019\/08\/Affiche-HLM-Mus\u00e9e-maisons-comtoises-724x1024.jpg\" alt=\"\" class=\"wp-image-7409\" srcset=\"https:\/\/grain-dpixel.fr\/info\/wp-content\/uploads\/2019\/08\/Affiche-HLM-Mus\u00e9e-maisons-comtoises-724x1024.jpg 724w, https:\/\/grain-dpixel.fr\/info\/wp-content\/uploads\/2019\/08\/Affiche-HLM-Mus\u00e9e-maisons-comtoises-212x300.jpg 212w, https:\/\/grain-dpixel.fr\/info\/wp-content\/uploads\/2019\/08\/Affiche-HLM-Mus\u00e9e-maisons-comtoises-768x1087.jpg 768w, https:\/\/grain-dpixel.fr\/info\/wp-content\/uploads\/2019\/08\/Affiche-HLM-Mus\u00e9e-maisons-comtoises.jpg 1447w\" sizes=\"(max-width: 724px) 100vw, 724px\" \/><\/figure>\n\n\n\n<figure class=\"wp-block-image\"><img decoding=\"async\" width=\"828\" height=\"315\" src=\"http:\/\/grain-dpixel.fr\/info\/wp-content\/uploads\/2019\/08\/Logos-sponsors-festival-fB-et-site-828-x-315.jpg\" alt=\"\" class=\"wp-image-7429\" srcset=\"https:\/\/grain-dpixel.fr\/info\/wp-content\/uploads\/2019\/08\/Logos-sponsors-festival-fB-et-site-828-x-315.jpg 828w, https:\/\/grain-dpixel.fr\/info\/wp-content\/uploads\/2019\/08\/Logos-sponsors-festival-fB-et-site-828-x-315-300x114.jpg 300w, https:\/\/grain-dpixel.fr\/info\/wp-content\/uploads\/2019\/08\/Logos-sponsors-festival-fB-et-site-828-x-315-768x292.jpg 768w\" sizes=\"(max-width: 828px) 100vw, 828px\" \/><\/figure>\n","protected":false},"excerpt":{"rendered":"<p>&#8211; Quelques mots pour te pr\u00e9senter&nbsp;: Jean Paul Gougain photographe amateur autodidacte. &#8211; Quand et comment es-tu tomb\u00e9 dans la photo&nbsp;? Qu\u2019est-ce que cela repr\u00e9sente pour toi&nbsp;? En manque de [&hellip;]<\/p>\n","protected":false},"author":1,"featured_media":7480,"comment_status":"open","ping_status":"open","sticky":false,"template":"","format":"standard","meta":{"_bbp_topic_count":0,"_bbp_reply_count":0,"_bbp_total_topic_count":0,"_bbp_total_reply_count":0,"_bbp_voice_count":0,"_bbp_anonymous_reply_count":0,"_bbp_topic_count_hidden":0,"_bbp_reply_count_hidden":0,"_bbp_forum_subforum_count":0,"_monsterinsights_skip_tracking":false,"_monsterinsights_sitenote_active":false,"_monsterinsights_sitenote_note":"","_monsterinsights_sitenote_category":0,"_jetpack_memberships_contains_paid_content":false,"footnotes":""},"categories":[99],"tags":[103,132],"class_list":["post-7479","post","type-post","status-publish","format-standard","has-post-thumbnail","hentry","category-interviews-2019","tag-festival-2019","tag-interview-2019"],"jetpack_featured_media_url":"https:\/\/grain-dpixel.fr\/info\/wp-content\/uploads\/2019\/09\/gougain-03.jpg","jetpack_sharing_enabled":true,"_links":{"self":[{"href":"https:\/\/grain-dpixel.fr\/info\/wp-json\/wp\/v2\/posts\/7479","targetHints":{"allow":["GET"]}}],"collection":[{"href":"https:\/\/grain-dpixel.fr\/info\/wp-json\/wp\/v2\/posts"}],"about":[{"href":"https:\/\/grain-dpixel.fr\/info\/wp-json\/wp\/v2\/types\/post"}],"author":[{"embeddable":true,"href":"https:\/\/grain-dpixel.fr\/info\/wp-json\/wp\/v2\/users\/1"}],"replies":[{"embeddable":true,"href":"https:\/\/grain-dpixel.fr\/info\/wp-json\/wp\/v2\/comments?post=7479"}],"version-history":[{"count":1,"href":"https:\/\/grain-dpixel.fr\/info\/wp-json\/wp\/v2\/posts\/7479\/revisions"}],"predecessor-version":[{"id":7481,"href":"https:\/\/grain-dpixel.fr\/info\/wp-json\/wp\/v2\/posts\/7479\/revisions\/7481"}],"wp:featuredmedia":[{"embeddable":true,"href":"https:\/\/grain-dpixel.fr\/info\/wp-json\/wp\/v2\/media\/7480"}],"wp:attachment":[{"href":"https:\/\/grain-dpixel.fr\/info\/wp-json\/wp\/v2\/media?parent=7479"}],"wp:term":[{"taxonomy":"category","embeddable":true,"href":"https:\/\/grain-dpixel.fr\/info\/wp-json\/wp\/v2\/categories?post=7479"},{"taxonomy":"post_tag","embeddable":true,"href":"https:\/\/grain-dpixel.fr\/info\/wp-json\/wp\/v2\/tags?post=7479"}],"curies":[{"name":"wp","href":"https:\/\/api.w.org\/{rel}","templated":true}]}}