{"id":7400,"date":"2019-09-06T17:00:31","date_gmt":"2019-09-06T15:00:31","guid":{"rendered":"http:\/\/grain-dpixel.fr\/info\/?p=7400"},"modified":"2019-10-14T13:24:42","modified_gmt":"2019-10-14T11:24:42","slug":"festival-interview-de-marie-dumanward","status":"publish","type":"post","link":"https:\/\/grain-dpixel.fr\/info\/festival-interview-de-marie-dumanward\/","title":{"rendered":"Festival &#8211; Interview de Marie Dumanward"},"content":{"rendered":"\n<p><em>&#8211; Quelques mots pour te pr\u00e9senter&nbsp;:<\/em><\/p>\n\n\n\n<p><em>Marie Dumanward, Dew, M. Demesmay\u2026divers pseudos pour diverses activit\u00e9s mais un m\u00eame \u00e9lan cr\u00e9atif. Artiste plurielle (performances, collages, \u00e9criture\u2026), je donne actuellement&nbsp; la priorit\u00e9 \u00e0 la photographie.<\/em><\/p>\n\n\n\n<p><em>&#8211; Quand et comment es-tu tomb\u00e9 dans la photo&nbsp;? Qu\u2019est-ce que cela\nrepr\u00e9sente pour toi&nbsp;?<\/em><\/p>\n\n\n\n<p>Mod\u00e8le photo et performeuse depuis presque 10 ans, j\u2019ai d\u00e9cid\u00e9 de franchir\nle pas et de me mettre \u00e0 la cr\u00e9ation photographique en 2017. <\/p>\n\n\n\n<p><em>&#8211; Quels sont les sujets qui t\u2019int\u00e9ressent&nbsp;? qu\u2019est-ce que tu y\ncherches, y trouves&nbsp;?<\/em><\/p>\n\n\n\n<p>Issue du milieu de l\u2019expression corporelle (danse, performances, yoga), je\nm\u2019int\u00e9resse naturellement au langage du corps en photographie, d\u2019o\u00f9 un int\u00e9r\u00eat\nparticulier pour le nu. La qu\u00eate de soi, que j\u2019explore \u00e0 travers un travail\nd\u2019autoportraits, est \u00e9galement au c\u0153ur de mes pr\u00e9occupations artistiques.<\/p>\n\n\n\n<p><em>&#8211; Qui sont les photographes qui t\u2019inspirent&nbsp;ou dont tu appr\u00e9cies\nparticuli\u00e8rement le travail&nbsp;?<\/em><\/p>\n\n\n\n<p>Man Ray pour la recherche exp\u00e9rimentale, Helmut Newton son regard sur les\nfemmes. J\u2019ai beaucoup de respect pour l\u2019audace et la prise de risques d\u2019une\nfa\u00e7on g\u00e9n\u00e9rale&nbsp;!<\/p>\n\n\n\n<p><em>&#8211; Qu\u2019est-ce que tu pr\u00e9sentes dans ton exposition ?<\/em><\/p>\n\n\n\n<p>Dans \u00ab&nbsp;Je est un(e) autre&nbsp;\u00bb, &nbsp;une s\u00e9rie d\u2019autoportraits en pose longue,\nj\u2019explore la dualit\u00e9 de l\u2019Etre et r\u00e9v\u00e8le la pr\u00e9sence fantomatique d\u2019un soi que\nla vie en soci\u00e9t\u00e9 nous invite bien souvent \u00e0 dissimuler.<\/p>\n\n\n\n<p><em>&#8211; ET pour la suite&nbsp;? des projets, des envies de d\u00e9couvertes, d\u2019\u00e9volution\n?<\/em><\/p>\n\n\n\n<p>Toujours&nbsp;!&nbsp;Une nouvelle s\u00e9rie d\u2019autoportraits sur le th\u00e8me de la\nd\u00e9chirure amoureuse est dans les tuyaux. Et puis deux autres sont en train de\ngrandir dans ma t\u00eate\u2026 Une r\u00e9flexion sur l\u2019intimit\u00e9, inspir\u00e9e par ma vie\ncolocation depuis 10 ans mais aussi une s\u00e9rie plus engag\u00e9e&nbsp;: des corps et\ndes arbres, je ne vous en dis pas plus\u2026&nbsp;\ud83d\ude09<\/p>\n\n\n\n<p>Marie expose chez Corps Conscience et Mouvement du 28 sept au 19 oct et voici son site internet : <a href=\"https:\/\/marie-dumanward.book.fr\/\">https:\/\/marie-dumanward.book.fr\/<\/a><\/p>\n\n\n\n<figure class=\"wp-block-image\"><img fetchpriority=\"high\" decoding=\"async\" width=\"724\" height=\"1024\" src=\"http:\/\/grain-dpixel.fr\/info\/wp-content\/uploads\/2019\/09\/Affiche-HLM-Corps-conscience-mouvement-724x1024.jpg\" alt=\"\" class=\"wp-image-7410\" srcset=\"https:\/\/grain-dpixel.fr\/info\/wp-content\/uploads\/2019\/09\/Affiche-HLM-Corps-conscience-mouvement-724x1024.jpg 724w, https:\/\/grain-dpixel.fr\/info\/wp-content\/uploads\/2019\/09\/Affiche-HLM-Corps-conscience-mouvement-212x300.jpg 212w, https:\/\/grain-dpixel.fr\/info\/wp-content\/uploads\/2019\/09\/Affiche-HLM-Corps-conscience-mouvement-768x1087.jpg 768w, https:\/\/grain-dpixel.fr\/info\/wp-content\/uploads\/2019\/09\/Affiche-HLM-Corps-conscience-mouvement.jpg 1447w\" sizes=\"(max-width: 724px) 100vw, 724px\" \/><\/figure>\n\n\n\n<figure class=\"wp-block-image\"><img decoding=\"async\" width=\"1024\" height=\"683\" src=\"http:\/\/grain-dpixel.fr\/info\/wp-content\/uploads\/2019\/08\/MARIEDUMANWARD-jeest.jpeg-1024x683.jpg\" alt=\"\" class=\"wp-image-7401\" srcset=\"https:\/\/grain-dpixel.fr\/info\/wp-content\/uploads\/2019\/08\/MARIEDUMANWARD-jeest.jpeg-1024x683.jpg 1024w, https:\/\/grain-dpixel.fr\/info\/wp-content\/uploads\/2019\/08\/MARIEDUMANWARD-jeest.jpeg-300x200.jpg 300w, https:\/\/grain-dpixel.fr\/info\/wp-content\/uploads\/2019\/08\/MARIEDUMANWARD-jeest.jpeg-768x512.jpg 768w, https:\/\/grain-dpixel.fr\/info\/wp-content\/uploads\/2019\/08\/MARIEDUMANWARD-jeest.jpeg.jpg 1200w\" sizes=\"(max-width: 1024px) 100vw, 1024px\" \/><\/figure>\n\n\n\n<figure class=\"wp-block-image\"><img decoding=\"async\" width=\"828\" height=\"315\" src=\"http:\/\/grain-dpixel.fr\/info\/wp-content\/uploads\/2019\/08\/Logos-sponsors-festival-fB-et-site-828-x-315.jpg\" alt=\"\" class=\"wp-image-7429\" srcset=\"https:\/\/grain-dpixel.fr\/info\/wp-content\/uploads\/2019\/08\/Logos-sponsors-festival-fB-et-site-828-x-315.jpg 828w, https:\/\/grain-dpixel.fr\/info\/wp-content\/uploads\/2019\/08\/Logos-sponsors-festival-fB-et-site-828-x-315-300x114.jpg 300w, https:\/\/grain-dpixel.fr\/info\/wp-content\/uploads\/2019\/08\/Logos-sponsors-festival-fB-et-site-828-x-315-768x292.jpg 768w\" sizes=\"(max-width: 828px) 100vw, 828px\" \/><\/figure>\n","protected":false},"excerpt":{"rendered":"<p>&#8211; Quelques mots pour te pr\u00e9senter&nbsp;: Marie Dumanward, Dew, M. Demesmay\u2026divers pseudos pour diverses activit\u00e9s mais un m\u00eame \u00e9lan cr\u00e9atif. Artiste plurielle (performances, collages, \u00e9criture\u2026), je donne actuellement&nbsp; la priorit\u00e9 [&hellip;]<\/p>\n","protected":false},"author":1,"featured_media":7401,"comment_status":"open","ping_status":"open","sticky":false,"template":"","format":"standard","meta":{"_bbp_topic_count":0,"_bbp_reply_count":0,"_bbp_total_topic_count":0,"_bbp_total_reply_count":0,"_bbp_voice_count":0,"_bbp_anonymous_reply_count":0,"_bbp_topic_count_hidden":0,"_bbp_reply_count_hidden":0,"_bbp_forum_subforum_count":0,"_monsterinsights_skip_tracking":false,"_monsterinsights_sitenote_active":false,"_monsterinsights_sitenote_note":"","_monsterinsights_sitenote_category":0,"_jetpack_memberships_contains_paid_content":false,"footnotes":""},"categories":[99],"tags":[103,132],"class_list":["post-7400","post","type-post","status-publish","format-standard","has-post-thumbnail","hentry","category-interviews-2019","tag-festival-2019","tag-interview-2019"],"jetpack_featured_media_url":"https:\/\/grain-dpixel.fr\/info\/wp-content\/uploads\/2019\/08\/MARIEDUMANWARD-jeest.jpeg.jpg","jetpack_sharing_enabled":true,"_links":{"self":[{"href":"https:\/\/grain-dpixel.fr\/info\/wp-json\/wp\/v2\/posts\/7400","targetHints":{"allow":["GET"]}}],"collection":[{"href":"https:\/\/grain-dpixel.fr\/info\/wp-json\/wp\/v2\/posts"}],"about":[{"href":"https:\/\/grain-dpixel.fr\/info\/wp-json\/wp\/v2\/types\/post"}],"author":[{"embeddable":true,"href":"https:\/\/grain-dpixel.fr\/info\/wp-json\/wp\/v2\/users\/1"}],"replies":[{"embeddable":true,"href":"https:\/\/grain-dpixel.fr\/info\/wp-json\/wp\/v2\/comments?post=7400"}],"version-history":[{"count":4,"href":"https:\/\/grain-dpixel.fr\/info\/wp-json\/wp\/v2\/posts\/7400\/revisions"}],"predecessor-version":[{"id":7436,"href":"https:\/\/grain-dpixel.fr\/info\/wp-json\/wp\/v2\/posts\/7400\/revisions\/7436"}],"wp:featuredmedia":[{"embeddable":true,"href":"https:\/\/grain-dpixel.fr\/info\/wp-json\/wp\/v2\/media\/7401"}],"wp:attachment":[{"href":"https:\/\/grain-dpixel.fr\/info\/wp-json\/wp\/v2\/media?parent=7400"}],"wp:term":[{"taxonomy":"category","embeddable":true,"href":"https:\/\/grain-dpixel.fr\/info\/wp-json\/wp\/v2\/categories?post=7400"},{"taxonomy":"post_tag","embeddable":true,"href":"https:\/\/grain-dpixel.fr\/info\/wp-json\/wp\/v2\/tags?post=7400"}],"curies":[{"name":"wp","href":"https:\/\/api.w.org\/{rel}","templated":true}]}}