{"id":7377,"date":"2019-08-30T17:00:16","date_gmt":"2019-08-30T15:00:16","guid":{"rendered":"http:\/\/grain-dpixel.fr\/info\/?p=7377"},"modified":"2021-04-12T20:40:19","modified_gmt":"2021-04-12T18:40:19","slug":"festival-linvite-du-public-est-mehdi-acheche","status":"publish","type":"post","link":"https:\/\/grain-dpixel.fr\/info\/festival-linvite-du-public-est-mehdi-acheche\/","title":{"rendered":"Festival : l&rsquo;invit\u00e9 du public est Mehdi Ach\u00e8che"},"content":{"rendered":"\n<p>Il a conquis le public 2018, il revient cette ann\u00e9e en tant qu&rsquo;invit\u00e9, avec de nouvelles images \ud83d\ude42<\/p>\n\n\n\n<p>Le public 2019 aura \u00e9galement l&rsquo;occasion de voter pour son photographe pr\u00e9f\u00e9r\u00e9 au Kursaal les 19 et 20 octobre !<\/p>\n\n\n\n<p><em>&#8211; Quelques mots pour te pr\u00e9senter&nbsp;:<\/em><\/p>\n\n\n\n<p> Je suis originaire du Jura et habite Besan\u00e7on o\u00f9 j\u2019ai effectu\u00e9 mes \u00e9tudes. J\u2019ai 44 ans et je suis ing\u00e9nieur en Informatique de formation, mais je me consacre d\u00e9sormais \u00e0 la photographie animali\u00e8re. Sportif et passionn\u00e9 de nature, je pratique assidument le VTT dans notre magnifique r\u00e9gion, o\u00f9 les rencontres avec la faune sauvage ne sont pas rares. <\/p>\n\n\n\n<p><em>&#8211; Quand et comment es-tu tomb\u00e9 dans la photo&nbsp;? Qu\u2019est-ce que cela\nrepr\u00e9sente pour toi&nbsp;?<\/em><\/p>\n\n\n\n<p>C\u2019est\njustement \u00e0 force de sillonner les for\u00eats et sentiers de notre r\u00e9gion, au gr\u00e9\nde rencontres toujours extraordinaires, que j\u2019ai eu l\u2019envie de venir \u00e0 la\nphotographie. Ce qui au d\u00e9part \u00e9tait un moyen d\u2019immortaliser les sc\u00e8nes vues en\nchemin est vite devenu une fin en soi. L\u2019id\u00e9e de voir et de pouvoir partager la\nbeaut\u00e9 de la faune sauvage est aujourd\u2019hui plus qu\u2019une passion.<\/p>\n\n\n\n<p><em>&#8211; Quels sont les sujets qui t\u2019int\u00e9ressent&nbsp;? qu\u2019est-ce que tu y\ncherches, y trouves&nbsp;?<\/em><\/p>\n\n\n\n<p>Mon approche s\u2019oriente essentiellement sur la faune locale. J\u2019essaie de r\u00e9v\u00e9ler la beaut\u00e9 simple de chaque animal sauvage, fut-il \u00ab\u00a0commun\u00a0\u00bb, \u00e0 travers des attitudes et des comportements au sein de son environnement naturel. A travers mes photos, je souhaite toucher les spectateurs et les inciter \u00e0 prendre le temps de mieux observer la beaut\u00e9 de la faune qui nous entoure.  Outre le plaisir d\u2019\u00eatre le t\u00e9moin privil\u00e9gi\u00e9 de magnifiques cr\u00e9atures,  les \u00e9changes avec les spectateurs, souvent tr\u00e8s sensibles aux images,  sont tr\u00e8s gratifiantes et encourageantes. <\/p>\n\n\n\n<p><em>&#8211; Qui sont les photographes qui t\u2019inspirent&nbsp;ou dont tu appr\u00e9cies\nparticuli\u00e8rement le travail&nbsp;?<\/em><\/p>\n\n\n\n<p>Plus qu\u2019une\npersonne en particulier, c\u2019est le travail de chacun que je regarde avec\nattention, avec au centre de l\u2019image, l\u2019animal. J\u2019appr\u00e9cie particuli\u00e8rement les\nsc\u00e8nes expressives o\u00f9 le comportement de l\u2019animal est sublim\u00e9 par le d\u00e9cor\nnaturel.<\/p>\n\n\n\n<p><em>&#8211; Qu\u2019est-ce que tu pr\u00e9sentes dans ton exposition ?<\/em><\/p>\n\n\n\n<p> Mon exposition se concentre sur la faune de notre r\u00e9gion. Toutes les photos que je pr\u00e9sente ont en effet \u00e9t\u00e9 prises en Franche-Comt\u00e9 ou le long de l\u2019arc jurassien, et montre la richesse de la faune locale. Qu\u2019il s\u2019agisse d\u2019esp\u00e8ces embl\u00e9matiques comme le lynx bor\u00e9al ou au contraire d\u2019animaux plus communs tels le martin-p\u00eacheur ou l\u2019hermine, je souhaite associer instants de vie et esth\u00e9tisme au cours de mon exposition.<\/p>\n\n\n\n<p><em>&#8211; ET pour la suite&nbsp;? des projets, des envies de d\u00e9couvertes,\nd\u2019\u00e9volution ?<\/em><\/p>\n\n\n\n<p>Je souhaite poursuivre ma qu\u00eate de la faune locale en d\u00e9couvrant de nouvelles esp\u00e8ces et en prenant le temps de m\u2019attacher \u00e0 certaines, comme j\u2019ai pu le faire pour le martin p\u00eacheur. D\u2019un point de vue purement photographique, je continue mon \u00e9volution et je cherche encore d\u2019avantage \u00e0 incorporer l\u2019environnement naturel de l\u2019animal \u00e0 l\u2019image.  J\u2019esp\u00e8re bien s\u00fbr avoir toujours l\u2019opportunit\u00e9 de pr\u00e9senter mon travail  au cours d\u2019expositions ou de festivals futurs et de pouvoir partager mes  images avec de plus en plus de personnes. La publication d\u2019un ouvrage  est d\u2019ailleurs un souhait qui me tient \u00e0 c\u0153ur, que je souhaite m\u00fbrir  sans h\u00e2te, et qui devrait voir le jour l\u2019ann\u00e9e prochaine. <\/p>\n\n\n\n<p>Mehdi sera au Kursaal les 19\/20 octobre 2019, et voici le lien vers son site : <a href=\"https:\/\/www.galerienature.fr\/\">https:\/\/www.galerienature.fr\/<\/a><\/p>\n\n\n\n<div class=\"wp-block-image\"><figure class=\"aligncenter\"><img fetchpriority=\"high\" decoding=\"async\" width=\"1024\" height=\"683\" src=\"http:\/\/grain-dpixel.fr\/info\/wp-content\/uploads\/2019\/08\/contemplation-1024x683.jpg\" alt=\"\" class=\"wp-image-7378\" srcset=\"https:\/\/grain-dpixel.fr\/info\/wp-content\/uploads\/2019\/08\/contemplation-1024x683.jpg 1024w, https:\/\/grain-dpixel.fr\/info\/wp-content\/uploads\/2019\/08\/contemplation-300x200.jpg 300w, https:\/\/grain-dpixel.fr\/info\/wp-content\/uploads\/2019\/08\/contemplation-768x512.jpg 768w, https:\/\/grain-dpixel.fr\/info\/wp-content\/uploads\/2019\/08\/contemplation.jpg 1200w\" sizes=\"(max-width: 1024px) 100vw, 1024px\" \/><\/figure><\/div>\n\n\n\n<figure class=\"wp-block-image\"><img decoding=\"async\" width=\"828\" height=\"315\" src=\"http:\/\/grain-dpixel.fr\/info\/wp-content\/uploads\/2019\/08\/Logos-sponsors-festival-fB-et-site-828-x-315.jpg\" alt=\"\" class=\"wp-image-7429\" srcset=\"https:\/\/grain-dpixel.fr\/info\/wp-content\/uploads\/2019\/08\/Logos-sponsors-festival-fB-et-site-828-x-315.jpg 828w, https:\/\/grain-dpixel.fr\/info\/wp-content\/uploads\/2019\/08\/Logos-sponsors-festival-fB-et-site-828-x-315-300x114.jpg 300w, https:\/\/grain-dpixel.fr\/info\/wp-content\/uploads\/2019\/08\/Logos-sponsors-festival-fB-et-site-828-x-315-768x292.jpg 768w\" sizes=\"(max-width: 828px) 100vw, 828px\" \/><\/figure>\n","protected":false},"excerpt":{"rendered":"<p>Il a conquis le public 2018, il revient cette ann\u00e9e en tant qu&rsquo;invit\u00e9, avec de nouvelles images \ud83d\ude42 Le public 2019 aura \u00e9galement l&rsquo;occasion de voter pour son photographe pr\u00e9f\u00e9r\u00e9 [&hellip;]<\/p>\n","protected":false},"author":1,"featured_media":7378,"comment_status":"open","ping_status":"open","sticky":false,"template":"","format":"standard","meta":{"_bbp_topic_count":0,"_bbp_reply_count":0,"_bbp_total_topic_count":0,"_bbp_total_reply_count":0,"_bbp_voice_count":0,"_bbp_anonymous_reply_count":0,"_bbp_topic_count_hidden":0,"_bbp_reply_count_hidden":0,"_bbp_forum_subforum_count":0,"_monsterinsights_skip_tracking":false,"_monsterinsights_sitenote_active":false,"_monsterinsights_sitenote_note":"","_monsterinsights_sitenote_category":0,"_jetpack_memberships_contains_paid_content":false,"footnotes":""},"categories":[98,99],"tags":[103,132,133],"class_list":["post-7377","post","type-post","status-publish","format-standard","has-post-thumbnail","hentry","category-festival-2019","category-interviews-2019","tag-festival-2019","tag-interview-2019","tag-invite-du-public-2019"],"jetpack_featured_media_url":"https:\/\/grain-dpixel.fr\/info\/wp-content\/uploads\/2019\/08\/contemplation.jpg","jetpack_sharing_enabled":true,"_links":{"self":[{"href":"https:\/\/grain-dpixel.fr\/info\/wp-json\/wp\/v2\/posts\/7377","targetHints":{"allow":["GET"]}}],"collection":[{"href":"https:\/\/grain-dpixel.fr\/info\/wp-json\/wp\/v2\/posts"}],"about":[{"href":"https:\/\/grain-dpixel.fr\/info\/wp-json\/wp\/v2\/types\/post"}],"author":[{"embeddable":true,"href":"https:\/\/grain-dpixel.fr\/info\/wp-json\/wp\/v2\/users\/1"}],"replies":[{"embeddable":true,"href":"https:\/\/grain-dpixel.fr\/info\/wp-json\/wp\/v2\/comments?post=7377"}],"version-history":[{"count":5,"href":"https:\/\/grain-dpixel.fr\/info\/wp-json\/wp\/v2\/posts\/7377\/revisions"}],"predecessor-version":[{"id":7430,"href":"https:\/\/grain-dpixel.fr\/info\/wp-json\/wp\/v2\/posts\/7377\/revisions\/7430"}],"wp:featuredmedia":[{"embeddable":true,"href":"https:\/\/grain-dpixel.fr\/info\/wp-json\/wp\/v2\/media\/7378"}],"wp:attachment":[{"href":"https:\/\/grain-dpixel.fr\/info\/wp-json\/wp\/v2\/media?parent=7377"}],"wp:term":[{"taxonomy":"category","embeddable":true,"href":"https:\/\/grain-dpixel.fr\/info\/wp-json\/wp\/v2\/categories?post=7377"},{"taxonomy":"post_tag","embeddable":true,"href":"https:\/\/grain-dpixel.fr\/info\/wp-json\/wp\/v2\/tags?post=7377"}],"curies":[{"name":"wp","href":"https:\/\/api.w.org\/{rel}","templated":true}]}}