{"id":4805,"date":"2017-10-06T18:34:37","date_gmt":"2017-10-06T16:34:37","guid":{"rendered":"http:\/\/grain-dpixel.fr\/info\/?p=4805"},"modified":"2017-10-29T19:09:18","modified_gmt":"2017-10-29T18:09:18","slug":"interview_de_jean_luc_delacour","status":"publish","type":"post","link":"https:\/\/grain-dpixel.fr\/info\/interview_de_jean_luc_delacour\/","title":{"rendered":"Festival &#8211; Interview de Jean-Luc Delacour"},"content":{"rendered":"<p><img fetchpriority=\"high\" decoding=\"async\" class=\"aligncenter size-large wp-image-4806\" src=\"http:\/\/grain-dpixel.fr\/info\/wp-content\/uploads\/2017\/10\/Delacour-3-1024x684.jpg\" alt=\"\" width=\"604\" height=\"403\" srcset=\"https:\/\/grain-dpixel.fr\/info\/wp-content\/uploads\/2017\/10\/Delacour-3-1024x684.jpg 1024w, https:\/\/grain-dpixel.fr\/info\/wp-content\/uploads\/2017\/10\/Delacour-3-300x200.jpg 300w, https:\/\/grain-dpixel.fr\/info\/wp-content\/uploads\/2017\/10\/Delacour-3-768x513.jpg 768w, https:\/\/grain-dpixel.fr\/info\/wp-content\/uploads\/2017\/10\/Delacour-3.jpg 1200w\" sizes=\"(max-width: 604px) 100vw, 604px\" \/><\/p>\n<p>&nbsp;<\/p>\n<p><strong><em>&#8211; Quelques mots pour te pr\u00e9senter\u00a0:<\/em><\/strong><br \/>\nRetrait\u00e9 depuis peu, Jean-Luc DELACOUR, mari\u00e9, 1 fille et deux adorables petites filles . Collectionneur d\u2019appareils photos r\u00e9flex argentique, la photo, la marche et un peu de sport<\/p>\n<p><em>\u00a0<\/em><strong><em>&#8211; Quand et comment es-tu tomb\u00e9 dans la photo\u00a0? Qu\u2019est-ce que cela repr\u00e9sente pour toi\u00a0?<\/em><\/strong><br \/>\nEn commen\u00e7ant la collection d\u2018appareils photo, ce qui m\u2019a donn\u00e9 l\u2019envie de faire de la photo\u00a0? D\u2019abord en argentique un peu puis \u00e0 l\u2019apparition du num\u00e9rique ma passion a vraiment occup\u00e9 de mon temps.<br \/>\nUn \u00e9tat d\u2019esprit, une fa\u00e7on de voir diff\u00e9remment, de capturer un instant pr\u00e9sent et \u00e9ph\u00e9m\u00e8re pour pouvoir le voir et revoir gr\u00e2ce \u00e0 la photo.<\/p>\n<p><strong><em>&#8211; Quels sont les sujets qui t\u2019int\u00e9ressent\u00a0? qu\u2019est-ce que tu y cherches, y trouves\u00a0?<\/em><\/strong><br \/>\nJe n\u2019ai pas de sujets de pr\u00e9dilection en particulier, mais depuis un certain temps la ville et ces multiples facettes.<br \/>\nJe recherche le plaisir de me promener, d\u2019observer et de photographier. Je trouve l\u00e0 un moyen d\u2019\u00e9vasion du quotidien ou il n\u2019y a place qu\u2019\u00e0 la d\u00e9couverte des lieux, des gens et d\u2019apprendre.<\/p>\n<p><strong><em>&#8211; Qui sont les photographes qui t\u2019inspirent\u00a0ou dont tu appr\u00e9cies particuli\u00e8rement le travail\u00a0?<\/em><\/strong><br \/>\nJe ne suis pas trop connaisseur du monde des grands photographes mais j\u2019appr\u00e9cie Willy Ronis, Ansel Adams, Emile Barbier, Vincent Munier pour ne citer que ceux-ci.<\/p>\n<p><strong><em>&#8211; Qu\u2019est-ce que tu pr\u00e9sentes dans ton exposition ?<\/em><\/strong><br \/>\nCe que mon \u0153il ne voyait pas ou mal de mon point de vue et que maintenant j\u2019arrive \u00e0 voir les choses et les \u00e9l\u00e9ments avec un regard tr\u00e8s diff\u00e9rent.<br \/>\nBallades dans les grandes villes \u00e0 la recherche d\u2019architectures ou de sc\u00e8nes qui me fera d\u00e9clencher \u00e0 un instant pr\u00e9cis.<\/p>\n<p><strong><em>&#8211; ET pour la suite\u00a0? des projets, des envies de d\u00e9couvertes, d\u2019\u00e9volution ?<\/em><\/strong><br \/>\nApprendre sans trop me formater tout en connaissant les principales r\u00e8gles qui r\u00e9gissent la photographie.<br \/>\nDes envies de d\u00e9couvertes, oui en m\u00eame temps c\u2019est comme cela que l\u2019on progresse et que l\u2019on \u00e9volue.<br \/>\nPeut-\u00eatre en d\u00e9but d\u2019ann\u00e9e 2018 me faire un site photo pour partager mes vues avec un plus de monde.<\/p>\n<p>Pour faire plus ample connaissance de Jean-Luc et de ses images, rendez-vous les 21&amp;22 octobre !<\/p>\n","protected":false},"excerpt":{"rendered":"<p>&nbsp; &#8211; Quelques mots pour te pr\u00e9senter\u00a0: Retrait\u00e9 depuis peu, Jean-Luc DELACOUR, mari\u00e9, 1 fille et deux adorables petites filles . Collectionneur d\u2019appareils photos r\u00e9flex argentique, la photo, la marche [&hellip;]<\/p>\n","protected":false},"author":1,"featured_media":0,"comment_status":"open","ping_status":"open","sticky":false,"template":"","format":"standard","meta":{"_bbp_topic_count":0,"_bbp_reply_count":0,"_bbp_total_topic_count":0,"_bbp_total_reply_count":0,"_bbp_voice_count":0,"_bbp_anonymous_reply_count":0,"_bbp_topic_count_hidden":0,"_bbp_reply_count_hidden":0,"_bbp_forum_subforum_count":0,"_monsterinsights_skip_tracking":false,"_monsterinsights_sitenote_active":false,"_monsterinsights_sitenote_note":"","_monsterinsights_sitenote_category":0,"_jetpack_memberships_contains_paid_content":false,"footnotes":""},"categories":[68],"tags":[],"class_list":["post-4805","post","type-post","status-publish","format-standard","hentry","category-interviews-2017"],"jetpack_featured_media_url":"","jetpack_sharing_enabled":true,"_links":{"self":[{"href":"https:\/\/grain-dpixel.fr\/info\/wp-json\/wp\/v2\/posts\/4805","targetHints":{"allow":["GET"]}}],"collection":[{"href":"https:\/\/grain-dpixel.fr\/info\/wp-json\/wp\/v2\/posts"}],"about":[{"href":"https:\/\/grain-dpixel.fr\/info\/wp-json\/wp\/v2\/types\/post"}],"author":[{"embeddable":true,"href":"https:\/\/grain-dpixel.fr\/info\/wp-json\/wp\/v2\/users\/1"}],"replies":[{"embeddable":true,"href":"https:\/\/grain-dpixel.fr\/info\/wp-json\/wp\/v2\/comments?post=4805"}],"version-history":[{"count":2,"href":"https:\/\/grain-dpixel.fr\/info\/wp-json\/wp\/v2\/posts\/4805\/revisions"}],"predecessor-version":[{"id":4818,"href":"https:\/\/grain-dpixel.fr\/info\/wp-json\/wp\/v2\/posts\/4805\/revisions\/4818"}],"wp:attachment":[{"href":"https:\/\/grain-dpixel.fr\/info\/wp-json\/wp\/v2\/media?parent=4805"}],"wp:term":[{"taxonomy":"category","embeddable":true,"href":"https:\/\/grain-dpixel.fr\/info\/wp-json\/wp\/v2\/categories?post=4805"},{"taxonomy":"post_tag","embeddable":true,"href":"https:\/\/grain-dpixel.fr\/info\/wp-json\/wp\/v2\/tags?post=4805"}],"curies":[{"name":"wp","href":"https:\/\/api.w.org\/{rel}","templated":true}]}}