{"id":4799,"date":"2017-10-05T22:22:00","date_gmt":"2017-10-05T20:22:00","guid":{"rendered":"http:\/\/grain-dpixel.fr\/info\/?p=4799"},"modified":"2017-10-29T19:09:10","modified_gmt":"2017-10-29T18:09:10","slug":"festival-interview-de-baptiste-dufeal","status":"publish","type":"post","link":"https:\/\/grain-dpixel.fr\/info\/festival-interview-de-baptiste-dufeal\/","title":{"rendered":"Festival &#8211; Interview de Baptiste Duf\u00e9al"},"content":{"rendered":"<p>&nbsp;<\/p>\n<p><img fetchpriority=\"high\" decoding=\"async\" class=\"aligncenter size-large wp-image-4803\" src=\"http:\/\/grain-dpixel.fr\/info\/wp-content\/uploads\/2017\/10\/DSC_2831-1024x684.jpg\" alt=\"\" width=\"604\" height=\"403\" srcset=\"https:\/\/grain-dpixel.fr\/info\/wp-content\/uploads\/2017\/10\/DSC_2831-1024x684.jpg 1024w, https:\/\/grain-dpixel.fr\/info\/wp-content\/uploads\/2017\/10\/DSC_2831-300x200.jpg 300w, https:\/\/grain-dpixel.fr\/info\/wp-content\/uploads\/2017\/10\/DSC_2831-768x513.jpg 768w, https:\/\/grain-dpixel.fr\/info\/wp-content\/uploads\/2017\/10\/DSC_2831.jpg 1200w\" sizes=\"(max-width: 604px) 100vw, 604px\" \/><\/p>\n<p><strong><em>&#8211; Quelques mots pour te pr\u00e9senter\u00a0:<\/em><\/strong><br \/>\nJe m&rsquo;appelle Baptiste Duf\u00e9al et j&rsquo;ai 28 ans. J&rsquo;ai d\u00e9couvert le massif jurassien il y a maintenant 6 ans et j&rsquo;en suis tomb\u00e9 amoureux. Aujourd&rsquo;hui j&rsquo;ai la chance d&rsquo;y vivre et c&rsquo;est un \u00e9merveillement quotidien<em>.<\/em><\/p>\n<p><em>\u00a0<\/em><strong><em>&#8211; Quand et comment es-tu tomb\u00e9 dans la photo\u00a0? Qu\u2019est-ce que cela repr\u00e9sente pour toi\u00a0?<\/em><\/strong><br \/>\nJ&rsquo;ai commenc\u00e9 la photo il y a 3 ans. Ce n&rsquo;\u00e9tait pas une passion en soi, simplement un moyen d&rsquo;exprimer mon amour pour la nature. Je ne mes suis pas vraiment rendu compte qu&rsquo;en tr\u00e8s peu de temps j&rsquo;\u00e9tais devenu addict. Il \u00e9tait impensable ne serait ce que de sortir de chez moi sans mon petit reflex. Aujourd&rsquo;hui, j&rsquo;ai pris un peu de recul et j&rsquo;arrive parfois \u00e0 partir sans mon bo\u00eftier \u2026 quand je l&rsquo;oublie.<br \/>\nLa photographie est un moyen d&rsquo;expression avant tout, parfois militante ou simplement contemplative. Elle n&rsquo;est jamais avare d&rsquo;\u00e9motions.<\/p>\n<p><strong><em>&#8211; Quels sont les sujets qui t\u2019int\u00e9ressent\u00a0? qu\u2019est-ce que tu y cherches, y trouves\u00a0?<\/em><\/strong><br \/>\nMon principal int\u00e9r\u00eat en photographie a toujours \u00e9t\u00e9 les paysages. Nous avons la chance en France d&rsquo;avoir des paysages vari\u00e9s d&rsquo;une extr\u00eame beaut\u00e9.<br \/>\nPuis je me suis int\u00e9ress\u00e9 \u00e0 la photographie animali\u00e8re, discipline \u00e0 part dans le monde de la photo puisqu&rsquo;il s&rsquo;agit d&rsquo;\u00eatre autant naturaliste que photographe.<br \/>\nLa photo me permet de traduire mes \u00e9motions, mes admirations et mes coups de gueule.<\/p>\n<p><strong><em>&#8211; Qui sont les photographes qui t\u2019inspirent\u00a0ou dont tu appr\u00e9cies particuli\u00e8rement le travail\u00a0?<\/em><\/strong><br \/>\nEvidemment il y a Vincent Munier qui revient toujours. Mais j&rsquo;aimerai avant tout mettre en avant toute une nouvelle g\u00e9n\u00e9ration montante de photographes animalier et de paysage avec une philosophie tourn\u00e9e vers un respect maximal de l&rsquo;animal et de son environnement. Je pense que nous avons aujourd&rsquo;hui \u00e9norm\u00e9ment de jeunes ambassadeurs de notre belle nature.<\/p>\n<p><strong><em>&#8211; Qu\u2019est-ce que tu pr\u00e9sentes dans ton exposition ?<\/em><\/strong><br \/>\nJ&rsquo;ai naturellement d\u00e9cid\u00e9 de faire une exposition tourn\u00e9e vers le massif Jurassien et ses tr\u00e9sors naturels. J&rsquo;ai donc pr\u00e9par\u00e9 une s\u00e9lection de clich\u00e9s vari\u00e9s, paysage, macro et animalier. En esp\u00e9rant que cela incitera le public \u00e0 s\u2019int\u00e9resser et \u00e0 pr\u00e9server le patrimoine naturel Franc Comtois.<\/p>\n<p><strong><em>&#8211; ET pour la suite\u00a0? des projets, des envies de d\u00e9couvertes, d\u2019\u00e9volution ?<\/em><\/strong><br \/>\nEvidemment des envies, pas de projets actuellement simplement car je n&rsquo;ai pas le temps. J&rsquo;ai une vie de famille que je qualifierai de bien remplie.\u00a0 Alors je me contente pour le moment de profiter des rares moments que je peux consacrer \u00e0 la photographie.<\/p>\n<p><a href=\"http:\/\/baptiste-dufeal-photographie.com\/\" target=\"_blank\" rel=\"noopener\"><span style=\"color: #0000ff;\">Et c&rsquo;est ICI que nous retrouvons Baptiste<\/span><\/a><\/p>\n","protected":false},"excerpt":{"rendered":"<p>&nbsp; &#8211; Quelques mots pour te pr\u00e9senter\u00a0: Je m&rsquo;appelle Baptiste Duf\u00e9al et j&rsquo;ai 28 ans. J&rsquo;ai d\u00e9couvert le massif jurassien il y a maintenant 6 ans et j&rsquo;en suis tomb\u00e9 [&hellip;]<\/p>\n","protected":false},"author":1,"featured_media":0,"comment_status":"open","ping_status":"open","sticky":false,"template":"","format":"standard","meta":{"_bbp_topic_count":0,"_bbp_reply_count":0,"_bbp_total_topic_count":0,"_bbp_total_reply_count":0,"_bbp_voice_count":0,"_bbp_anonymous_reply_count":0,"_bbp_topic_count_hidden":0,"_bbp_reply_count_hidden":0,"_bbp_forum_subforum_count":0,"_monsterinsights_skip_tracking":false,"_monsterinsights_sitenote_active":false,"_monsterinsights_sitenote_note":"","_monsterinsights_sitenote_category":0,"_jetpack_memberships_contains_paid_content":false,"footnotes":""},"categories":[68],"tags":[],"class_list":["post-4799","post","type-post","status-publish","format-standard","hentry","category-interviews-2017"],"jetpack_featured_media_url":"","jetpack_sharing_enabled":true,"_links":{"self":[{"href":"https:\/\/grain-dpixel.fr\/info\/wp-json\/wp\/v2\/posts\/4799","targetHints":{"allow":["GET"]}}],"collection":[{"href":"https:\/\/grain-dpixel.fr\/info\/wp-json\/wp\/v2\/posts"}],"about":[{"href":"https:\/\/grain-dpixel.fr\/info\/wp-json\/wp\/v2\/types\/post"}],"author":[{"embeddable":true,"href":"https:\/\/grain-dpixel.fr\/info\/wp-json\/wp\/v2\/users\/1"}],"replies":[{"embeddable":true,"href":"https:\/\/grain-dpixel.fr\/info\/wp-json\/wp\/v2\/comments?post=4799"}],"version-history":[{"count":3,"href":"https:\/\/grain-dpixel.fr\/info\/wp-json\/wp\/v2\/posts\/4799\/revisions"}],"predecessor-version":[{"id":4804,"href":"https:\/\/grain-dpixel.fr\/info\/wp-json\/wp\/v2\/posts\/4799\/revisions\/4804"}],"wp:attachment":[{"href":"https:\/\/grain-dpixel.fr\/info\/wp-json\/wp\/v2\/media?parent=4799"}],"wp:term":[{"taxonomy":"category","embeddable":true,"href":"https:\/\/grain-dpixel.fr\/info\/wp-json\/wp\/v2\/categories?post=4799"},{"taxonomy":"post_tag","embeddable":true,"href":"https:\/\/grain-dpixel.fr\/info\/wp-json\/wp\/v2\/tags?post=4799"}],"curies":[{"name":"wp","href":"https:\/\/api.w.org\/{rel}","templated":true}]}}