{"id":4791,"date":"2017-10-03T18:30:29","date_gmt":"2017-10-03T16:30:29","guid":{"rendered":"http:\/\/grain-dpixel.fr\/info\/?p=4791"},"modified":"2017-10-29T19:06:13","modified_gmt":"2017-10-29T18:06:13","slug":"festival-interview-de-marie-delbaere","status":"publish","type":"post","link":"https:\/\/grain-dpixel.fr\/info\/festival-interview-de-marie-delbaere\/","title":{"rendered":"Festival &#8211; Interview de Marie Delbaere"},"content":{"rendered":"<p><img fetchpriority=\"high\" decoding=\"async\" class=\"aligncenter size-large wp-image-4792\" src=\"http:\/\/grain-dpixel.fr\/info\/wp-content\/uploads\/2017\/10\/Renard-783x1024.jpg\" alt=\"\" width=\"604\" height=\"790\" srcset=\"https:\/\/grain-dpixel.fr\/info\/wp-content\/uploads\/2017\/10\/Renard-783x1024.jpg 783w, https:\/\/grain-dpixel.fr\/info\/wp-content\/uploads\/2017\/10\/Renard-230x300.jpg 230w, https:\/\/grain-dpixel.fr\/info\/wp-content\/uploads\/2017\/10\/Renard-768x1004.jpg 768w, https:\/\/grain-dpixel.fr\/info\/wp-content\/uploads\/2017\/10\/Renard.jpg 918w\" sizes=\"(max-width: 604px) 100vw, 604px\" \/><\/p>\n<p><strong><em>&#8211; Quelques mots pour te pr\u00e9senter\u00a0:<\/em><\/strong><br \/>\nBretonne de 23 ans, passionn\u00e9e depuis toute petite par le monde animal et la nature<br \/>\n<em>\u00a0<\/em><br \/>\n<strong><em>&#8211; Quand et comment es-tu tomb\u00e9 dans la photo\u00a0? Qu\u2019est-ce que cela repr\u00e9sente pour toi\u00a0?<\/em><\/strong><br \/>\nJ&rsquo;ai toujours aim\u00e9 faire des photos de tous moments ou personnes importantes, afin de garder un souvenir pour toujours.<br \/>\nMais pour le cas de la photographie animali\u00e8re j&rsquo;avais 18 ans, c&rsquo;est lors d&rsquo;une simple promenade, o\u00f9\u00a0 j&rsquo;ai crois\u00e9 le regard d&rsquo;un renard, ayant mon appareil dans les mains, je n&rsquo;ai pas h\u00e9sit\u00e9 une seconde&#8230; de cette rencontre tous \u00e0 commenc\u00e9, j&rsquo;ai voulu revoir cet animal, revivre cette \u00e9motion, et pendant mes recherches j&rsquo;ai d\u00e9couverts de tas d&rsquo;autres esp\u00e8ces, qu&rsquo;on ne soup\u00e7onne pas forc\u00e9ment quand on ne s&rsquo;y int\u00e9resse pas&#8230; Et depuis je ne cesse de multiplier mes sorties et mes rencontres.<\/p>\n<p><strong><em>&#8211; Quels sont les sujets qui t\u2019int\u00e9ressent\u00a0? qu\u2019est-ce que tu y cherches, y trouves\u00a0?<\/em><\/strong><br \/>\nLes sujets qui m&rsquo;int\u00e9ressent sont les animaux de la faune local, avec une pr\u00e9f\u00e9rence pour les mammif\u00e8res.<br \/>\nCe que je chercher et ce que j&rsquo;y trouve&#8230; c&rsquo;est compliqu\u00e9 \u00e0 r\u00e9pondre&#8230; mais une fois fasse \u00e0 l&rsquo;animal, je suis traverser par plusieurs \u00e9motions \u00e0 la fois, plus rien autour de moi n&rsquo;a d&rsquo;importance, j&rsquo;oublie mon souffle, le temps, et qui je suis r\u00e9ellement.<\/p>\n<p><strong><em>&#8211; Qui sont les photographes qui t\u2019inspirent\u00a0ou dont tu appr\u00e9cies particuli\u00e8rement le travail\u00a0?<\/em><\/strong><br \/>\nVincent munnier<br \/>\nJean Fran\u00e7ois Hellio &amp; Nicolas Van ingen<br \/>\n<em><br \/>\n<strong>&#8211; Qu\u2019est-ce que tu pr\u00e9sentes dans ton exposition ?<\/strong><\/em><br \/>\nJe pr\u00e9sente une partie de la faune bretonne.<br \/>\nEt je souhaite \u00e0 travers mes expos, sensibiliser un peu les gens \u00e0 la faune local, car on n&rsquo;en s&rsquo;occupe pas, alors qu&rsquo;ils sont tous pr\u00e8s de nous, vous serez \u00e9tonner ce qui peut se passer dans votre jardin la nuit&#8230; et je souhaite aussi faire tomber les pr\u00e9jug\u00e9s sur certains animaux tel que le renard&#8230;<\/p>\n<p><strong><em>-ET pour la suite\u00a0? des projets, des envies de d\u00e9couvertes, d\u2019\u00e9volution ?<\/em><\/strong><br \/>\nMonter en niveau et voyager dans d&rsquo;autres r\u00e9gions et d\u00e9couvrir de nouvelles esp\u00e8ces<\/p>\n<p><a href=\"https:\/\/www.facebook.com\/Faunephotographiesmariedelbaere\/\" target=\"_blank\" rel=\"noopener\"><span style=\"color: #0000ff;\">C&rsquo;est ICI que nous retrouvons Marie<\/span><\/a><\/p>\n","protected":false},"excerpt":{"rendered":"<p>&#8211; Quelques mots pour te pr\u00e9senter\u00a0: Bretonne de 23 ans, passionn\u00e9e depuis toute petite par le monde animal et la nature \u00a0 &#8211; Quand et comment es-tu tomb\u00e9 dans la [&hellip;]<\/p>\n","protected":false},"author":1,"featured_media":0,"comment_status":"open","ping_status":"open","sticky":false,"template":"","format":"standard","meta":{"_bbp_topic_count":0,"_bbp_reply_count":0,"_bbp_total_topic_count":0,"_bbp_total_reply_count":0,"_bbp_voice_count":0,"_bbp_anonymous_reply_count":0,"_bbp_topic_count_hidden":0,"_bbp_reply_count_hidden":0,"_bbp_forum_subforum_count":0,"_monsterinsights_skip_tracking":false,"_monsterinsights_sitenote_active":false,"_monsterinsights_sitenote_note":"","_monsterinsights_sitenote_category":0,"_jetpack_memberships_contains_paid_content":false,"footnotes":""},"categories":[68],"tags":[],"class_list":["post-4791","post","type-post","status-publish","format-standard","hentry","category-interviews-2017"],"jetpack_featured_media_url":"","jetpack_sharing_enabled":true,"_links":{"self":[{"href":"https:\/\/grain-dpixel.fr\/info\/wp-json\/wp\/v2\/posts\/4791","targetHints":{"allow":["GET"]}}],"collection":[{"href":"https:\/\/grain-dpixel.fr\/info\/wp-json\/wp\/v2\/posts"}],"about":[{"href":"https:\/\/grain-dpixel.fr\/info\/wp-json\/wp\/v2\/types\/post"}],"author":[{"embeddable":true,"href":"https:\/\/grain-dpixel.fr\/info\/wp-json\/wp\/v2\/users\/1"}],"replies":[{"embeddable":true,"href":"https:\/\/grain-dpixel.fr\/info\/wp-json\/wp\/v2\/comments?post=4791"}],"version-history":[{"count":3,"href":"https:\/\/grain-dpixel.fr\/info\/wp-json\/wp\/v2\/posts\/4791\/revisions"}],"predecessor-version":[{"id":4795,"href":"https:\/\/grain-dpixel.fr\/info\/wp-json\/wp\/v2\/posts\/4791\/revisions\/4795"}],"wp:attachment":[{"href":"https:\/\/grain-dpixel.fr\/info\/wp-json\/wp\/v2\/media?parent=4791"}],"wp:term":[{"taxonomy":"category","embeddable":true,"href":"https:\/\/grain-dpixel.fr\/info\/wp-json\/wp\/v2\/categories?post=4791"},{"taxonomy":"post_tag","embeddable":true,"href":"https:\/\/grain-dpixel.fr\/info\/wp-json\/wp\/v2\/tags?post=4791"}],"curies":[{"name":"wp","href":"https:\/\/api.w.org\/{rel}","templated":true}]}}