{"id":4787,"date":"2017-10-02T18:35:17","date_gmt":"2017-10-02T16:35:17","guid":{"rendered":"http:\/\/grain-dpixel.fr\/info\/?p=4787"},"modified":"2017-10-29T19:06:05","modified_gmt":"2017-10-29T18:06:05","slug":"festival-interview-de-marie-pierre-renaud","status":"publish","type":"post","link":"https:\/\/grain-dpixel.fr\/info\/festival-interview-de-marie-pierre-renaud\/","title":{"rendered":"Festival &#8211; Interview de Marie-Pierre Renaud"},"content":{"rendered":"<p><img fetchpriority=\"high\" decoding=\"async\" class=\"aligncenter size-large wp-image-4788\" src=\"http:\/\/grain-dpixel.fr\/info\/wp-content\/uploads\/2017\/10\/DSCF4111-NB-1200-683x1024.jpg\" alt=\"\" width=\"604\" height=\"906\" srcset=\"https:\/\/grain-dpixel.fr\/info\/wp-content\/uploads\/2017\/10\/DSCF4111-NB-1200-683x1024.jpg 683w, https:\/\/grain-dpixel.fr\/info\/wp-content\/uploads\/2017\/10\/DSCF4111-NB-1200-200x300.jpg 200w, https:\/\/grain-dpixel.fr\/info\/wp-content\/uploads\/2017\/10\/DSCF4111-NB-1200-768x1152.jpg 768w, https:\/\/grain-dpixel.fr\/info\/wp-content\/uploads\/2017\/10\/DSCF4111-NB-1200.jpg 800w\" sizes=\"(max-width: 604px) 100vw, 604px\" \/><\/p>\n<p><strong><em>Bonsoir Marie-Pierre, quelques mots pour te pr\u00e9senter\u00a0:<\/em><\/strong><br \/>\nJe suis professeur d&rsquo;\u00e9conomie gestion dans un lyc\u00e9e professionnel du Territoire de Belfort. J\u2019habite \u00e0 Audincourt. Je suis mari\u00e9e et j&rsquo;ai 2 enfants : Mathilde, 17 ans et Louis, 11 ans.<br \/>\n<em>\u00a0<\/em><br \/>\n<strong><em>&#8211; Quand et comment es-tu tomb\u00e9 dans la photo\u00a0? Qu\u2019est-ce que cela repr\u00e9sente pour toi\u00a0?<\/em><\/strong><br \/>\nJ&rsquo;ai eu mon premier appareil photo argentique \u00e0 18 ans. Pendant des ann\u00e9es, j\u2019ai pris essentiellement des photos de vacances, de famille. D\u00e9but des ann\u00e9es 2000, je suis pass\u00e9 au num\u00e9rique. J&rsquo;ai ador\u00e9 ce souffle de libert\u00e9 que cela m&rsquo;apportait. En octobre 2012, j&rsquo;ai adh\u00e9r\u00e9 au club photo de Voujeaucourt, s\u00e9duite par leur concept de formation. Pour moi qui n&rsquo;y connaissais absolument rien dans le domaine de la photo et qui prenais des images en mode \u00ab\u00a0tout automatique\u00a0\u00bb, c&rsquo;\u00e9tait l&rsquo;occasion d&rsquo;apprendre la technique aupr\u00e8s de photographes qualifi\u00e9s.<br \/>\nEn parall\u00e8le j&rsquo;ai pris pour habitude de visiter de nombreuses expositions photos un peu partout en France.<br \/>\n<em>\u00a0<\/em><br \/>\n<strong><em>&#8211; Quels sont les sujets qui t\u2019int\u00e9ressent\u00a0? Qu\u2019est-ce que tu y cherches, y trouves\u00a0?<\/em><\/strong><br \/>\nJ&rsquo;aime photographier la ville dans son ensemble, l&rsquo;architecture, les reflets et plus particuli\u00e8rement les gens dans cet environnement. Je m\u2019efforce de capturer ces instants fugaces o\u00f9 se d\u00e9roulent des situations dr\u00f4les, particuli\u00e8res, inattendues.<br \/>\n<em>\u00a0<\/em><br \/>\n<strong><em>&#8211; Qui sont les photographes qui t\u2019inspirent ou dont tu appr\u00e9cies particuli\u00e8rement le travail?<\/em><\/strong><br \/>\nJ&rsquo;appr\u00e9cie les photographes humanistes que sont Robert Doisneau et Willy Ronis, la g\u00e9om\u00e9trie dans les photos de Gianni Galassi, l&rsquo;originalit\u00e9, la recherche et la simplicit\u00e9 des images de Chema Madoz.<br \/>\n<strong><em>&#8211; Qu\u2019est-ce que tu pr\u00e9sentes dans ton exposition ?<\/em><\/strong><br \/>\nJ\u2019exposerai des photos en noir et blanc issues de ma s\u00e9rie \u00ab\u00a0Promenades urbaines\u00a0\u00bb. Des images r\u00e9alis\u00e9es dans de grandes villes dans diff\u00e9rents pays, au gr\u00e9 de mes voyages. Des photos qui mettent l\u2019humain en valeur dans son environnement urbain.<br \/>\n<em>\u00a0<\/em><br \/>\n<strong><em>&#8211; Et pour la suite? des projets, des envies de d\u00e9couvertes, d\u2019\u00e9volution ?<\/em><\/strong><br \/>\nJ\u2019oriente de plus en plus ma pratique vers la photo de reportage, en cherchant \u00e0 saisir l&rsquo;instant T, \u00e0 immortaliser un regard, un geste, une \u00e9motion&#8230; Sans chercher forc\u00e9ment \u00e0 faire une belle photo mais une bonne photo, riche en information.<\/p>\n<p><em>\u00a0<\/em><a href=\"https:\/\/www.facebook.com\/Marie-Pierre-Renaud-Photographie-1706913346292820\/\" target=\"_blank\" rel=\"noopener\"><span style=\"color: #0000ff;\">Et nous te retrouvons ICI<\/span><\/a><\/p>\n","protected":false},"excerpt":{"rendered":"<p>Bonsoir Marie-Pierre, quelques mots pour te pr\u00e9senter\u00a0: Je suis professeur d&rsquo;\u00e9conomie gestion dans un lyc\u00e9e professionnel du Territoire de Belfort. J\u2019habite \u00e0 Audincourt. Je suis mari\u00e9e et j&rsquo;ai 2 enfants [&hellip;]<\/p>\n","protected":false},"author":1,"featured_media":0,"comment_status":"open","ping_status":"open","sticky":false,"template":"","format":"standard","meta":{"_bbp_topic_count":0,"_bbp_reply_count":0,"_bbp_total_topic_count":0,"_bbp_total_reply_count":0,"_bbp_voice_count":0,"_bbp_anonymous_reply_count":0,"_bbp_topic_count_hidden":0,"_bbp_reply_count_hidden":0,"_bbp_forum_subforum_count":0,"_monsterinsights_skip_tracking":false,"_monsterinsights_sitenote_active":false,"_monsterinsights_sitenote_note":"","_monsterinsights_sitenote_category":0,"_jetpack_memberships_contains_paid_content":false,"footnotes":""},"categories":[68],"tags":[],"class_list":["post-4787","post","type-post","status-publish","format-standard","hentry","category-interviews-2017"],"jetpack_featured_media_url":"","jetpack_sharing_enabled":true,"_links":{"self":[{"href":"https:\/\/grain-dpixel.fr\/info\/wp-json\/wp\/v2\/posts\/4787","targetHints":{"allow":["GET"]}}],"collection":[{"href":"https:\/\/grain-dpixel.fr\/info\/wp-json\/wp\/v2\/posts"}],"about":[{"href":"https:\/\/grain-dpixel.fr\/info\/wp-json\/wp\/v2\/types\/post"}],"author":[{"embeddable":true,"href":"https:\/\/grain-dpixel.fr\/info\/wp-json\/wp\/v2\/users\/1"}],"replies":[{"embeddable":true,"href":"https:\/\/grain-dpixel.fr\/info\/wp-json\/wp\/v2\/comments?post=4787"}],"version-history":[{"count":1,"href":"https:\/\/grain-dpixel.fr\/info\/wp-json\/wp\/v2\/posts\/4787\/revisions"}],"predecessor-version":[{"id":4789,"href":"https:\/\/grain-dpixel.fr\/info\/wp-json\/wp\/v2\/posts\/4787\/revisions\/4789"}],"wp:attachment":[{"href":"https:\/\/grain-dpixel.fr\/info\/wp-json\/wp\/v2\/media?parent=4787"}],"wp:term":[{"taxonomy":"category","embeddable":true,"href":"https:\/\/grain-dpixel.fr\/info\/wp-json\/wp\/v2\/categories?post=4787"},{"taxonomy":"post_tag","embeddable":true,"href":"https:\/\/grain-dpixel.fr\/info\/wp-json\/wp\/v2\/tags?post=4787"}],"curies":[{"name":"wp","href":"https:\/\/api.w.org\/{rel}","templated":true}]}}