{"id":4784,"date":"2017-10-04T18:30:39","date_gmt":"2017-10-04T16:30:39","guid":{"rendered":"http:\/\/grain-dpixel.fr\/info\/?p=4784"},"modified":"2017-10-29T19:09:01","modified_gmt":"2017-10-29T18:09:01","slug":"festival-interview-de-celine-jean","status":"publish","type":"post","link":"https:\/\/grain-dpixel.fr\/info\/festival-interview-de-celine-jean\/","title":{"rendered":"Festival &#8211; Interview de C\u00e9line Jean"},"content":{"rendered":"<p><img fetchpriority=\"high\" decoding=\"async\" class=\"aligncenter size-large wp-image-4785\" src=\"http:\/\/grain-dpixel.fr\/info\/wp-content\/uploads\/2017\/10\/Ayoute-1024x678.jpg\" alt=\"\" width=\"604\" height=\"400\" srcset=\"https:\/\/grain-dpixel.fr\/info\/wp-content\/uploads\/2017\/10\/Ayoute-1024x678.jpg 1024w, https:\/\/grain-dpixel.fr\/info\/wp-content\/uploads\/2017\/10\/Ayoute-300x199.jpg 300w, https:\/\/grain-dpixel.fr\/info\/wp-content\/uploads\/2017\/10\/Ayoute-768x509.jpg 768w, https:\/\/grain-dpixel.fr\/info\/wp-content\/uploads\/2017\/10\/Ayoute.jpg 1200w\" sizes=\"(max-width: 604px) 100vw, 604px\" \/><\/p>\n<p>Bonjour je m\u2019appelle C\u00e9line j\u2019ai 27 ans je vis \u00e0 Besan\u00e7on.<br \/>\nJ\u2019ai toujours aimer la photographie depuis toute petite je disais que j\u2019aimerais \u00eatre photographe plus grande!<br \/>\nJ\u2019ai commencer en tant que mod\u00e8le photo pour le plaisir, j\u2019ai pu y d\u00e9couvrir des styles photographique diverses et vari\u00e9s, rencontrer des personnes passionn\u00e9es\u2026<br \/>\nPuis un ami m\u2019a gentiment pr\u00eater son boitier pour me faire la main, depuis je ne m\u2019en lasse pas, j\u2019ai pu par la suite me procurer mon propre mat\u00e9riel et avancer \u00e0 petit pas dans cette passion!<br \/>\nLa photo est une vrai passion pour moi, j\u2019aime autant \u00eatre devant ou derri\u00e8re l\u2019objectif, y apporter mon petit grain de sel! Je suis beaucoup bas\u00e9 sur les portraits et les mises en sc\u00e8ne oniriques que vous pourrez retrouver dans mon exposition, j\u2019essaie toujours de capturer l&rsquo;atmosph\u00e8re et l&rsquo;\u00e9motion du moment dans une photo.<br \/>\nJe fais quasiment que des photos en ext\u00e9rieur, partir en shooting photo c\u2019est un peu comme partir \u00e0 l\u2019aventure, on se sait jamais ce que l\u2019on va sortir comme clich\u00e9s! Parfois on a de tr\u00e8s belles surprises\u00a0! Sans oublier tout le travail que cela implique aussi en amont, trouver l\u2019id\u00e9e, le ou la mod\u00e8le, le lieu, la tenue, \u00e9ventuellement les collaborateurs en coiffure et maquillage\u2026<br \/>\nPuis y apporter sa petite touche avec le traitement des photos, et enfin sortir sa photo\u00a0! C\u2019est un vrai travail artistique qui demande beaucoup de temps et de patience.<br \/>\nEt depuis gr\u00e2ce \u00e0 toutes les personnes qui m\u2019ont soutenues dans mon parcours, j\u2019ai pu cr\u00e9er ma micro entreprise pour proposer mes services.<br \/>\nPour la suite a fin d\u2019\u00e9voluer dans mon travail artistique je souhaite me former d\u2019avantage sur les techniques de retouches et de prise de vues.<br \/>\nEt bien sur j\u2019ai encore plein d\u2019id\u00e9es que je n\u2019ai encore pas pu aborder en photo dont vous verrez bient\u00f4t appara\u00eetre sur ma page\u00a0!<br \/>\nJ\u2019aime beaucoup de styles en photo, mais j\u2019appr\u00e9cie tout particuli\u00e8rement <a href=\"https:\/\/www.facebook.com\/midnight.digital.photography\/?hc_ref=ARTr7NYedaaqC5ZP8VaAhdxLa1SFr05gcguMIon5MQR8jccIGy2aUrF7TWOhm1OHWLk&amp;fref=nf\">Midnight Digital Photography<\/a>, Alexandra Bochkareva Photography, Lecavelier.D \u2013 Photographiquement, S\u00e9bastien Roignant \u2013 Photographe, Joys.S Photography, Deuch Photography , je ne vous les mets pas tous car la liste est longue\u00a0!<\/p>\n<p><a href=\"http:\/\/www.tails-photographie.com\/fr\/accueil.html\" target=\"_blank\" rel=\"noopener\"><span style=\"color: #0000ff;\">Nous retrouvons C\u00e9line ICI<\/span><\/a><\/p>\n","protected":false},"excerpt":{"rendered":"<p>Bonjour je m\u2019appelle C\u00e9line j\u2019ai 27 ans je vis \u00e0 Besan\u00e7on. J\u2019ai toujours aimer la photographie depuis toute petite je disais que j\u2019aimerais \u00eatre photographe plus grande! J\u2019ai commencer en [&hellip;]<\/p>\n","protected":false},"author":1,"featured_media":0,"comment_status":"open","ping_status":"open","sticky":false,"template":"","format":"standard","meta":{"_bbp_topic_count":0,"_bbp_reply_count":0,"_bbp_total_topic_count":0,"_bbp_total_reply_count":0,"_bbp_voice_count":0,"_bbp_anonymous_reply_count":0,"_bbp_topic_count_hidden":0,"_bbp_reply_count_hidden":0,"_bbp_forum_subforum_count":0,"_monsterinsights_skip_tracking":false,"_monsterinsights_sitenote_active":false,"_monsterinsights_sitenote_note":"","_monsterinsights_sitenote_category":0,"_jetpack_memberships_contains_paid_content":false,"footnotes":""},"categories":[68],"tags":[],"class_list":["post-4784","post","type-post","status-publish","format-standard","hentry","category-interviews-2017"],"jetpack_featured_media_url":"","jetpack_sharing_enabled":true,"_links":{"self":[{"href":"https:\/\/grain-dpixel.fr\/info\/wp-json\/wp\/v2\/posts\/4784","targetHints":{"allow":["GET"]}}],"collection":[{"href":"https:\/\/grain-dpixel.fr\/info\/wp-json\/wp\/v2\/posts"}],"about":[{"href":"https:\/\/grain-dpixel.fr\/info\/wp-json\/wp\/v2\/types\/post"}],"author":[{"embeddable":true,"href":"https:\/\/grain-dpixel.fr\/info\/wp-json\/wp\/v2\/users\/1"}],"replies":[{"embeddable":true,"href":"https:\/\/grain-dpixel.fr\/info\/wp-json\/wp\/v2\/comments?post=4784"}],"version-history":[{"count":1,"href":"https:\/\/grain-dpixel.fr\/info\/wp-json\/wp\/v2\/posts\/4784\/revisions"}],"predecessor-version":[{"id":4786,"href":"https:\/\/grain-dpixel.fr\/info\/wp-json\/wp\/v2\/posts\/4784\/revisions\/4786"}],"wp:attachment":[{"href":"https:\/\/grain-dpixel.fr\/info\/wp-json\/wp\/v2\/media?parent=4784"}],"wp:term":[{"taxonomy":"category","embeddable":true,"href":"https:\/\/grain-dpixel.fr\/info\/wp-json\/wp\/v2\/categories?post=4784"},{"taxonomy":"post_tag","embeddable":true,"href":"https:\/\/grain-dpixel.fr\/info\/wp-json\/wp\/v2\/tags?post=4784"}],"curies":[{"name":"wp","href":"https:\/\/api.w.org\/{rel}","templated":true}]}}