{"id":4748,"date":"2017-09-27T20:10:41","date_gmt":"2017-09-27T18:10:41","guid":{"rendered":"http:\/\/grain-dpixel.fr\/info\/?p=4748"},"modified":"2017-10-29T19:07:52","modified_gmt":"2017-10-29T18:07:52","slug":"interview-erick-peugeot","status":"publish","type":"post","link":"https:\/\/grain-dpixel.fr\/info\/interview-erick-peugeot\/","title":{"rendered":"Festival &#8211; Interview de Erick Peugeot"},"content":{"rendered":"<p><img fetchpriority=\"high\" decoding=\"async\" class=\"aligncenter size-large wp-image-4751\" src=\"http:\/\/grain-dpixel.fr\/info\/wp-content\/uploads\/2017\/09\/peugeot-1-1024x683.jpg\" alt=\"\" width=\"604\" height=\"403\" srcset=\"https:\/\/grain-dpixel.fr\/info\/wp-content\/uploads\/2017\/09\/peugeot-1-1024x683.jpg 1024w, https:\/\/grain-dpixel.fr\/info\/wp-content\/uploads\/2017\/09\/peugeot-1-300x200.jpg 300w, https:\/\/grain-dpixel.fr\/info\/wp-content\/uploads\/2017\/09\/peugeot-1-768x512.jpg 768w, https:\/\/grain-dpixel.fr\/info\/wp-content\/uploads\/2017\/09\/peugeot-1.jpg 1200w\" sizes=\"(max-width: 604px) 100vw, 604px\" \/><\/p>\n<p><strong><em>&#8211; Quelques mots pour te pr\u00e9senter\u00a0:<\/em><\/strong><br \/>\nJe suis photographe depuis 35 ans, lecteur assidu (et pas seulement de livres photo) \u2026 J\u2019appr\u00e9cie l\u2019Art sous toutes ses formes, en litt\u00e9rature, en peinture, en sculpture ou\u2026 culinaire.<\/p>\n<p><em>\u00a0<\/em><strong><em>&#8211; Quand et comment es-tu tomb\u00e9 dans la photo\u00a0? Qu\u2019est-ce que cela repr\u00e9sente pour toi\u00a0?<\/em><\/strong><br \/>\nJ\u2019ai d\u00e9couvert la photographie \u00e0 16 ans et elle m\u2019accompagne au quotidien. Depuis quelques ann\u00e9es, j\u2019en ai tout simplement fait mon m\u00e9tier\u00a0: Il m\u2019\u00e9tait devenu trop difficile de concilier mon ancien travail et la photo. J\u2019ai donc fait le choix de vivre de ma passion.<\/p>\n<p><strong><em>&#8211; Quels sont les sujets qui t\u2019int\u00e9ressent\u00a0? Qu\u2019est-ce que tu y cherches, y trouves\u00a0?<\/em><\/strong><br \/>\nJ\u2019ai une pr\u00e9dilection pour le portrait, car j\u2019aime mettre \u00ab\u00a0l\u2019Humain\u00a0\u00bb en valeur. Je r\u00e9alise chaque jour des portraits et des reportages textes et photo pour la presse, les collectivit\u00e9s, ou les entreprises et cela me permet de rencontrer des gens passionnants, avec bien souvent des parcours ou des r\u00e9alisations extraordinaires. Et il n\u2019est pas n\u00e9cessaire d\u2019aller \u00e0 l\u2019autre bout du monde pour les trouver. Ce sont souvent nos proches voisins. Il suffit d\u2019ouvrir les yeux pour les d\u00e9couvrir.<\/p>\n<p><strong><em>&#8211; Qui sont les photographes qui t\u2019inspirent\u00a0ou dont tu appr\u00e9cies particuli\u00e8rement le travail\u00a0?<\/em><\/strong><br \/>\nIl y a autant de regards que de photographes et chacun, \u00e0 son niveau, apporte sa pierre \u00e0 l\u2019\u00e9difice. J\u2019ai un grand respect pour les photographes humanistes comme Robert Doisneau, Willy Ronis, Edouard Boubat. J\u2019aime beaucoup le travail de Bernard Plossu, de Klavdij Sulban ou encore Eric Bouvet. Mais la nouvelle g\u00e9n\u00e9ration m\u2019interpelle elle aussi. Pour en citer quelques-uns\u00a0: H\u00e9l\u00e8ne Pamprun, Julie de Waroquier, Stanley Leroux, ou encore St\u00e9phane Lavou\u00e9.<\/p>\n<p><strong><em>&#8211; Qu\u2019est-ce que tu pr\u00e9sentes dans ton exposition ?<\/em><\/strong><br \/>\nIl y a 7 ans, j\u2019ai d\u00e9but\u00e9 une s\u00e9rie intitul\u00e9e\u00a0: \u00ab\u00a0Au plus pr\u00e8s des mots\u00a0\u00bb. Elle regroupe \u00e0 ce jour 85 tableaux m\u00ealant po\u00e9sie et photographie autour de l\u2019univers du livre et de l\u2019\u00e9criture. J\u2019ai d\u00e9cid\u00e9 de clore cette aventure fin 2017. Apr\u00e8s plus de 50 expositions dans toute la France et \u00e0 l\u2019\u00e9tranger, ce sera donc l\u2019avant derni\u00e8re occasion de voir ces images.<\/p>\n<p><strong><em>&#8211; Et pour la suite\u00a0? des projets, des envies de d\u00e9couvertes, d\u2019\u00e9volution ?<\/em><\/strong><br \/>\n<span style=\"color: #000000;\"> A titre personnel, je vais poursuivre mon exploration du monde litt\u00e9raire, mais sous d\u2019autres formes photographiques. Plusieurs projets sont en train de na\u00eetre. Mon activit\u00e9 professionnelle s\u2019articule autour du reportage et des formations photo que j\u2019assure. Et je vais, bien entendu, continuer \u00e0 promouvoir d\u2019autres photographes par le biais des expos individuelles que j\u2019organise pour eux avec ma structure <span style=\"color: #0000ff;\"><a href=\"http:\/\/www.modeouverture.com\">www.modeouverture.com<\/a><\/span>.[clic]<\/span><\/p>\n<p>&nbsp;<\/p>\n","protected":false},"excerpt":{"rendered":"<p>&#8211; Quelques mots pour te pr\u00e9senter\u00a0: Je suis photographe depuis 35 ans, lecteur assidu (et pas seulement de livres photo) \u2026 J\u2019appr\u00e9cie l\u2019Art sous toutes ses formes, en litt\u00e9rature, en [&hellip;]<\/p>\n","protected":false},"author":1,"featured_media":0,"comment_status":"open","ping_status":"open","sticky":false,"template":"","format":"standard","meta":{"_bbp_topic_count":0,"_bbp_reply_count":0,"_bbp_total_topic_count":0,"_bbp_total_reply_count":0,"_bbp_voice_count":0,"_bbp_anonymous_reply_count":0,"_bbp_topic_count_hidden":0,"_bbp_reply_count_hidden":0,"_bbp_forum_subforum_count":0,"_monsterinsights_skip_tracking":false,"_monsterinsights_sitenote_active":false,"_monsterinsights_sitenote_note":"","_monsterinsights_sitenote_category":0,"_jetpack_memberships_contains_paid_content":false,"footnotes":""},"categories":[68],"tags":[],"class_list":["post-4748","post","type-post","status-publish","format-standard","hentry","category-interviews-2017"],"jetpack_featured_media_url":"","jetpack_sharing_enabled":true,"_links":{"self":[{"href":"https:\/\/grain-dpixel.fr\/info\/wp-json\/wp\/v2\/posts\/4748","targetHints":{"allow":["GET"]}}],"collection":[{"href":"https:\/\/grain-dpixel.fr\/info\/wp-json\/wp\/v2\/posts"}],"about":[{"href":"https:\/\/grain-dpixel.fr\/info\/wp-json\/wp\/v2\/types\/post"}],"author":[{"embeddable":true,"href":"https:\/\/grain-dpixel.fr\/info\/wp-json\/wp\/v2\/users\/1"}],"replies":[{"embeddable":true,"href":"https:\/\/grain-dpixel.fr\/info\/wp-json\/wp\/v2\/comments?post=4748"}],"version-history":[{"count":3,"href":"https:\/\/grain-dpixel.fr\/info\/wp-json\/wp\/v2\/posts\/4748\/revisions"}],"predecessor-version":[{"id":4752,"href":"https:\/\/grain-dpixel.fr\/info\/wp-json\/wp\/v2\/posts\/4748\/revisions\/4752"}],"wp:attachment":[{"href":"https:\/\/grain-dpixel.fr\/info\/wp-json\/wp\/v2\/media?parent=4748"}],"wp:term":[{"taxonomy":"category","embeddable":true,"href":"https:\/\/grain-dpixel.fr\/info\/wp-json\/wp\/v2\/categories?post=4748"},{"taxonomy":"post_tag","embeddable":true,"href":"https:\/\/grain-dpixel.fr\/info\/wp-json\/wp\/v2\/tags?post=4748"}],"curies":[{"name":"wp","href":"https:\/\/api.w.org\/{rel}","templated":true}]}}