{"id":4745,"date":"2017-09-26T23:43:38","date_gmt":"2017-09-26T21:43:38","guid":{"rendered":"http:\/\/grain-dpixel.fr\/info\/?p=4745"},"modified":"2017-10-29T19:07:44","modified_gmt":"2017-10-29T18:07:44","slug":"festival-interview-de-claude-jobard","status":"publish","type":"post","link":"https:\/\/grain-dpixel.fr\/info\/festival-interview-de-claude-jobard\/","title":{"rendered":"Festival &#8211; Interview de Claude Jobard"},"content":{"rendered":"<p><img fetchpriority=\"high\" decoding=\"async\" class=\"aligncenter size-large wp-image-4746\" src=\"http:\/\/grain-dpixel.fr\/info\/wp-content\/uploads\/2017\/09\/X3A1301-copie-1200-1024x683.jpg\" alt=\"\" width=\"604\" height=\"403\" srcset=\"https:\/\/grain-dpixel.fr\/info\/wp-content\/uploads\/2017\/09\/X3A1301-copie-1200-1024x683.jpg 1024w, https:\/\/grain-dpixel.fr\/info\/wp-content\/uploads\/2017\/09\/X3A1301-copie-1200-300x200.jpg 300w, https:\/\/grain-dpixel.fr\/info\/wp-content\/uploads\/2017\/09\/X3A1301-copie-1200-768x512.jpg 768w, https:\/\/grain-dpixel.fr\/info\/wp-content\/uploads\/2017\/09\/X3A1301-copie-1200.jpg 1200w\" sizes=\"(max-width: 604px) 100vw, 604px\" \/><\/p>\n<p>&nbsp;<\/p>\n<p><strong><em>&#8211; Quelques mots pour te pr\u00e9senter\u00a0:<\/em><\/strong><br \/>\n<em>Jobard Claude retrait\u00e9 proth\u00e9siste dentaire depuis 2006 demeurant \u00e0 Pirey<\/em><\/p>\n<p><em>\u00a0<\/em><strong><em>&#8211; Quand et comment es-tu tomb\u00e9 dans la photo\u00a0? <\/em><\/strong><br \/>\n<em>Depuis l&rsquo;age de 15 ans j&rsquo;\u00e9tait en club photo et depuis ma retraite je me suis sp\u00e9cialis\u00e9 dans la photo annimali\u00e8re<\/em><\/p>\n<p><em>\u00a0<\/em><strong><em>&#8211; Qu\u2019est-ce que cela repr\u00e9sente pour toi\u00a0?<\/em><\/strong><br \/>\nMon passe temps principal des heures dans la nature \u00e0 l&rsquo;aff\u00fbt \u00e0 contempler les animaux sauvages dans un havre de paix<\/p>\n<p><strong>\u00a0<\/strong><strong><em>&#8211; Quels sont les sujets qui t\u2019int\u00e9ressent\u00a0? <\/em><\/strong><br \/>\n<em>Principalement la photo annimali\u00e8re<\/em><\/p>\n<p><em>\u00a0<\/em><strong><em>&#8211; Qu\u2019est-ce que tu y cherches, y trouves\u00a0?<\/em><\/strong><br \/>\n<em>Le calme, et regarder vivre la faune sauvage , observer apprendre \u00e0 la conna\u00eetre pour mieux la photographier<\/em><\/p>\n<p><strong><em>&#8211; Qui sont les photographes qui t\u2019inspirent\u00a0ou dont tu appr\u00e9cies particuli\u00e8rement le travail\u00a0?<\/em><\/strong><br \/>\n<em>Fabrice Cahez\u00a0 Vincent Munier<\/em><\/p>\n<p><strong><em>&#8211; Qu\u2019est-ce que tu pr\u00e9sentes dans ton exposition<\/em><\/strong><em> ?<\/em><br \/>\nUniquement des annimaux sauvages<\/p>\n<p><strong><em>&#8211; ET pour la suite\u00a0? Des projets, des envies de d\u00e9couvertes, d\u2019\u00e9volution ?<\/em><\/strong><br \/>\nAcheter un boitier plus performant et un voyage au Costa Rica et d&rsquo;autres pays<\/p>\n<p>Claude n&rsquo;ayant pas de site internet, nous attendrons d&rsquo;en d\u00e9couvrir un peu plus les 21 et 22 octobre prochain !<\/p>\n","protected":false},"excerpt":{"rendered":"<p>&nbsp; &#8211; Quelques mots pour te pr\u00e9senter\u00a0: Jobard Claude retrait\u00e9 proth\u00e9siste dentaire depuis 2006 demeurant \u00e0 Pirey \u00a0&#8211; Quand et comment es-tu tomb\u00e9 dans la photo\u00a0? Depuis l&rsquo;age de 15 [&hellip;]<\/p>\n","protected":false},"author":1,"featured_media":0,"comment_status":"open","ping_status":"open","sticky":false,"template":"","format":"standard","meta":{"_bbp_topic_count":0,"_bbp_reply_count":0,"_bbp_total_topic_count":0,"_bbp_total_reply_count":0,"_bbp_voice_count":0,"_bbp_anonymous_reply_count":0,"_bbp_topic_count_hidden":0,"_bbp_reply_count_hidden":0,"_bbp_forum_subforum_count":0,"_monsterinsights_skip_tracking":false,"_monsterinsights_sitenote_active":false,"_monsterinsights_sitenote_note":"","_monsterinsights_sitenote_category":0,"_jetpack_memberships_contains_paid_content":false,"footnotes":""},"categories":[68],"tags":[],"class_list":["post-4745","post","type-post","status-publish","format-standard","hentry","category-interviews-2017"],"jetpack_featured_media_url":"","jetpack_sharing_enabled":true,"_links":{"self":[{"href":"https:\/\/grain-dpixel.fr\/info\/wp-json\/wp\/v2\/posts\/4745","targetHints":{"allow":["GET"]}}],"collection":[{"href":"https:\/\/grain-dpixel.fr\/info\/wp-json\/wp\/v2\/posts"}],"about":[{"href":"https:\/\/grain-dpixel.fr\/info\/wp-json\/wp\/v2\/types\/post"}],"author":[{"embeddable":true,"href":"https:\/\/grain-dpixel.fr\/info\/wp-json\/wp\/v2\/users\/1"}],"replies":[{"embeddable":true,"href":"https:\/\/grain-dpixel.fr\/info\/wp-json\/wp\/v2\/comments?post=4745"}],"version-history":[{"count":1,"href":"https:\/\/grain-dpixel.fr\/info\/wp-json\/wp\/v2\/posts\/4745\/revisions"}],"predecessor-version":[{"id":4747,"href":"https:\/\/grain-dpixel.fr\/info\/wp-json\/wp\/v2\/posts\/4745\/revisions\/4747"}],"wp:attachment":[{"href":"https:\/\/grain-dpixel.fr\/info\/wp-json\/wp\/v2\/media?parent=4745"}],"wp:term":[{"taxonomy":"category","embeddable":true,"href":"https:\/\/grain-dpixel.fr\/info\/wp-json\/wp\/v2\/categories?post=4745"},{"taxonomy":"post_tag","embeddable":true,"href":"https:\/\/grain-dpixel.fr\/info\/wp-json\/wp\/v2\/tags?post=4745"}],"curies":[{"name":"wp","href":"https:\/\/api.w.org\/{rel}","templated":true}]}}