{"id":4729,"date":"2017-09-23T20:10:15","date_gmt":"2017-09-23T18:10:15","guid":{"rendered":"http:\/\/grain-dpixel.fr\/info\/?p=4729"},"modified":"2017-10-29T19:07:22","modified_gmt":"2017-10-29T18:07:22","slug":"festival-interview-de-severin-rochet","status":"publish","type":"post","link":"https:\/\/grain-dpixel.fr\/info\/festival-interview-de-severin-rochet\/","title":{"rendered":"Festival &#8211; Interview de S\u00e9verin Rochet"},"content":{"rendered":"<p><img fetchpriority=\"high\" decoding=\"async\" class=\"aligncenter size-large wp-image-4731\" src=\"http:\/\/grain-dpixel.fr\/info\/wp-content\/uploads\/2017\/09\/le-combat-de-guepiers_DxO-1024x1024.jpg\" alt=\"\" width=\"604\" height=\"604\" srcset=\"https:\/\/grain-dpixel.fr\/info\/wp-content\/uploads\/2017\/09\/le-combat-de-guepiers_DxO-1024x1024.jpg 1024w, https:\/\/grain-dpixel.fr\/info\/wp-content\/uploads\/2017\/09\/le-combat-de-guepiers_DxO-150x150.jpg 150w, https:\/\/grain-dpixel.fr\/info\/wp-content\/uploads\/2017\/09\/le-combat-de-guepiers_DxO-300x300.jpg 300w, https:\/\/grain-dpixel.fr\/info\/wp-content\/uploads\/2017\/09\/le-combat-de-guepiers_DxO-768x768.jpg 768w\" sizes=\"(max-width: 604px) 100vw, 604px\" \/><\/p>\n<p>&nbsp;<\/p>\n<p><strong><em>&#8211; Quelques mots pour te pr\u00e9senter\u00a0:<\/em><\/strong><br \/>\nJ&rsquo;ai 42 ans et je fais de la photographie animali\u00e8re depuis 6 ans. C&rsquo;est devenu une passion compl\u00e9tement addictive. Je suis chirurgien orthop\u00e9diste, ainsi passer du temps dans la nature au calme me permet vraiment de m&rsquo;\u00e9chapper de l&rsquo;univers hospitalier parfois stressant.<br \/>\nj&rsquo;ai d&rsquo;ailleurs depuis cette ann\u00e9e pu utiliser mes photographies au sein de mon service. Celles ci sont en effet affich\u00e9es aux urgences et consultations traumatologiques afin que les infirmi\u00e8res\u00a0utilisent une base visuelle agr\u00e9able pour pratiquer dans certains soins ou gestes l&rsquo;hypnoanalg\u00e9sie&#8230;<\/p>\n<p><strong><em>&#8211; Quand et comment es-tu tomb\u00e9 dans la photo\u00a0<\/em><\/strong><strong><em>? Qu<\/em><\/strong><strong><em>\u2019est-ce que cela repr\u00e9sente pour toi\u00a0<\/em><\/strong><strong><em>?<\/em><\/strong><br \/>\nEn 2010 \u00e0 l&rsquo;occasion d&rsquo;un safari en Tanzanie, o\u00f9 j&rsquo;ai pris beaucoup de plaisir \u00e0 photographier la faune sauvage avec un petit appareil num\u00e9rique. Quelques mois apr\u00e8s j&rsquo;achetais mon premier reflex&#8230;<br \/>\nJ&rsquo;aime que mes photos racontent une histoire, qu&rsquo;elles puissent faire r\u00eaver les gens. J&rsquo;aime montrer cette nature sauvage incroyable qui est juste \u00e0 cot\u00e9 de nous. surtout \u00e0 une \u00e9poque o\u00f9 malheureusement partout dans le monde des gens tuent les animaux pour leur plaisir ou l&rsquo;argent.<\/p>\n<p><strong><em>&#8211; Quels sont les sujets qui t\u2019int\u00e9ressent\u00a0? qu\u2019est-ce que tu y cherches, y trouves\u00a0<\/em><\/strong><strong><em>?<\/em><\/strong><br \/>\nJ&rsquo;ai remarqu\u00e9 avec le temps que plus la photo \u00e9tait difficile \u00e0 r\u00e9aliser, plus l&rsquo;animal \u00e9tait sauvage et invisible, plus je prenais de plaisir \u00e0 r\u00e9aliser cette photo&#8230; Je ne recherche donc pas la facilit\u00e9&#8230; Naturellement mes sujets pr\u00e9f\u00e9r\u00e9s sont les pr\u00e9dateurs ( lynx, loup ou ours ). Mais j&rsquo;ai une affection particuli\u00e8re pour les renards dont je ne comprends pas l&rsquo;acharnement de\u00a0certains \u00e0 les tuer alors qu&rsquo;ils sont indispensables au sein du milieu dans lequel il \u00e9volue en r\u00e9gulant le nombre de rongeurs dans les cultures.<br \/>\nEt je ne parle pas des loups qui reviennent enfin en France mais que l&rsquo;\u00e9tat autorise \u00e0 tuer en grande proportion&#8230;<br \/>\nAinsi\u00a0mes photographies et celles de nombreux amis, en montrant la beaut\u00e9 de ces animaux ,\u00a0participent\u00a0\u00e0 essayer\u00a0de les\u00a0prot\u00e9ger&#8230;<br \/>\n<strong><em>&#8211; Qui sont les photographes qui t\u2019inspirent\u00a0ou dont tu appr\u00e9cies particuli\u00e8rement le travail\u00a0<\/em><\/strong><strong><em>?<\/em><\/strong><br \/>\nj&rsquo;appr\u00e9cie beaucoup le travail de Vincent Munier, un homme simple dont les photos et les exp\u00e9ditions dans des endroits inaccessibles continuent de me faire r\u00eaver.<br \/>\nEt je dois beaucoup \u00e0 Fabien Bruggmann , qui m&rsquo;a initi\u00e9 aux techniques de la photographie animali\u00e8re. C&rsquo;est devenu un tr\u00e8s bon ami avec qui j&rsquo;ai v\u00e9cu de beaux voyages ( et autant de gal\u00e8res !!! ) au Canada, aux Abruzzes, en Bi\u00e9lorussie ou en Andalousie&#8230; C&rsquo;est un passionn\u00e9 \u00e0\u00a0200 % du Loup. Il vient d&rsquo;ailleurs de rentrer de 18 mois dans les Abruzzes en Italie o\u00f9 il \u00e9tait parti avec\u00a0sa femme et\u00a0ses deux enfants pour se consacrer au loup. Son magnifique livre \u00a0\u00bb Loup, sauvage par nature \u00a0\u00bb vient d&rsquo;ailleurs de sortir.<\/p>\n<p><strong><em>&#8211; Qu\u2019<\/em><\/strong><strong><em>est-ce que tu pr<\/em><\/strong><strong><em>\u00e9sentes dans ton exposition ?<\/em><\/strong><br \/>\nJe pr\u00e9senterai lors de cette exposition mes photos pr\u00e9f\u00e9r\u00e9es, accompagn\u00e9es de leur anecdotes , souvent humoristiques , parfois purement explicatives, qui permettent de comprendre comment ces photos ont pu \u00eatre prises et dans quelles conditions parfois cocasses j&rsquo;ai pu me retrouver&#8230;<\/p>\n<p><strong><em>&#8211; ET pour la suite\u00a0? des projets, des envies de d\u00e9couvertes, d\u2019\u00e9volution ?<\/em><\/strong><br \/>\nd\u00e9j\u00e0 mon prochain voyage&#8230; puisque dans 4 mois je repars une dizaine de jours en Bi\u00e9lorussie avec fabien Bruggmann , parcourir une des derni\u00e8res for\u00eat primaire d&rsquo;Europe. Nous y \u00e9tions partis l&rsquo;an dernier dans des conditions difficiles , avec des affuts parfois de 12 heures dans la neige pour observer le lynx\u00a0et le loup , mais\u00a0sans grande r\u00e9ussite&#8230; mais bon quand on aime la difficult\u00e9&#8230;<br \/>\nSinon beaucoup de projets comme d\u00e9velopper notamment mes boites lumineuses que j&rsquo;exposerai \u00e9galement lors\u00a0de ce festival.<\/p>\n<p><a href=\"http:\/\/www.severinrochet.com\/fr\/accueil.html\" target=\"_blank\" rel=\"noopener\"><span style=\"color: #0000ff;\">Retrouvons S\u00e9verin ICI [clic]<\/span><\/a><\/p>\n","protected":false},"excerpt":{"rendered":"<p>&nbsp; &#8211; Quelques mots pour te pr\u00e9senter\u00a0: J&rsquo;ai 42 ans et je fais de la photographie animali\u00e8re depuis 6 ans. C&rsquo;est devenu une passion compl\u00e9tement addictive. Je suis chirurgien orthop\u00e9diste, [&hellip;]<\/p>\n","protected":false},"author":1,"featured_media":0,"comment_status":"open","ping_status":"open","sticky":false,"template":"","format":"standard","meta":{"_bbp_topic_count":0,"_bbp_reply_count":0,"_bbp_total_topic_count":0,"_bbp_total_reply_count":0,"_bbp_voice_count":0,"_bbp_anonymous_reply_count":0,"_bbp_topic_count_hidden":0,"_bbp_reply_count_hidden":0,"_bbp_forum_subforum_count":0,"_monsterinsights_skip_tracking":false,"_monsterinsights_sitenote_active":false,"_monsterinsights_sitenote_note":"","_monsterinsights_sitenote_category":0,"_jetpack_memberships_contains_paid_content":false,"footnotes":""},"categories":[68],"tags":[],"class_list":["post-4729","post","type-post","status-publish","format-standard","hentry","category-interviews-2017"],"jetpack_featured_media_url":"","jetpack_sharing_enabled":true,"_links":{"self":[{"href":"https:\/\/grain-dpixel.fr\/info\/wp-json\/wp\/v2\/posts\/4729","targetHints":{"allow":["GET"]}}],"collection":[{"href":"https:\/\/grain-dpixel.fr\/info\/wp-json\/wp\/v2\/posts"}],"about":[{"href":"https:\/\/grain-dpixel.fr\/info\/wp-json\/wp\/v2\/types\/post"}],"author":[{"embeddable":true,"href":"https:\/\/grain-dpixel.fr\/info\/wp-json\/wp\/v2\/users\/1"}],"replies":[{"embeddable":true,"href":"https:\/\/grain-dpixel.fr\/info\/wp-json\/wp\/v2\/comments?post=4729"}],"version-history":[{"count":4,"href":"https:\/\/grain-dpixel.fr\/info\/wp-json\/wp\/v2\/posts\/4729\/revisions"}],"predecessor-version":[{"id":4734,"href":"https:\/\/grain-dpixel.fr\/info\/wp-json\/wp\/v2\/posts\/4729\/revisions\/4734"}],"wp:attachment":[{"href":"https:\/\/grain-dpixel.fr\/info\/wp-json\/wp\/v2\/media?parent=4729"}],"wp:term":[{"taxonomy":"category","embeddable":true,"href":"https:\/\/grain-dpixel.fr\/info\/wp-json\/wp\/v2\/categories?post=4729"},{"taxonomy":"post_tag","embeddable":true,"href":"https:\/\/grain-dpixel.fr\/info\/wp-json\/wp\/v2\/tags?post=4729"}],"curies":[{"name":"wp","href":"https:\/\/api.w.org\/{rel}","templated":true}]}}