{"id":4698,"date":"2017-09-17T23:13:06","date_gmt":"2017-09-17T21:13:06","guid":{"rendered":"http:\/\/grain-dpixel.fr\/info\/?p=4698"},"modified":"2017-10-29T19:06:35","modified_gmt":"2017-10-29T18:06:35","slug":"festival-interview-de-jean-charles-ouvrard","status":"publish","type":"post","link":"https:\/\/grain-dpixel.fr\/info\/festival-interview-de-jean-charles-ouvrard\/","title":{"rendered":"Festival &#8211; Interview de Jean-Charles Ouvrard"},"content":{"rendered":"<p><img fetchpriority=\"high\" decoding=\"async\" class=\"aligncenter size-large wp-image-4699\" src=\"http:\/\/grain-dpixel.fr\/info\/wp-content\/uploads\/2017\/09\/2-1024x681.jpg\" alt=\"\" width=\"604\" height=\"402\" srcset=\"https:\/\/grain-dpixel.fr\/info\/wp-content\/uploads\/2017\/09\/2-1024x681.jpg 1024w, https:\/\/grain-dpixel.fr\/info\/wp-content\/uploads\/2017\/09\/2-300x200.jpg 300w, https:\/\/grain-dpixel.fr\/info\/wp-content\/uploads\/2017\/09\/2-768x511.jpg 768w, https:\/\/grain-dpixel.fr\/info\/wp-content\/uploads\/2017\/09\/2.jpg 1200w\" sizes=\"(max-width: 604px) 100vw, 604px\" \/><\/p>\n<p>&nbsp;<\/p>\n<p><em><strong>&#8211; Quelques mots pour te pr\u00e9senter\u00a0:<\/strong> <\/em><br \/>\n<em>\u00a0<\/em>Que je fasse 1m82 que je fasse XX kilos ( tient manque un X )\u00a0et que j\u2019aime la glace au chocolat : Tout le monde s\u2019en fiche\u2026. Jean Charles OUVRARD, Photographe Auteur Franc Comtois, je fais parti du collectif les Tontons Shooters<\/p>\n<p><em>\u00a0<\/em><em>\u00a0<\/em><strong><em>&#8211; Quand et comment es-tu tomb\u00e9 dans la photo\u00a0? Qu\u2019est-ce que cela repr\u00e9sente pour toi\u00a0?<\/em><\/strong><br \/>\nJ\u2019ai commenc\u00e9 la Photographie avec un merveilleux cadeau \u00e0 ma 1 \u00e8re communion\u00a0: un Polaroid ( pour les plus jeunes\u00a0: Voir Wikip\u00e9dia\u00a0; ) ) puis j\u2019ai piqu\u00e9 le mat\u00e9riel de mon p\u00e8re avant de pouvoir m\u2019acheter mes premiers argentiques\u2026.. vite devenu accro \u00e0 cette discipline, elle est devenue pour moi une mani\u00e8re de vivre, de penser, de t\u00e9moigner, de respecter\u00a0: voil\u00e0 ce que cela repr\u00e9sente<\/p>\n<p><strong><em>&#8211; Quels sont les sujets qui t\u2019int\u00e9ressent\u00a0? qu\u2019est-ce que tu y cherches, y trouves\u00a0?<\/em><\/strong><br \/>\nTout m\u2019int\u00e9resse dans la Photo, il y a tellement d\u2019Univers dans ce monde que je voyage \u00e0 ma mani\u00e8re tout en d\u00e9couvrant diverses techniques, Photo num\u00e9rique, Argentique, Photo Animali\u00e8re, chasseur d\u2019Orages, Street, Studio, Paysage\u00a0: je ne peux pas m\u2019enfermer dans un seul th\u00e8me\u2026. J\u2019y arrive pas.<br \/>\nCe que j\u2019y cherche et ce que j\u2019y trouve\u00a0: comment vous dire\u00a0: lorsque je fais une belle image, je suis comme un gamin avec son nouveau jouet. L\u2019envie de la partager avec les autres, l\u2019envie de transmettre ce qui nous entoure et que l\u2019on ne voit pas forc\u00e9ment lorsqu\u2019on a la t\u00eate dans le guidon tous les jours de la semaine.<br \/>\nJ\u2019aime faire des s\u00e9ries avec une histoire derri\u00e8re, j\u2019aime que le visiteur d\u00e9couvre ma s\u00e9rie \u00e0 sa mani\u00e8re puis je viens vers lui en lui proposant de la d\u00e9couvrir avec mes yeux, si il est d\u2019accord ( bien souvent c\u2019est le cas ) il ne s\u2019attendait pas \u00e0 mes petites histoires et voit la s\u00e9rie avec une 2<sup>\u00e8me<\/sup> vision, c\u2019est toujours int\u00e9ressant de voir la r\u00e9action des visiteurs, \u00e7a m\u2019aide \u00e0 \u00e9voluer dans ma vision artistique.<br \/>\nCe que j\u2019appr\u00e9cie durant une de mes expos\u00a0: c\u2019est que le visiteur me dise un simple \u00ab\u00a0 Merci, merci de m\u2019avoir fait oublier mes soucis de la semaine\u2026.\u00a0\u00bb<\/p>\n<p><strong><em>&#8211; Qui sont les photographes qui t\u2019inspirent\u00a0ou dont tu appr\u00e9cies particuli\u00e8rement le travail\u00a0?<\/em><\/strong><br \/>\n<em>\u00a0<\/em>Rah la question pi\u00e8ge\u2026. Il y en a tellement, le tout premier Photographe qui m\u2019a donn\u00e9 l\u2019envie de regarder autrement est G\u00e9rard VANDYSTADT, il avait une autre vision de la photographie Sportive, jouer sur les \u00e9motions du sportif, un signe, une mani\u00e8re de cadrer l\u2019image sans respecter les r\u00e8gles Photographiques qui enferment le Photographe dans la case \u00ab\u00a0 Banale\u00a0\u00bb<\/p>\n<p><strong><em>\u00a0&#8211; Qu\u2019est-ce que tu pr\u00e9sentes dans ton exposition ?<\/em><\/strong><br \/>\nCe que je pr\u00e9sente n\u2019est pas important, ce que je souhaite montrer et partager avec l\u2019expo c\u2019est faire d\u00e9couvrir qui je suis vraiment en tant que Photographe, ma vision de ce que la vie me donne, mais la question est\u00a0:comment le Visiteur va percevoir mon travail, comment va-t-il percevoir les images pr\u00e9sent\u00e9es et les \u00e9motions qu\u2019il va ressentir\u00a0?<br \/>\nBeaucoup vont me dire\u00a0: \u00ab\u00a0c\u2019est une Photo retouch\u00e9e. Comment faites vous la retouche\u00a0? \u00bb<br \/>\nAvec de l\u2019avance je vais r\u00e9pondre\u00a0: \u00ab\u00a0 Avant le traitement ( car ce n\u2019est pas une retouche )\u00a0: il faut se lever \u00e0 4h00 du matin, faire 5\/6h00 d\u2019aff\u00fbt en pleine Nature ( pour certaines dans le froid de l\u2019hiver ) et essayer de faire la Photo\u2026.. pas de Photo pas de traitement\u00a0: je suis Photographe pas infographiste\u2026\u00a0\u00bb<br \/>\n\u00ab\u00a0 Volupt\u00e9\u00a0\u00bb est une repr\u00e9sentation de la Vie comme on peut la trouver dans le milieu naturel, sans chichi, sans pollution, juste aller sur le sujet principal et laisser au visiteur le droit de s\u2019imaginer le reste de l\u2019image, si il en a envie<\/p>\n<p><strong><em>&#8211; ET pour la suite\u00a0? des projets, des envies de d\u00e9couvertes, d\u2019\u00e9volution ?<\/em><\/strong><br \/>\nPour l\u2019instant la priorit\u00e9 est de retrouver un nouveau boitier ( le mien est HS ) ensuite je ne sais pas ou je vais aller.<br \/>\nLes projets, les envies de d\u00e9couvertes et l\u2019\u00e9volution qui va avec me m\u00e8neront ou la photographie le souhaite\u2026<br \/>\nJ\u2019ai bien des projets en t\u00eate mais tu sais dans mon monde Photographique rien n\u2019est vraiment tout trac\u00e9, tout pens\u00e9 et c\u2019est vraiment agr\u00e9able de ce laiss\u00e9 mener vers une destination inconnue \u00e7a change des imp\u00e9ratifs de la vie ( Facture, Boulot\u2026. )<br \/>\nUne image r\u00e9alis\u00e9e peut vite me mettre sur la route d\u2019une s\u00e9rie\u2026. Mais \u00e0 ce jour cette route m\u2019est inconnue<\/p>\n<p><a href=\"http:\/\/www.jcouvrard.book.fr\" target=\"_blank\" rel=\"noopener\"><span style=\"color: #0000ff;\"><em>Retrouvons Jean-Charles ICI [clic]<\/em><\/span><\/a><\/p>\n<p>&nbsp;<\/p>\n","protected":false},"excerpt":{"rendered":"<p>&nbsp; &#8211; Quelques mots pour te pr\u00e9senter\u00a0: \u00a0Que je fasse 1m82 que je fasse XX kilos ( tient manque un X )\u00a0et que j\u2019aime la glace au chocolat : Tout [&hellip;]<\/p>\n","protected":false},"author":1,"featured_media":0,"comment_status":"open","ping_status":"open","sticky":false,"template":"","format":"standard","meta":{"_bbp_topic_count":0,"_bbp_reply_count":0,"_bbp_total_topic_count":0,"_bbp_total_reply_count":0,"_bbp_voice_count":0,"_bbp_anonymous_reply_count":0,"_bbp_topic_count_hidden":0,"_bbp_reply_count_hidden":0,"_bbp_forum_subforum_count":0,"_monsterinsights_skip_tracking":false,"_monsterinsights_sitenote_active":false,"_monsterinsights_sitenote_note":"","_monsterinsights_sitenote_category":0,"_jetpack_memberships_contains_paid_content":false,"footnotes":""},"categories":[68],"tags":[],"class_list":["post-4698","post","type-post","status-publish","format-standard","hentry","category-interviews-2017"],"jetpack_featured_media_url":"","jetpack_sharing_enabled":true,"_links":{"self":[{"href":"https:\/\/grain-dpixel.fr\/info\/wp-json\/wp\/v2\/posts\/4698","targetHints":{"allow":["GET"]}}],"collection":[{"href":"https:\/\/grain-dpixel.fr\/info\/wp-json\/wp\/v2\/posts"}],"about":[{"href":"https:\/\/grain-dpixel.fr\/info\/wp-json\/wp\/v2\/types\/post"}],"author":[{"embeddable":true,"href":"https:\/\/grain-dpixel.fr\/info\/wp-json\/wp\/v2\/users\/1"}],"replies":[{"embeddable":true,"href":"https:\/\/grain-dpixel.fr\/info\/wp-json\/wp\/v2\/comments?post=4698"}],"version-history":[{"count":5,"href":"https:\/\/grain-dpixel.fr\/info\/wp-json\/wp\/v2\/posts\/4698\/revisions"}],"predecessor-version":[{"id":4704,"href":"https:\/\/grain-dpixel.fr\/info\/wp-json\/wp\/v2\/posts\/4698\/revisions\/4704"}],"wp:attachment":[{"href":"https:\/\/grain-dpixel.fr\/info\/wp-json\/wp\/v2\/media?parent=4698"}],"wp:term":[{"taxonomy":"category","embeddable":true,"href":"https:\/\/grain-dpixel.fr\/info\/wp-json\/wp\/v2\/categories?post=4698"},{"taxonomy":"post_tag","embeddable":true,"href":"https:\/\/grain-dpixel.fr\/info\/wp-json\/wp\/v2\/tags?post=4698"}],"curies":[{"name":"wp","href":"https:\/\/api.w.org\/{rel}","templated":true}]}}