{"id":18025,"date":"2026-09-06T06:00:00","date_gmt":"2026-09-06T04:00:00","guid":{"rendered":"https:\/\/grain-dpixel.fr\/info\/?p=18025"},"modified":"2026-09-02T17:10:34","modified_gmt":"2026-09-02T15:10:34","slug":"interview-deric-marynower","status":"publish","type":"post","link":"https:\/\/grain-dpixel.fr\/info\/interview-deric-marynower\/","title":{"rendered":"Interview d&rsquo;\u00c9ric MARYNOWER"},"content":{"rendered":"\n<h3 class=\"wp-block-heading has-text-align-center\">Exposition au Kursaal de Besan\u00e7on, du 10 au 11 octobre 2026<\/h3>\n\n\n\n<p class=\"has-small-font-size wp-block-paragraph\">Samedi 14h -18h <br>Dimanche 10h -18h<\/p>\n\n\n\n<p class=\"wp-block-paragraph\"><strong>Quelques mots pour te pr\u00e9senter\u00a0:<\/strong><\/p>\n\n\n\n<p class=\"wp-block-paragraph\">Je suis \u00c9ric MARYNOWER, c\u2019est tomb\u00e9 sur moi sans qu\u2019on ne sache bien l\u2019expliquer. J\u2019envisage d\u2019abord diff\u00e9rents m\u00e9tiers, presseur de jus d\u2019orange, golfeur ou ing\u00e9nieur, mais je deviens finalement cr\u00e9ateur lumi\u00e8re pour le th\u00e9\u00e2tre \u00e0 vingt ans. Je me passionne pour la lumi\u00e8re, je l\u2019observe, la manipule, j\u2019en fais mon medium. Au th\u00e9\u00e2tre, je d\u00e9veloppe ma mani\u00e8re de faire, assez minimaliste et tournant beaucoup autour du clair-obscur, avec des directions tranch\u00e9es et des r\u00e9f\u00e9rences r\u00e9currentes aux peintures de De la Tour et de Caravaggio. Crise du Covid, crise \u00e9conomique et crise de la quarantaine, j\u2019apprends que photographier signifie \u00e9crire avec de la lumi\u00e8re, surexcit\u00e9 par ma d\u00e9couverte \u00e9tymologique et passionn\u00e9 de peinture, je m\u2019int\u00e9resse \u00e0 la technique du light-painting. Contrairement au th\u00e9\u00e2tre, on peut faire de la photographie tout seul, j\u2019en profite pour lancer le projet d\u2019autoportraits \u00ab&nbsp;moi tout seul&nbsp;\u00bb.<\/p>\n\n\n\n<p class=\"wp-block-paragraph\"><strong>Quand et comment as-tu d\u00e9but\u00e9 en photo\u00a0? Qu\u2019est-ce qu\u2019elle repr\u00e9sente pour toi\u00a0?<\/strong><\/p>\n\n\n\n<p class=\"wp-block-paragraph\">&nbsp;A vingt ans je fais des photo-montages, des superpositions d\u2019images dans l\u2019id\u00e9e copier le fonctionnement de la m\u00e9moire, avec des associations d\u2019id\u00e9es, des confusions, des oublis et des obsessions. Comme un souvenir qui se reconstruit \u00e0 chaque \u00e9vocation, la photographie que j\u2019aime est un espace mouvant o\u00f9 le r\u00e9el se trouble et laisse place au merveilleux. A contre-courant de l\u2019intelligence artificielle g\u00e9n\u00e9rative, je cherche \u00e0 cr\u00e9er des images avec mes mains, avec ma t\u00eate, avec tout ce que je suis, corps, esprit, cheveux\u2026<\/p>\n\n\n\n<p class=\"wp-block-paragraph\"><strong>De quoi parle ton exposition ?<\/strong><\/p>\n\n\n\n<p class=\"wp-block-paragraph\">Je m\u2019ennuie, c\u2019est le point de d\u00e9part. Je d\u00e9sesp\u00e8re de n\u2019\u00eatre que moi-m\u00eame et souhaite d\u00e9sesp\u00e9r\u00e9ment r\u00e9ussir \u00e0 \u00eatre moi-m\u00eame. \u00ab&nbsp;moi tout seul&nbsp;\u00bb est une s\u00e9rie d\u2019autoportraits en pose longue \u00e9clair\u00e9s exclusivement \u00e0 la lampe de poche par mes deux mains, sans montage ni retouche. La r\u00e8gle du jeu dit que \u00ab&nbsp;moi tout seul&nbsp;\u00bb doit se faire tout seul, je suis \u00e0 la fois le photographe, le mod\u00e8le et l\u2019\u00e9clairagiste&nbsp;; je me photographie en train de fabriquer la photographie. C\u2019est \u00e0 la fois une recherche sur le moi et une tentative de d\u00e9formation de l\u2019espace-temps \u00e0 main nue. La lumi\u00e8re est constamment mobile et trouve son chemin \u00e0 l\u2019int\u00e9rieur du cadre, je jongle avec la lumi\u00e8re qui s\u2019efforce de m\u2019\u00e9chapper. Le corps devient pinceau et la lumi\u00e8re une encre, j\u2019invite l\u2019imaginaire dans le r\u00e9el et tente d\u2019attraper l\u2019\u00e9ph\u00e9m\u00e8re, entre apparition et esquive. J\u2019avance sans savoir o\u00f9 je vais, je m\u2019observe, je me constate, je me d\u00e9couvre et enfin je m\u2019invente. Une multitude enthousiasmante de possibles se r\u00e9v\u00e8le, vertigineuse, angoissante et merveilleuse. Je visite cet inconnu.<\/p>\n\n\n\n<p class=\"wp-block-paragraph\"><strong>En g\u00e9n\u00e9ral, quels sont les sujets qui t\u2019int\u00e9ressent\u00a0? Qu\u2019est-ce que tu y cherches, y trouves\u00a0?<\/strong><\/p>\n\n\n\n<p class=\"wp-block-paragraph\">J\u2019aime la lenteur de la lumi\u00e8re, l\u2019\u00e9lasticit\u00e9 du temps, la souplesse de l\u2019espace, la vie, le tout, le vide. J\u2019aime le clair-obscur, j\u2019utilise l\u2019obscurit\u00e9 comme une absence de signifiant pour laisser sa place au spectateur, laisser son imagination compl\u00e9ter et enrichir l\u2019image.<\/p>\n\n\n\n<p class=\"wp-block-paragraph\"><strong>Lien hypertexte vers le site internet o\u00f9 l\u2019on peut te retrouver :<\/strong><br><a href=\"https:\/\/eric-marynower.fr\/\">eric-marynower.fr<\/a><\/p>\n\n\n<div class=\"wp-block-image\">\n<figure class=\"aligncenter size-large\"><a href=\"https:\/\/grain-dpixel.fr\/info\/wp-content\/uploads\/2026\/08\/Eric-MARYNOVER-photo-signature-scaled.jpg\"><img fetchpriority=\"high\" decoding=\"async\" width=\"683\" height=\"1024\" src=\"https:\/\/grain-dpixel.fr\/info\/wp-content\/uploads\/2026\/08\/Eric-MARYNOVER-photo-signature-683x1024.jpg\" alt=\"\" class=\"wp-image-17936\" srcset=\"https:\/\/grain-dpixel.fr\/info\/wp-content\/uploads\/2026\/08\/Eric-MARYNOVER-photo-signature-683x1024.jpg 683w, https:\/\/grain-dpixel.fr\/info\/wp-content\/uploads\/2026\/08\/Eric-MARYNOVER-photo-signature-200x300.jpg 200w, https:\/\/grain-dpixel.fr\/info\/wp-content\/uploads\/2026\/08\/Eric-MARYNOVER-photo-signature-768x1152.jpg 768w, https:\/\/grain-dpixel.fr\/info\/wp-content\/uploads\/2026\/08\/Eric-MARYNOVER-photo-signature-1024x1536.jpg 1024w, https:\/\/grain-dpixel.fr\/info\/wp-content\/uploads\/2026\/08\/Eric-MARYNOVER-photo-signature-1365x2048.jpg 1365w, https:\/\/grain-dpixel.fr\/info\/wp-content\/uploads\/2026\/08\/Eric-MARYNOVER-photo-signature-scaled.jpg 1707w\" sizes=\"(max-width: 683px) 100vw, 683px\" \/><\/a><\/figure>\n<\/div>\n\n<div class=\"wp-block-image\">\n<figure class=\"aligncenter size-full\"><a href=\"https:\/\/grain-dpixel.fr\/info\/wp-content\/uploads\/2026\/08\/Bandeau-Festival-2026-1.jpg\"><img decoding=\"async\" width=\"1656\" height=\"630\" src=\"https:\/\/grain-dpixel.fr\/info\/wp-content\/uploads\/2026\/08\/Bandeau-Festival-2026-1.jpg\" alt=\"\" class=\"wp-image-17974\" srcset=\"https:\/\/grain-dpixel.fr\/info\/wp-content\/uploads\/2026\/08\/Bandeau-Festival-2026-1.jpg 1656w, https:\/\/grain-dpixel.fr\/info\/wp-content\/uploads\/2026\/08\/Bandeau-Festival-2026-1-300x114.jpg 300w, https:\/\/grain-dpixel.fr\/info\/wp-content\/uploads\/2026\/08\/Bandeau-Festival-2026-1-1024x390.jpg 1024w, https:\/\/grain-dpixel.fr\/info\/wp-content\/uploads\/2026\/08\/Bandeau-Festival-2026-1-768x292.jpg 768w, https:\/\/grain-dpixel.fr\/info\/wp-content\/uploads\/2026\/08\/Bandeau-Festival-2026-1-1536x584.jpg 1536w\" sizes=\"(max-width: 1656px) 100vw, 1656px\" \/><\/a><\/figure>\n<\/div>","protected":false},"excerpt":{"rendered":"<p>Exposition au Kursaal de Besan\u00e7on, du 10 au 11 octobre 2026 Samedi 14h -18h Dimanche 10h -18h Quelques mots pour te pr\u00e9senter\u00a0: Je suis \u00c9ric MARYNOWER, c\u2019est tomb\u00e9 sur moi [&hellip;]<\/p>\n","protected":false},"author":76,"featured_media":17936,"comment_status":"open","ping_status":"open","sticky":false,"template":"","format":"standard","meta":{"_bbp_topic_count":0,"_bbp_reply_count":0,"_bbp_total_topic_count":0,"_bbp_total_reply_count":0,"_bbp_voice_count":0,"_bbp_anonymous_reply_count":0,"_bbp_topic_count_hidden":0,"_bbp_reply_count_hidden":0,"_bbp_forum_subforum_count":0,"_monsterinsights_skip_tracking":false,"_jetpack_newsletter_access":"","_jetpack_dont_email_post_to_subs":false,"_jetpack_newsletter_tier_id":0,"_jetpack_memberships_contains_paywalled_content":false,"_jetpack_feature_clip_id":0,"_jetpack_memberships_contains_paid_content":false,"footnotes":"","jetpack_post_was_ever_published":false},"categories":[56,275,276,285],"tags":[],"class_list":["post-18025","post","type-post","status-publish","format-standard","has-post-thumbnail","hentry","category-festival","category-festival-2026","category-festival-2026-festival","category-les-exposants"],"jetpack_sharing_enabled":true,"jetpack_featured_media_url":"https:\/\/grain-dpixel.fr\/info\/wp-content\/uploads\/2026\/08\/Eric-MARYNOVER-photo-signature-scaled.jpg","_links":{"self":[{"href":"https:\/\/grain-dpixel.fr\/info\/wp-json\/wp\/v2\/posts\/18025","targetHints":{"allow":["GET"]}}],"collection":[{"href":"https:\/\/grain-dpixel.fr\/info\/wp-json\/wp\/v2\/posts"}],"about":[{"href":"https:\/\/grain-dpixel.fr\/info\/wp-json\/wp\/v2\/types\/post"}],"author":[{"embeddable":true,"href":"https:\/\/grain-dpixel.fr\/info\/wp-json\/wp\/v2\/users\/76"}],"replies":[{"embeddable":true,"href":"https:\/\/grain-dpixel.fr\/info\/wp-json\/wp\/v2\/comments?post=18025"}],"version-history":[{"count":1,"href":"https:\/\/grain-dpixel.fr\/info\/wp-json\/wp\/v2\/posts\/18025\/revisions"}],"predecessor-version":[{"id":18026,"href":"https:\/\/grain-dpixel.fr\/info\/wp-json\/wp\/v2\/posts\/18025\/revisions\/18026"}],"wp:featuredmedia":[{"embeddable":true,"href":"https:\/\/grain-dpixel.fr\/info\/wp-json\/wp\/v2\/media\/17936"}],"wp:attachment":[{"href":"https:\/\/grain-dpixel.fr\/info\/wp-json\/wp\/v2\/media?parent=18025"}],"wp:term":[{"taxonomy":"category","embeddable":true,"href":"https:\/\/grain-dpixel.fr\/info\/wp-json\/wp\/v2\/categories?post=18025"},{"taxonomy":"post_tag","embeddable":true,"href":"https:\/\/grain-dpixel.fr\/info\/wp-json\/wp\/v2\/tags?post=18025"}],"curies":[{"name":"wp","href":"https:\/\/api.w.org\/{rel}","templated":true}]}}