{"id":18023,"date":"2026-09-05T06:00:00","date_gmt":"2026-09-05T04:00:00","guid":{"rendered":"https:\/\/grain-dpixel.fr\/info\/?p=18023"},"modified":"2026-09-02T17:10:34","modified_gmt":"2026-09-02T15:10:34","slug":"interview-de-pauline-fournier","status":"publish","type":"post","link":"https:\/\/grain-dpixel.fr\/info\/interview-de-pauline-fournier\/","title":{"rendered":"Interview de Pauline FOURNIER"},"content":{"rendered":"\n<h3 class=\"wp-block-heading has-text-align-center\">Exposition au Kursaal de Besan\u00e7on, du 10 au 11 octobre 2026<\/h3>\n\n\n\n<p class=\"has-small-font-size wp-block-paragraph\">Samedi 14h -18h <br>Dimanche 10h -18h<\/p>\n\n\n\n<p class=\"wp-block-paragraph\"><strong><em>Quelques mots pour te pr\u00e9senter\u00a0 :<\/em><\/strong><\/p>\n\n\n\n<p class=\"wp-block-paragraph\">Je m\u2019appelle Pauline Fournier et la photographie m\u2019accompagne depuis l\u2019enfance. Mon univers est profond\u00e9ment inspir\u00e9 par la nature, le patrimoine et les traditions. A travers une d\u00e9marche cr\u00e9ative qui rapproche la photographie de la peinture impressionniste, je cherche \u00e0 retranscrire des \u00e9motions, des atmosph\u00e8res et des souvenirs plut\u00f4t qu\u2019une simple r\u00e9alit\u00e9. Mes images invitent \u00e0 une parenth\u00e8se hors du temps, entre contemplation et r\u00eaverie.<\/p>\n\n\n\n<p class=\"wp-block-paragraph\"><strong><em>Quand et comment as-tu d\u00e9but\u00e9 en photo\u00a0? Qu\u2019est-ce qu\u2019elle repr\u00e9sente pour toi\u00a0?<\/em><\/strong><\/p>\n\n\n\n<p class=\"wp-block-paragraph\">J\u2019ai commenc\u00e9 la photographie \u00e0 l\u2019\u00e2ge de onze ans, lorsque mes parents m\u2019ont offert mon premier Agfamatic Pocket. A partir de mes vingt-deux ans, munie de mon Pentax P30, j\u2019ai sillonn\u00e9 le monde. J\u2019ai r\u00e9alis\u00e9 quantit\u00e9 de diapositives-souvenirs, qui ont nourri mon regard. En 2016, j\u2019ai approfondi s\u00e9rieusement ma pratique, en suivant une formation \u00e0 Aix-en-Provence&nbsp;: j\u2019ai appris la technique et j\u2019ai d\u00e9velopp\u00e9 une v\u00e9ritable \u00e9criture photographique. Depuis 2021, mon travail photographique est plus personnel, inspir\u00e9 par la peinture et les mouvements artistiques. La photographie est pour moi un moyen de saisir l\u2019\u00e9motion d\u2019un instant et de r\u00e9v\u00e9ler la po\u00e9sie cach\u00e9e du r\u00e9el.<\/p>\n\n\n\n<p class=\"wp-block-paragraph\"><strong><em>De quoi parle ton exposition ?<\/em><\/strong><\/p>\n\n\n\n<p class=\"wp-block-paragraph\">Avec \u00ab\u00a0\u00c9clats d\u2019Automne\u00a0\u00bb, je c\u00e9l\u00e8bre la magie des for\u00eats lorsque la lumi\u00e8re se m\u00eale aux couleurs flamboyantes des sous-bois. Les arbres deviennent les acteurs d\u2019un paysage presque onirique o\u00f9 les formes se fondent et se transforment. Inspir\u00e9es par l\u2019esth\u00e9tique impressionniste, ces images \u00e9voquent la beaut\u00e9 fugace de l\u2019automne, sa douceur, sa m\u00e9lancolie et son \u00e9clat. Plus qu\u2019une repr\u00e9sentation fid\u00e8le de la nature, cette s\u00e9rie est une invitation \u00e0 ressentir et \u00e0 se laisser porter par l\u2019\u00e9motion.<\/p>\n\n\n\n<p class=\"wp-block-paragraph\"><strong><em>En g\u00e9n\u00e9ral, quels sont les sujets qui t\u2019int\u00e9ressent\u00a0? Qu\u2019est-ce que tu y cherches, y trouves\u00a0?<\/em><\/strong><\/p>\n\n\n\n<p class=\"wp-block-paragraph\">Je suis particuli\u00e8rement attir\u00e9e par les for\u00eats en automne, les architectures du XIXe si\u00e8cle, surtout les \u00e9difices Art Nouveau &#8211; Art D\u00e9co, les personnages en costume d\u2019\u00e9poque et les sc\u00e8nes de genre. Je m\u2019int\u00e9resse aussi aux traditions vivantes, qu\u2019il s\u2019agisse des Arl\u00e9siennes en Provence ou des sc\u00e8nes rurales observ\u00e9es lors de mes nombreux voyages au N\u00e9pal. Dans tous ces sujets, je recherche la trace du temps, la m\u00e9moire des lieux et des personnes, ainsi que la beaut\u00e9 des h\u00e9ritages culturels. J\u2019aime cr\u00e9er des images qui racontent une histoire et qui invitent le spectateur \u00e0 voyager entre r\u00e9alit\u00e9, souvenir et imaginaire.<\/p>\n\n\n\n<p class=\"wp-block-paragraph\"><strong><em>Lien hypertexte vers le site internet o\u00f9 l\u2019on peut te retrouver :<\/em><\/strong><br><a href=\"https:\/\/www.pauline-photographie.fr\">pauline-photographie.fr<\/a><\/p>\n\n\n<div class=\"wp-block-image\">\n<figure class=\"aligncenter size-large\"><a href=\"https:\/\/grain-dpixel.fr\/info\/wp-content\/uploads\/2026\/08\/Pauline-FOURNIER-Photo-signature-scaled.jpg\"><img fetchpriority=\"high\" decoding=\"async\" width=\"1024\" height=\"683\" src=\"https:\/\/grain-dpixel.fr\/info\/wp-content\/uploads\/2026\/08\/Pauline-FOURNIER-Photo-signature-1024x683.jpg\" alt=\"\" class=\"wp-image-17931\" srcset=\"https:\/\/grain-dpixel.fr\/info\/wp-content\/uploads\/2026\/08\/Pauline-FOURNIER-Photo-signature-1024x683.jpg 1024w, https:\/\/grain-dpixel.fr\/info\/wp-content\/uploads\/2026\/08\/Pauline-FOURNIER-Photo-signature-300x200.jpg 300w, https:\/\/grain-dpixel.fr\/info\/wp-content\/uploads\/2026\/08\/Pauline-FOURNIER-Photo-signature-768x512.jpg 768w, https:\/\/grain-dpixel.fr\/info\/wp-content\/uploads\/2026\/08\/Pauline-FOURNIER-Photo-signature-1536x1024.jpg 1536w, https:\/\/grain-dpixel.fr\/info\/wp-content\/uploads\/2026\/08\/Pauline-FOURNIER-Photo-signature-2048x1366.jpg 2048w\" sizes=\"(max-width: 1024px) 100vw, 1024px\" \/><\/a><\/figure>\n<\/div>\n\n<div class=\"wp-block-image\">\n<figure class=\"aligncenter size-full\"><a href=\"https:\/\/grain-dpixel.fr\/info\/wp-content\/uploads\/2026\/08\/Bandeau-Festival-2026-1.jpg\"><img decoding=\"async\" width=\"1656\" height=\"630\" src=\"https:\/\/grain-dpixel.fr\/info\/wp-content\/uploads\/2026\/08\/Bandeau-Festival-2026-1.jpg\" alt=\"\" class=\"wp-image-17974\" srcset=\"https:\/\/grain-dpixel.fr\/info\/wp-content\/uploads\/2026\/08\/Bandeau-Festival-2026-1.jpg 1656w, https:\/\/grain-dpixel.fr\/info\/wp-content\/uploads\/2026\/08\/Bandeau-Festival-2026-1-300x114.jpg 300w, https:\/\/grain-dpixel.fr\/info\/wp-content\/uploads\/2026\/08\/Bandeau-Festival-2026-1-1024x390.jpg 1024w, https:\/\/grain-dpixel.fr\/info\/wp-content\/uploads\/2026\/08\/Bandeau-Festival-2026-1-768x292.jpg 768w, https:\/\/grain-dpixel.fr\/info\/wp-content\/uploads\/2026\/08\/Bandeau-Festival-2026-1-1536x584.jpg 1536w\" sizes=\"(max-width: 1656px) 100vw, 1656px\" \/><\/a><\/figure>\n<\/div>","protected":false},"excerpt":{"rendered":"<p>Exposition au Kursaal de Besan\u00e7on, du 10 au 11 octobre 2026 Samedi 14h -18h Dimanche 10h -18h Quelques mots pour te pr\u00e9senter\u00a0 : Je m\u2019appelle Pauline Fournier et la photographie [&hellip;]<\/p>\n","protected":false},"author":76,"featured_media":17931,"comment_status":"open","ping_status":"open","sticky":false,"template":"","format":"standard","meta":{"_bbp_topic_count":0,"_bbp_reply_count":0,"_bbp_total_topic_count":0,"_bbp_total_reply_count":0,"_bbp_voice_count":0,"_bbp_anonymous_reply_count":0,"_bbp_topic_count_hidden":0,"_bbp_reply_count_hidden":0,"_bbp_forum_subforum_count":0,"_monsterinsights_skip_tracking":false,"_jetpack_newsletter_access":"","_jetpack_dont_email_post_to_subs":false,"_jetpack_newsletter_tier_id":0,"_jetpack_memberships_contains_paywalled_content":false,"_jetpack_feature_clip_id":0,"_jetpack_memberships_contains_paid_content":false,"footnotes":"","jetpack_post_was_ever_published":false},"categories":[56,275,276,285],"tags":[],"class_list":["post-18023","post","type-post","status-publish","format-standard","has-post-thumbnail","hentry","category-festival","category-festival-2026","category-festival-2026-festival","category-les-exposants"],"jetpack_sharing_enabled":true,"jetpack_featured_media_url":"https:\/\/grain-dpixel.fr\/info\/wp-content\/uploads\/2026\/08\/Pauline-FOURNIER-Photo-signature-scaled.jpg","_links":{"self":[{"href":"https:\/\/grain-dpixel.fr\/info\/wp-json\/wp\/v2\/posts\/18023","targetHints":{"allow":["GET"]}}],"collection":[{"href":"https:\/\/grain-dpixel.fr\/info\/wp-json\/wp\/v2\/posts"}],"about":[{"href":"https:\/\/grain-dpixel.fr\/info\/wp-json\/wp\/v2\/types\/post"}],"author":[{"embeddable":true,"href":"https:\/\/grain-dpixel.fr\/info\/wp-json\/wp\/v2\/users\/76"}],"replies":[{"embeddable":true,"href":"https:\/\/grain-dpixel.fr\/info\/wp-json\/wp\/v2\/comments?post=18023"}],"version-history":[{"count":1,"href":"https:\/\/grain-dpixel.fr\/info\/wp-json\/wp\/v2\/posts\/18023\/revisions"}],"predecessor-version":[{"id":18024,"href":"https:\/\/grain-dpixel.fr\/info\/wp-json\/wp\/v2\/posts\/18023\/revisions\/18024"}],"wp:featuredmedia":[{"embeddable":true,"href":"https:\/\/grain-dpixel.fr\/info\/wp-json\/wp\/v2\/media\/17931"}],"wp:attachment":[{"href":"https:\/\/grain-dpixel.fr\/info\/wp-json\/wp\/v2\/media?parent=18023"}],"wp:term":[{"taxonomy":"category","embeddable":true,"href":"https:\/\/grain-dpixel.fr\/info\/wp-json\/wp\/v2\/categories?post=18023"},{"taxonomy":"post_tag","embeddable":true,"href":"https:\/\/grain-dpixel.fr\/info\/wp-json\/wp\/v2\/tags?post=18023"}],"curies":[{"name":"wp","href":"https:\/\/api.w.org\/{rel}","templated":true}]}}