{"id":18021,"date":"2026-09-04T06:00:00","date_gmt":"2026-09-04T04:00:00","guid":{"rendered":"https:\/\/grain-dpixel.fr\/info\/?p=18021"},"modified":"2026-09-02T17:10:34","modified_gmt":"2026-09-02T15:10:34","slug":"interview-de-pauline-ernst","status":"publish","type":"post","link":"https:\/\/grain-dpixel.fr\/info\/interview-de-pauline-ernst\/","title":{"rendered":"Interview de Pauline ERNST"},"content":{"rendered":"\n<h3 class=\"wp-block-heading has-text-align-center\">Exposition au Kursaal de Besan\u00e7on, du 10 au 11 octobre 2026<\/h3>\n\n\n\n<p class=\"has-small-font-size wp-block-paragraph\">Samedi 14h -18h <br>Dimanche 10h -18h<\/p>\n\n\n\n<p class=\"wp-block-paragraph\"><strong><em>Quelques mots pour te pr\u00e9senter\u00a0:<\/em><\/strong><br><strong><br><\/strong>Pauline ERNST, photographe autodidacte, ma passion pour la photographie est devenue mon \u00e9chappa\u00adtoire depuis mes 18 ans. \u00c9crire avec la lumi\u00e8re est un art dans lequel j\u2019y ai trouv\u00e9 la s\u00e9r\u00e9nit\u00e9. Je prends le temps d\u2019\u00e9tudier et de composer avec la lumi\u00e8re naturelle.<\/p>\n\n\n\n<p class=\"wp-block-paragraph\"><strong><em>Quand et comment as-tu d\u00e9but\u00e9 en photo\u00a0? Qu\u2019est-ce qu\u2019elle repr\u00e9sente pour toi\u00a0?<\/em><\/strong><\/p>\n\n\n\n<p class=\"wp-block-paragraph\">Avec mon premier salaire, j\u2019ai achet\u00e9 un bo\u00eetier Nikon D3200 et je me suis lanc\u00e9e dans la macrophotographie. \u00c9crire avec la lumi\u00e8re est un art dans lequel j&rsquo;y ai trouv\u00e9 la s\u00e9r\u00e9nit\u00e9. Je prends le temps d&rsquo;\u00e9tudier et de composer avec la lumi\u00e8re naturelle, les arri\u00e8re-plans et les cadres. Pour moi, le sujet principal est un point focal qui doit embrasser les \u00e9l\u00e9ments secondaires, le tout pour obtenir un tout homog\u00e8ne. Figer un instant ne suffit pas \u00e0 mes yeux, il faut sugg\u00e9rer une histoire, capter une \u00e2me, \u00e9merveiller les spectateurs en les projetant dans une ambiance. Partager et communiquer au public ma sensibilit\u00e9 et mes impressions ressenties \u00e0 ce moment-l\u00e0, c&rsquo;est la d\u00e9marche que j&rsquo;essaie d&rsquo;adopter dans chacune de mes photos.<\/p>\n\n\n\n<p class=\"wp-block-paragraph\"><strong><em>De quoi parle ton exposition ?<\/em><\/strong><\/p>\n\n\n\n<p class=\"wp-block-paragraph\">La s\u00e9rie \u00ab Inde : Fragments de vie \u00bb s\u2019est construite durant 4 ann\u00e9es d\u2019exploration culturelle et de d\u00e9stabilisation personnelle. Elle constitue ma premi\u00e8re v\u00e9ritable incursion dans la photographie de rue. Elle est le r\u00e9sultat d\u2019un regard personnel, loin des images touristiques, portant un regard brut sur un pays fragment\u00e9, divis\u00e9. L\u2019id\u00e9e \u00e9tait de mettre en avant un peuple \u00e9cras\u00e9 par les plus grands, qui survit en gardant une dignit\u00e9 et une force int\u00e9rieure. Apprendre \u00e0 leur contact m\u2019a touch\u00e9e au plus profond de mon c\u0153ur. Ils alimentent en permanence leur force par la religion, le soutien de la communaut\u00e9 et de la famille. L\u2019Inde est une terre qui porte une essence mystique et est toujours d\u00e9routante pour nos esprits occidentaux. Elle exige un regard curieux et humble.<\/p>\n\n\n\n<p class=\"wp-block-paragraph\"><strong><em>En g\u00e9n\u00e9ral, quels sont les sujets qui t\u2019int\u00e9ressent\u00a0? Qu\u2019est-ce que tu y cherches, y trouves\u00a0?<\/em><\/strong><\/p>\n\n\n\n<p class=\"wp-block-paragraph\">Je m\u2019int\u00e9resse surtout aux sujets humains et aux atmosph\u00e8res du quotidien. J\u2019aime photographier ce qui raconte quelque chose sans forc\u00e9ment le montrer frontalement : un regard, une lumi\u00e8re, une pr\u00e9sence, un silence. Mes images naissent souvent de rencontres, de voyages ou de sc\u00e8nes simples observ\u00e9es sur le vif. Ce que je cherche avant tout, c\u2019est une \u00e9motion sinc\u00e8re et une forme de connexion avec le sujet. La photographie me permet de ralentir, d\u2019observer autrement et de r\u00e9v\u00e9ler la po\u00e9sie discr\u00e8te de certains instants. J\u2019aime aussi explorer la relation entre l\u2019humain et son environnement, avec une attention particuli\u00e8re port\u00e9e aux couleurs, aux contrastes et aux ambiances. Ce que j\u2019y trouve, c\u2019est autant une mani\u00e8re de raconter le monde qu\u2019une fa\u00e7on de mieux le ressentir.<\/p>\n\n\n\n<p class=\"wp-block-paragraph\"><strong><em>Lien hypertexte vers le site internet o\u00f9 l\u2019on peut te retrouver :<\/em><\/strong><br><a href=\"https:\/\/www.ernstpauline.com\">ernstpauline.com<\/a><\/p>\n\n\n<div class=\"wp-block-image\">\n<figure class=\"aligncenter size-large\"><a href=\"https:\/\/grain-dpixel.fr\/info\/wp-content\/uploads\/2026\/08\/Pauline-ERNST-Photo-signature.jpg\"><img fetchpriority=\"high\" decoding=\"async\" width=\"711\" height=\"1024\" src=\"https:\/\/grain-dpixel.fr\/info\/wp-content\/uploads\/2026\/08\/Pauline-ERNST-Photo-signature-711x1024.jpg\" alt=\"\" class=\"wp-image-17930\" srcset=\"https:\/\/grain-dpixel.fr\/info\/wp-content\/uploads\/2026\/08\/Pauline-ERNST-Photo-signature-711x1024.jpg 711w, https:\/\/grain-dpixel.fr\/info\/wp-content\/uploads\/2026\/08\/Pauline-ERNST-Photo-signature-208x300.jpg 208w, https:\/\/grain-dpixel.fr\/info\/wp-content\/uploads\/2026\/08\/Pauline-ERNST-Photo-signature-768x1106.jpg 768w, https:\/\/grain-dpixel.fr\/info\/wp-content\/uploads\/2026\/08\/Pauline-ERNST-Photo-signature-1067x1536.jpg 1067w, https:\/\/grain-dpixel.fr\/info\/wp-content\/uploads\/2026\/08\/Pauline-ERNST-Photo-signature.jpg 1422w\" sizes=\"(max-width: 711px) 100vw, 711px\" \/><\/a><\/figure>\n<\/div>\n\n<div class=\"wp-block-image\">\n<figure class=\"aligncenter size-full\"><a href=\"https:\/\/grain-dpixel.fr\/info\/wp-content\/uploads\/2026\/08\/Bandeau-Festival-2026-1.jpg\"><img decoding=\"async\" width=\"1656\" height=\"630\" src=\"https:\/\/grain-dpixel.fr\/info\/wp-content\/uploads\/2026\/08\/Bandeau-Festival-2026-1.jpg\" alt=\"\" class=\"wp-image-17974\" srcset=\"https:\/\/grain-dpixel.fr\/info\/wp-content\/uploads\/2026\/08\/Bandeau-Festival-2026-1.jpg 1656w, https:\/\/grain-dpixel.fr\/info\/wp-content\/uploads\/2026\/08\/Bandeau-Festival-2026-1-300x114.jpg 300w, https:\/\/grain-dpixel.fr\/info\/wp-content\/uploads\/2026\/08\/Bandeau-Festival-2026-1-1024x390.jpg 1024w, https:\/\/grain-dpixel.fr\/info\/wp-content\/uploads\/2026\/08\/Bandeau-Festival-2026-1-768x292.jpg 768w, https:\/\/grain-dpixel.fr\/info\/wp-content\/uploads\/2026\/08\/Bandeau-Festival-2026-1-1536x584.jpg 1536w\" sizes=\"(max-width: 1656px) 100vw, 1656px\" \/><\/a><\/figure>\n<\/div>","protected":false},"excerpt":{"rendered":"<p>Exposition au Kursaal de Besan\u00e7on, du 10 au 11 octobre 2026 Samedi 14h -18h Dimanche 10h -18h Quelques mots pour te pr\u00e9senter\u00a0:Pauline ERNST, photographe autodidacte, ma passion pour la photographie [&hellip;]<\/p>\n","protected":false},"author":76,"featured_media":17930,"comment_status":"open","ping_status":"open","sticky":false,"template":"","format":"standard","meta":{"_bbp_topic_count":0,"_bbp_reply_count":0,"_bbp_total_topic_count":0,"_bbp_total_reply_count":0,"_bbp_voice_count":0,"_bbp_anonymous_reply_count":0,"_bbp_topic_count_hidden":0,"_bbp_reply_count_hidden":0,"_bbp_forum_subforum_count":0,"_monsterinsights_skip_tracking":false,"_jetpack_newsletter_access":"","_jetpack_dont_email_post_to_subs":false,"_jetpack_newsletter_tier_id":0,"_jetpack_memberships_contains_paywalled_content":false,"_jetpack_feature_clip_id":0,"_jetpack_memberships_contains_paid_content":false,"footnotes":"","jetpack_post_was_ever_published":false},"categories":[56,275,276,285],"tags":[],"class_list":["post-18021","post","type-post","status-publish","format-standard","has-post-thumbnail","hentry","category-festival","category-festival-2026","category-festival-2026-festival","category-les-exposants"],"jetpack_sharing_enabled":true,"jetpack_featured_media_url":"https:\/\/grain-dpixel.fr\/info\/wp-content\/uploads\/2026\/08\/Pauline-ERNST-Photo-signature.jpg","_links":{"self":[{"href":"https:\/\/grain-dpixel.fr\/info\/wp-json\/wp\/v2\/posts\/18021","targetHints":{"allow":["GET"]}}],"collection":[{"href":"https:\/\/grain-dpixel.fr\/info\/wp-json\/wp\/v2\/posts"}],"about":[{"href":"https:\/\/grain-dpixel.fr\/info\/wp-json\/wp\/v2\/types\/post"}],"author":[{"embeddable":true,"href":"https:\/\/grain-dpixel.fr\/info\/wp-json\/wp\/v2\/users\/76"}],"replies":[{"embeddable":true,"href":"https:\/\/grain-dpixel.fr\/info\/wp-json\/wp\/v2\/comments?post=18021"}],"version-history":[{"count":1,"href":"https:\/\/grain-dpixel.fr\/info\/wp-json\/wp\/v2\/posts\/18021\/revisions"}],"predecessor-version":[{"id":18022,"href":"https:\/\/grain-dpixel.fr\/info\/wp-json\/wp\/v2\/posts\/18021\/revisions\/18022"}],"wp:featuredmedia":[{"embeddable":true,"href":"https:\/\/grain-dpixel.fr\/info\/wp-json\/wp\/v2\/media\/17930"}],"wp:attachment":[{"href":"https:\/\/grain-dpixel.fr\/info\/wp-json\/wp\/v2\/media?parent=18021"}],"wp:term":[{"taxonomy":"category","embeddable":true,"href":"https:\/\/grain-dpixel.fr\/info\/wp-json\/wp\/v2\/categories?post=18021"},{"taxonomy":"post_tag","embeddable":true,"href":"https:\/\/grain-dpixel.fr\/info\/wp-json\/wp\/v2\/tags?post=18021"}],"curies":[{"name":"wp","href":"https:\/\/api.w.org\/{rel}","templated":true}]}}