{"id":18019,"date":"2026-09-03T06:00:00","date_gmt":"2026-09-03T04:00:00","guid":{"rendered":"https:\/\/grain-dpixel.fr\/info\/?p=18019"},"modified":"2026-09-02T17:10:34","modified_gmt":"2026-09-02T15:10:34","slug":"interview-de-michelle-dollmann","status":"publish","type":"post","link":"https:\/\/grain-dpixel.fr\/info\/interview-de-michelle-dollmann\/","title":{"rendered":"Interview de Michelle DOLLMANN"},"content":{"rendered":"\n<h3 class=\"wp-block-heading has-text-align-center\">Exposition au Kursaal de Besan\u00e7on, du 10 au 11 octobre 2026<\/h3>\n\n\n\n<p class=\"has-small-font-size wp-block-paragraph\">Samedi 14h -18h <br>Dimanche 10h -18h<\/p>\n\n\n\n<p class=\"wp-block-paragraph\"><strong><em>Quelques mots pour te pr\u00e9senter\u00a0:<\/em><\/strong><\/p>\n\n\n\n<p class=\"wp-block-paragraph\">En r\u00e9sum\u00e9, je dirais que je suis un individu de sexe f\u00e9minin, appartenant \u00e0 la race honnie des \u00ab&nbsp;boomers&nbsp;\u00bb, banalement h\u00e9t\u00e9rosexuelle, le A+ ne s\u2019appliquant chez moi qu\u2019\u00e0 mon groupe sanguin et non \u00e0 une quelconque orientation sexuelle.<\/p>\n\n\n\n<p class=\"wp-block-paragraph\"><strong><em>Quand et comment as-tu d\u00e9but\u00e9 en photo\u00a0? Qu\u2019est-ce qu\u2019elle repr\u00e9sente pour toi\u00a0?<\/em><\/strong><\/p>\n\n\n\n<p class=\"wp-block-paragraph\">Je suis venue \u00e0 la photographie par le cin\u00e9ma, du temps o\u00f9 il \u00e9tait exclusivement en noir et blanc, ce qui obligeait \u00e0 prioriser analyse de la lumi\u00e8re et cadrage. L\u2019instant magique o\u00f9 la salle s\u2019\u00e9teint, o\u00f9 l\u2019on est embarqu\u00e9 avec les autres spectateurs dans une histoire dont on ne connait rien ou presque, je l\u2019ai retrouv\u00e9 plus tard, \u00e0 l\u2019adolescence, dans l\u2019obscurit\u00e9 du labo photo \u00e0 l\u2019instant o\u00f9 l\u2019image apparait dans le papier. Responsable pendant 26 ans de la collection d\u2019estampes et de photographies de l\u2019Artoth\u00e8que de Grenoble, m\u2019a permis, ensuite, de me frotter \u00e0 d\u2019autres regards et d\u2019y enrichir le mien, par la m\u00eame occasion.<\/p>\n\n\n\n<p class=\"wp-block-paragraph\"><strong><em>De quoi parle ton exposition ?<\/em><\/strong><\/p>\n\n\n\n<p class=\"wp-block-paragraph\">\u00ab&nbsp;Micro-fictions&nbsp;\u00bb parle d\u2019instants fugaces qui n\u2019existent que par la magie de reflets, quelques centi\u00e8mes de secondes lumineux aussi fragiles qu\u2019un battement d\u2019aile de papillon. Aucun photo-montage, aucune manipulation post-production. L\u2019image obtenue devient un tremplin pour l\u2019imaginaire, libre \u00e0 vous de vous en emparer ou non.<\/p>\n\n\n\n<p class=\"wp-block-paragraph\"><strong><em>En g\u00e9n\u00e9ral, quels sont les sujets qui t\u2019int\u00e9ressent\u00a0? Qu\u2019est-ce que tu y cherches, y trouves\u00a0?<\/em><\/strong><\/p>\n\n\n\n<p class=\"wp-block-paragraph\">Pour moi, la photographie est avant tout une question de regard. M\u00eame la plus banale des choses peut devenir un sujet photographique. La photo, pour moi, s\u2019apparenterait \u00e0 une prise de notes, notes de chevet si je ne quitte pas mon environnement quotidien ou notes de voyage, si mes pas me portent plus loin. Dans tous les cas, rien de spectaculaire, juste de petites sid\u00e9rations lumineuses, cueillies au fil des jours, qui tenteraient de po\u00e9tiser le quotidien \u00e0 la fa\u00e7on des ha\u00efkus.<\/p>\n\n\n<div class=\"wp-block-image\">\n<figure class=\"aligncenter size-large\"><a href=\"https:\/\/grain-dpixel.fr\/info\/wp-content\/uploads\/2026\/08\/Michelle-DOLLMANN-Photo-signature.jpg\"><img fetchpriority=\"high\" decoding=\"async\" width=\"1024\" height=\"751\" src=\"https:\/\/grain-dpixel.fr\/info\/wp-content\/uploads\/2026\/08\/Michelle-DOLLMANN-Photo-signature-1024x751.jpg\" alt=\"\" class=\"wp-image-17953\" srcset=\"https:\/\/grain-dpixel.fr\/info\/wp-content\/uploads\/2026\/08\/Michelle-DOLLMANN-Photo-signature-1024x751.jpg 1024w, https:\/\/grain-dpixel.fr\/info\/wp-content\/uploads\/2026\/08\/Michelle-DOLLMANN-Photo-signature-300x220.jpg 300w, https:\/\/grain-dpixel.fr\/info\/wp-content\/uploads\/2026\/08\/Michelle-DOLLMANN-Photo-signature-768x563.jpg 768w, https:\/\/grain-dpixel.fr\/info\/wp-content\/uploads\/2026\/08\/Michelle-DOLLMANN-Photo-signature-1536x1126.jpg 1536w, https:\/\/grain-dpixel.fr\/info\/wp-content\/uploads\/2026\/08\/Michelle-DOLLMANN-Photo-signature-2048x1502.jpg 2048w\" sizes=\"(max-width: 1024px) 100vw, 1024px\" \/><\/a><\/figure>\n<\/div>\n\n<div class=\"wp-block-image\">\n<figure class=\"aligncenter size-full\"><a href=\"https:\/\/grain-dpixel.fr\/info\/wp-content\/uploads\/2026\/08\/Bandeau-Festival-2026-1.jpg\"><img decoding=\"async\" width=\"1656\" height=\"630\" src=\"https:\/\/grain-dpixel.fr\/info\/wp-content\/uploads\/2026\/08\/Bandeau-Festival-2026-1.jpg\" alt=\"\" class=\"wp-image-17974\" srcset=\"https:\/\/grain-dpixel.fr\/info\/wp-content\/uploads\/2026\/08\/Bandeau-Festival-2026-1.jpg 1656w, https:\/\/grain-dpixel.fr\/info\/wp-content\/uploads\/2026\/08\/Bandeau-Festival-2026-1-300x114.jpg 300w, https:\/\/grain-dpixel.fr\/info\/wp-content\/uploads\/2026\/08\/Bandeau-Festival-2026-1-1024x390.jpg 1024w, https:\/\/grain-dpixel.fr\/info\/wp-content\/uploads\/2026\/08\/Bandeau-Festival-2026-1-768x292.jpg 768w, https:\/\/grain-dpixel.fr\/info\/wp-content\/uploads\/2026\/08\/Bandeau-Festival-2026-1-1536x584.jpg 1536w\" sizes=\"(max-width: 1656px) 100vw, 1656px\" \/><\/a><\/figure>\n<\/div>","protected":false},"excerpt":{"rendered":"<p>Exposition au Kursaal de Besan\u00e7on, du 10 au 11 octobre 2026 Samedi 14h -18h Dimanche 10h -18h Quelques mots pour te pr\u00e9senter\u00a0: En r\u00e9sum\u00e9, je dirais que je suis un [&hellip;]<\/p>\n","protected":false},"author":76,"featured_media":17953,"comment_status":"open","ping_status":"open","sticky":false,"template":"","format":"standard","meta":{"_bbp_topic_count":0,"_bbp_reply_count":0,"_bbp_total_topic_count":0,"_bbp_total_reply_count":0,"_bbp_voice_count":0,"_bbp_anonymous_reply_count":0,"_bbp_topic_count_hidden":0,"_bbp_reply_count_hidden":0,"_bbp_forum_subforum_count":0,"_monsterinsights_skip_tracking":false,"_jetpack_newsletter_access":"","_jetpack_dont_email_post_to_subs":false,"_jetpack_newsletter_tier_id":0,"_jetpack_memberships_contains_paywalled_content":false,"_jetpack_feature_clip_id":0,"_jetpack_memberships_contains_paid_content":false,"footnotes":"","jetpack_post_was_ever_published":false},"categories":[56,275,276,285],"tags":[],"class_list":["post-18019","post","type-post","status-publish","format-standard","has-post-thumbnail","hentry","category-festival","category-festival-2026","category-festival-2026-festival","category-les-exposants"],"jetpack_sharing_enabled":true,"jetpack_featured_media_url":"https:\/\/grain-dpixel.fr\/info\/wp-content\/uploads\/2026\/08\/Michelle-DOLLMANN-Photo-signature.jpg","_links":{"self":[{"href":"https:\/\/grain-dpixel.fr\/info\/wp-json\/wp\/v2\/posts\/18019","targetHints":{"allow":["GET"]}}],"collection":[{"href":"https:\/\/grain-dpixel.fr\/info\/wp-json\/wp\/v2\/posts"}],"about":[{"href":"https:\/\/grain-dpixel.fr\/info\/wp-json\/wp\/v2\/types\/post"}],"author":[{"embeddable":true,"href":"https:\/\/grain-dpixel.fr\/info\/wp-json\/wp\/v2\/users\/76"}],"replies":[{"embeddable":true,"href":"https:\/\/grain-dpixel.fr\/info\/wp-json\/wp\/v2\/comments?post=18019"}],"version-history":[{"count":1,"href":"https:\/\/grain-dpixel.fr\/info\/wp-json\/wp\/v2\/posts\/18019\/revisions"}],"predecessor-version":[{"id":18020,"href":"https:\/\/grain-dpixel.fr\/info\/wp-json\/wp\/v2\/posts\/18019\/revisions\/18020"}],"wp:featuredmedia":[{"embeddable":true,"href":"https:\/\/grain-dpixel.fr\/info\/wp-json\/wp\/v2\/media\/17953"}],"wp:attachment":[{"href":"https:\/\/grain-dpixel.fr\/info\/wp-json\/wp\/v2\/media?parent=18019"}],"wp:term":[{"taxonomy":"category","embeddable":true,"href":"https:\/\/grain-dpixel.fr\/info\/wp-json\/wp\/v2\/categories?post=18019"},{"taxonomy":"post_tag","embeddable":true,"href":"https:\/\/grain-dpixel.fr\/info\/wp-json\/wp\/v2\/tags?post=18019"}],"curies":[{"name":"wp","href":"https:\/\/api.w.org\/{rel}","templated":true}]}}