{"id":18017,"date":"2026-09-02T06:00:00","date_gmt":"2026-09-02T04:00:00","guid":{"rendered":"https:\/\/grain-dpixel.fr\/info\/?p=18017"},"modified":"2026-08-20T12:21:03","modified_gmt":"2026-08-20T10:21:03","slug":"interview-de-brut-de-peaux","status":"publish","type":"post","link":"https:\/\/grain-dpixel.fr\/info\/interview-de-brut-de-peaux\/","title":{"rendered":"Interview de Brut de Peaux"},"content":{"rendered":"\n<h3 class=\"wp-block-heading has-text-align-center\">Exposition au Kursaal de Besan\u00e7on, du 10 au 11 octobre 2026<\/h3>\n\n\n\n<p class=\"has-small-font-size wp-block-paragraph\">Samedi 14h -18h <br>Dimanche 10h -18h<\/p>\n\n\n\n<p class=\"wp-block-paragraph\"><strong><em>Quelques mots pour te pr\u00e9senter\u00a0:<\/em><\/strong><\/p>\n\n\n\n<p class=\"wp-block-paragraph\">Apr\u00e8s un parcours d\u2019arts graphiques, Marion Coulomb devient artiste de cirque. Son corps est aujourd\u2019hui son langage principal pour cr\u00e9er mais aussi pour militer. La photographie est pour elle un moyen de fixer ce langage vivant.<br>Apr\u00e8s 15 ans dans le cin\u00e9ma en tant que r\u00e9alisateur, assistant et d\u00e9corateur, Thibaud Ponce agit pour la d\u00e9fense de l\u2019environnement et entrevoit la photographie comme une exploration de sa propre nature.<\/p>\n\n\n\n<p class=\"wp-block-paragraph\"><strong><em>Quand et comment as-tu d\u00e9but\u00e9 en photo\u00a0? Qu\u2019est-ce qu\u2019elle repr\u00e9sente pour toi\u00a0?<\/em><br><\/strong>Marion et Thibaud forment le duo \u00ab\u00a0Brut de Peaux\u00a0\u00bb en 2022. Avant cela, Marion d\u00e9bute la photo en 2009, dans son parcours d\u2019arts graphique et Thibaud en 2007 en parall\u00e8le de son parcours cin\u00e9ma. Pour elleux, \u00ab\u00a0Brut\u00a0\u00bb c\u2019est le corps politique, qui montre une r\u00e9alit\u00e9 sans d\u00e9tour. \u00ab\u00a0Peaux\u00a0\u00bb c\u2019est l\u2019enveloppe sensible dont nous sommes tous\u00b7tes compos\u00e9\u00b7es. \u00ab\u00a0Brut de Peaux\u00a0\u00bb c\u2019est une tribune po\u00e9tique avec le corps comme traducteur de nos utopies et de nos impuissances.<\/p>\n\n\n\n<p class=\"wp-block-paragraph\"><strong><em>De quoi parle ton exposition ?<\/em><\/strong><\/p>\n\n\n\n<p class=\"wp-block-paragraph\">Humain\u00b7e, Humus et Humilit\u00e9 ont la m\u00eame racine \u00e9tymologique signifiant \u201cterre\u201d.<\/p>\n\n\n\n<p class=\"wp-block-paragraph\">Ces clich\u00e9s naissent de la rencontre entre le corps humain, nu, fragile, souvent dans une pose presque rituelle, et des paysages naturels puissants tels que les montagnes, les for\u00eats, les d\u00e9serts o\u00f9 le corps devient un instrument et un symbole d&rsquo;humilit\u00e9, une pr\u00e9sence d\u00e9licate ins\u00e9r\u00e9e dans le souffle de la plan\u00e8te.<br>Dans ce qui nous entoure, et ce qu\u2019il adviendra, plusieurs chapitres s\u2019\u00e9crivent dans un ordre hypoth\u00e9tique : la violence de l\u2019humain sur l&rsquo;environnement et l\u2019hostilit\u00e9 de la nature avec ses lois qui menacent de d\u00e9ferler. Dans une humanit\u00e9 qui s\u2019effondre de jour en jour sous sa toute-puissance, est-il encore possible de pr\u00e9tendre l&rsquo;utopie d&rsquo;une unit\u00e9 ?<\/p>\n\n\n\n<p class=\"wp-block-paragraph\"><strong><em>En g\u00e9n\u00e9ral, quels sont les sujets qui t\u2019int\u00e9ressent\u00a0? Qu\u2019est-ce que tu y cherches, y trouves\u00a0?<\/em><\/strong><\/p>\n\n\n\n<p class=\"wp-block-paragraph\">Nous travaillons sur les liens entre humain\u00b7es et non humain\u00b7es, tout ce qui nous relie et au contraire, ce qui nous met \u00e0 distance. Nous n\u2019utilisons pas de v\u00eatements car c\u2019est une fa\u00e7on d\u2019\u00eatre plus \u00ab&nbsp;poreux\u00b7ses&nbsp;\u00bb avec les \u00e9l\u00e9ments qui nous entourent (temp\u00e9rature, mati\u00e8re, fragilit\u00e9&#8230;) et aussi d\u2019\u00eatre au plus vivant\u00b7es de ce que nous sommes.<\/p>\n\n\n\n<p class=\"wp-block-paragraph\"><strong>&#8211; Lien hypertexte vers le site internet o\u00f9 l\u2019on peut te retrouver :<\/strong><\/p>\n\n\n\n<p class=\"wp-block-paragraph\"><a href=\"https:\/\/www.brutdepeaux.com\">www.brutdepeaux.com<\/a><\/p>\n\n\n<div class=\"wp-block-image\">\n<figure class=\"aligncenter size-large\"><a href=\"https:\/\/grain-dpixel.fr\/info\/wp-content\/uploads\/2026\/08\/Brut-de-Peaux-COULON-PONCE-Photo-signature-scaled.jpg\"><img fetchpriority=\"high\" decoding=\"async\" width=\"1024\" height=\"681\" src=\"https:\/\/grain-dpixel.fr\/info\/wp-content\/uploads\/2026\/08\/Brut-de-Peaux-COULON-PONCE-Photo-signature-1024x681.jpg\" alt=\"\" class=\"wp-image-17959\" srcset=\"https:\/\/grain-dpixel.fr\/info\/wp-content\/uploads\/2026\/08\/Brut-de-Peaux-COULON-PONCE-Photo-signature-1024x681.jpg 1024w, https:\/\/grain-dpixel.fr\/info\/wp-content\/uploads\/2026\/08\/Brut-de-Peaux-COULON-PONCE-Photo-signature-300x200.jpg 300w, https:\/\/grain-dpixel.fr\/info\/wp-content\/uploads\/2026\/08\/Brut-de-Peaux-COULON-PONCE-Photo-signature-768x511.jpg 768w, https:\/\/grain-dpixel.fr\/info\/wp-content\/uploads\/2026\/08\/Brut-de-Peaux-COULON-PONCE-Photo-signature-1536x1022.jpg 1536w, https:\/\/grain-dpixel.fr\/info\/wp-content\/uploads\/2026\/08\/Brut-de-Peaux-COULON-PONCE-Photo-signature-2048x1363.jpg 2048w\" sizes=\"(max-width: 1024px) 100vw, 1024px\" \/><\/a><\/figure>\n<\/div>\n\n<div class=\"wp-block-image\">\n<figure class=\"aligncenter size-full\"><a href=\"https:\/\/grain-dpixel.fr\/info\/wp-content\/uploads\/2026\/08\/Bandeau-Festival-2026-1.jpg\"><img decoding=\"async\" width=\"1656\" height=\"630\" src=\"https:\/\/grain-dpixel.fr\/info\/wp-content\/uploads\/2026\/08\/Bandeau-Festival-2026-1.jpg\" alt=\"\" class=\"wp-image-17974\" srcset=\"https:\/\/grain-dpixel.fr\/info\/wp-content\/uploads\/2026\/08\/Bandeau-Festival-2026-1.jpg 1656w, https:\/\/grain-dpixel.fr\/info\/wp-content\/uploads\/2026\/08\/Bandeau-Festival-2026-1-300x114.jpg 300w, https:\/\/grain-dpixel.fr\/info\/wp-content\/uploads\/2026\/08\/Bandeau-Festival-2026-1-1024x390.jpg 1024w, https:\/\/grain-dpixel.fr\/info\/wp-content\/uploads\/2026\/08\/Bandeau-Festival-2026-1-768x292.jpg 768w, https:\/\/grain-dpixel.fr\/info\/wp-content\/uploads\/2026\/08\/Bandeau-Festival-2026-1-1536x584.jpg 1536w\" sizes=\"(max-width: 1656px) 100vw, 1656px\" \/><\/a><\/figure>\n<\/div>","protected":false},"excerpt":{"rendered":"<p>Exposition au Kursaal de Besan\u00e7on, du 10 au 11 octobre 2026 Samedi 14h -18h Dimanche 10h -18h Quelques mots pour te pr\u00e9senter\u00a0: Apr\u00e8s un parcours d\u2019arts graphiques, Marion Coulomb devient [&hellip;]<\/p>\n","protected":false},"author":76,"featured_media":17959,"comment_status":"open","ping_status":"open","sticky":false,"template":"","format":"standard","meta":{"_bbp_topic_count":0,"_bbp_reply_count":0,"_bbp_total_topic_count":0,"_bbp_total_reply_count":0,"_bbp_voice_count":0,"_bbp_anonymous_reply_count":0,"_bbp_topic_count_hidden":0,"_bbp_reply_count_hidden":0,"_bbp_forum_subforum_count":0,"_monsterinsights_skip_tracking":false,"_jetpack_newsletter_access":"","_jetpack_dont_email_post_to_subs":false,"_jetpack_newsletter_tier_id":0,"_jetpack_memberships_contains_paywalled_content":false,"_jetpack_feature_clip_id":0,"_jetpack_memberships_contains_paid_content":false,"footnotes":"","jetpack_post_was_ever_published":false},"categories":[56,275,276],"tags":[],"class_list":["post-18017","post","type-post","status-publish","format-standard","has-post-thumbnail","hentry","category-festival","category-festival-2026","category-festival-2026-festival"],"jetpack_sharing_enabled":true,"jetpack_featured_media_url":"https:\/\/grain-dpixel.fr\/info\/wp-content\/uploads\/2026\/08\/Brut-de-Peaux-COULON-PONCE-Photo-signature-scaled.jpg","_links":{"self":[{"href":"https:\/\/grain-dpixel.fr\/info\/wp-json\/wp\/v2\/posts\/18017","targetHints":{"allow":["GET"]}}],"collection":[{"href":"https:\/\/grain-dpixel.fr\/info\/wp-json\/wp\/v2\/posts"}],"about":[{"href":"https:\/\/grain-dpixel.fr\/info\/wp-json\/wp\/v2\/types\/post"}],"author":[{"embeddable":true,"href":"https:\/\/grain-dpixel.fr\/info\/wp-json\/wp\/v2\/users\/76"}],"replies":[{"embeddable":true,"href":"https:\/\/grain-dpixel.fr\/info\/wp-json\/wp\/v2\/comments?post=18017"}],"version-history":[{"count":1,"href":"https:\/\/grain-dpixel.fr\/info\/wp-json\/wp\/v2\/posts\/18017\/revisions"}],"predecessor-version":[{"id":18018,"href":"https:\/\/grain-dpixel.fr\/info\/wp-json\/wp\/v2\/posts\/18017\/revisions\/18018"}],"wp:featuredmedia":[{"embeddable":true,"href":"https:\/\/grain-dpixel.fr\/info\/wp-json\/wp\/v2\/media\/17959"}],"wp:attachment":[{"href":"https:\/\/grain-dpixel.fr\/info\/wp-json\/wp\/v2\/media?parent=18017"}],"wp:term":[{"taxonomy":"category","embeddable":true,"href":"https:\/\/grain-dpixel.fr\/info\/wp-json\/wp\/v2\/categories?post=18017"},{"taxonomy":"post_tag","embeddable":true,"href":"https:\/\/grain-dpixel.fr\/info\/wp-json\/wp\/v2\/tags?post=18017"}],"curies":[{"name":"wp","href":"https:\/\/api.w.org\/{rel}","templated":true}]}}