{"id":18015,"date":"2026-09-01T06:00:00","date_gmt":"2026-09-01T04:00:00","guid":{"rendered":"https:\/\/grain-dpixel.fr\/info\/?p=18015"},"modified":"2026-08-20T12:17:26","modified_gmt":"2026-08-20T10:17:26","slug":"interview-dannie-borsotti","status":"publish","type":"post","link":"https:\/\/grain-dpixel.fr\/info\/interview-dannie-borsotti\/","title":{"rendered":"Interview d&rsquo;Annie BORSOTTI"},"content":{"rendered":"\n<h3 class=\"wp-block-heading has-text-align-center\">Exposition au Kursaal de Besan\u00e7on, du 10 au 11 octobre 2026<\/h3>\n\n\n\n<p class=\"has-small-font-size wp-block-paragraph\">Samedi 14h -18h <br>Dimanche 10h -18h<\/p>\n\n\n\n<p class=\"wp-block-paragraph\"><strong><em>Quelques mots pour te pr\u00e9senter&nbsp;:<\/em><\/strong><\/p>\n\n\n\n<p class=\"wp-block-paragraph\">Je suis une photographe amateure. J\u2019utilise presque quotidiennement l\u2019outil et de plus en plus le t\u00e9l\u00e9phone. En tant que professeure des \u00e9coles, j\u2019ai aussi pratiqu\u00e9 l\u2019ouverture du regard de mes \u00e9l\u00e8ves \u00e0 travers cette \u00ab&nbsp;fen\u00eatre&nbsp;\u00bb, dans des projets divers.<\/p>\n\n\n\n<p class=\"wp-block-paragraph\"><strong>Quand et comment as-tu d\u00e9but\u00e9 en photo&nbsp;? Qu\u2019est-ce qu\u2019elle repr\u00e9sente pour toi&nbsp;?<\/strong><\/p>\n\n\n\n<p class=\"wp-block-paragraph\">J\u2019ai d\u00e9but\u00e9 la photographie au d\u00e9but des ann\u00e9es 80, dans un stage de formation d\u2019animateurs des CEMEA. D\u2019abord, le proc\u00e9d\u00e9 a \u00e9t\u00e9 abord\u00e9 avec une bo\u00eete \u00e0 chaussures (st\u00e9nop\u00e9) pour en comprendre les composantes. J\u2019ai ensuite t\u00e2t\u00e9 du labo argentique N&amp;B o\u00f9 j\u2019ai pass\u00e9 de nombreuses heures. Maintenant, j\u2019ai plut\u00f4t le smartphone \u00e0 port\u00e9e d\u2019\u0153il\u2026 La photo me permet d\u2019appr\u00e9hender le mode environnant et de l\u2019apprivoiser, que ce soit en territoire inconnu ou dans les r\u00e9gions plus proches que je traverse. Elle m\u2019aide \u00e0 voir&nbsp;et \u00e0 appr\u00e9cier mon quotidien !<\/p>\n\n\n\n<p class=\"wp-block-paragraph\"><strong>De quoi parle ton exposition ?<\/strong><\/p>\n\n\n\n<p class=\"wp-block-paragraph\">Je pr\u00e9sente un ensemble de dytiques r\u00e9alis\u00e9s \u00e0 partir de mon corpus d\u2019images. Elles refl\u00e8tent mes ressentis ou mes d\u00e9couvertes. Chaque jour me fait percevoir des r\u00e9alit\u00e9s tellement diverses. C\u2019est comme un journal de bord. C\u2019est ma vie&nbsp;!<\/p>\n\n\n\n<p class=\"wp-block-paragraph\"><strong>En g\u00e9n\u00e9ral, quels sont les sujets qui t\u2019int\u00e9ressent&nbsp;? Qu\u2019est-ce que tu y cherches, y trouve&nbsp;?<\/strong><\/p>\n\n\n\n<p class=\"wp-block-paragraph\">J\u2019aime jouer avec les reflets, les transparences, l\u2019inattendu que cela peut cr\u00e9er. Je les trouve plut\u00f4t en milieu urbain. Mais je peux aussi les inventer en superposant des sujets et en combinant les formes et les couleurs. J\u2019ai eu un coup de c\u0153ur pour une photo en N&amp;B rat\u00e9e \u00e0 mes d\u00e9buts o\u00f9 la pellicule s\u2019est enray\u00e9e et le s\u00e8che-cheveux de la toiletteuse de caniche s\u2019est transform\u00e9 en pistolet sur la tempe d\u2019un enfant en gros plan. D\u00e9clic&nbsp;!<\/p>\n\n\n\n<p class=\"wp-block-paragraph\"><strong>Lien hypertexte vers le site internet o\u00f9 l\u2019on peut te retrouver :<\/strong><br><a href=\"https:\/\/www.instagram.com\/annie_borsotti\/\">Instagram.<\/a><br>Mon quotidien s\u00e9n\u00e9galais\u00a0: <a href=\"https:\/\/annibor.blogspot.com\">annibor.blogspot.com<\/a> &amp; <a href=\"https:\/\/anyhug.blogspot.com\">anyhug.blogspot.com<\/a><\/p>\n\n\n<div class=\"wp-block-image\">\n<figure class=\"aligncenter size-large\"><a href=\"https:\/\/grain-dpixel.fr\/info\/wp-content\/uploads\/2026\/08\/Annie-BORSOTTI-signature-scaled.jpg\"><img fetchpriority=\"high\" decoding=\"async\" width=\"1024\" height=\"769\" src=\"https:\/\/grain-dpixel.fr\/info\/wp-content\/uploads\/2026\/08\/Annie-BORSOTTI-signature-1024x769.jpg\" alt=\"\" class=\"wp-image-17957\" srcset=\"https:\/\/grain-dpixel.fr\/info\/wp-content\/uploads\/2026\/08\/Annie-BORSOTTI-signature-1024x769.jpg 1024w, https:\/\/grain-dpixel.fr\/info\/wp-content\/uploads\/2026\/08\/Annie-BORSOTTI-signature-300x225.jpg 300w, https:\/\/grain-dpixel.fr\/info\/wp-content\/uploads\/2026\/08\/Annie-BORSOTTI-signature-768x577.jpg 768w, https:\/\/grain-dpixel.fr\/info\/wp-content\/uploads\/2026\/08\/Annie-BORSOTTI-signature-1536x1153.jpg 1536w, https:\/\/grain-dpixel.fr\/info\/wp-content\/uploads\/2026\/08\/Annie-BORSOTTI-signature-2048x1538.jpg 2048w\" sizes=\"(max-width: 1024px) 100vw, 1024px\" \/><\/a><\/figure>\n<\/div>\n\n<div class=\"wp-block-image\">\n<figure class=\"aligncenter size-full\"><a href=\"https:\/\/grain-dpixel.fr\/info\/wp-content\/uploads\/2026\/08\/Bandeau-Festival-2026-1.jpg\"><img decoding=\"async\" width=\"1656\" height=\"630\" src=\"https:\/\/grain-dpixel.fr\/info\/wp-content\/uploads\/2026\/08\/Bandeau-Festival-2026-1.jpg\" alt=\"\" class=\"wp-image-17974\" srcset=\"https:\/\/grain-dpixel.fr\/info\/wp-content\/uploads\/2026\/08\/Bandeau-Festival-2026-1.jpg 1656w, https:\/\/grain-dpixel.fr\/info\/wp-content\/uploads\/2026\/08\/Bandeau-Festival-2026-1-300x114.jpg 300w, https:\/\/grain-dpixel.fr\/info\/wp-content\/uploads\/2026\/08\/Bandeau-Festival-2026-1-1024x390.jpg 1024w, https:\/\/grain-dpixel.fr\/info\/wp-content\/uploads\/2026\/08\/Bandeau-Festival-2026-1-768x292.jpg 768w, https:\/\/grain-dpixel.fr\/info\/wp-content\/uploads\/2026\/08\/Bandeau-Festival-2026-1-1536x584.jpg 1536w\" sizes=\"(max-width: 1656px) 100vw, 1656px\" \/><\/a><\/figure>\n<\/div>","protected":false},"excerpt":{"rendered":"<p>Exposition au Kursaal de Besan\u00e7on, du 10 au 11 octobre 2026 Samedi 14h -18h Dimanche 10h -18h Quelques mots pour te pr\u00e9senter&nbsp;: Je suis une photographe amateure. J\u2019utilise presque quotidiennement [&hellip;]<\/p>\n","protected":false},"author":76,"featured_media":17957,"comment_status":"open","ping_status":"open","sticky":false,"template":"","format":"standard","meta":{"_bbp_topic_count":0,"_bbp_reply_count":0,"_bbp_total_topic_count":0,"_bbp_total_reply_count":0,"_bbp_voice_count":0,"_bbp_anonymous_reply_count":0,"_bbp_topic_count_hidden":0,"_bbp_reply_count_hidden":0,"_bbp_forum_subforum_count":0,"_monsterinsights_skip_tracking":false,"_jetpack_newsletter_access":"","_jetpack_dont_email_post_to_subs":false,"_jetpack_newsletter_tier_id":0,"_jetpack_memberships_contains_paywalled_content":false,"_jetpack_feature_clip_id":0,"_jetpack_memberships_contains_paid_content":false,"footnotes":"","jetpack_post_was_ever_published":false},"categories":[56,275,276],"tags":[],"class_list":["post-18015","post","type-post","status-publish","format-standard","has-post-thumbnail","hentry","category-festival","category-festival-2026","category-festival-2026-festival"],"jetpack_sharing_enabled":true,"jetpack_featured_media_url":"https:\/\/grain-dpixel.fr\/info\/wp-content\/uploads\/2026\/08\/Annie-BORSOTTI-signature-scaled.jpg","_links":{"self":[{"href":"https:\/\/grain-dpixel.fr\/info\/wp-json\/wp\/v2\/posts\/18015","targetHints":{"allow":["GET"]}}],"collection":[{"href":"https:\/\/grain-dpixel.fr\/info\/wp-json\/wp\/v2\/posts"}],"about":[{"href":"https:\/\/grain-dpixel.fr\/info\/wp-json\/wp\/v2\/types\/post"}],"author":[{"embeddable":true,"href":"https:\/\/grain-dpixel.fr\/info\/wp-json\/wp\/v2\/users\/76"}],"replies":[{"embeddable":true,"href":"https:\/\/grain-dpixel.fr\/info\/wp-json\/wp\/v2\/comments?post=18015"}],"version-history":[{"count":1,"href":"https:\/\/grain-dpixel.fr\/info\/wp-json\/wp\/v2\/posts\/18015\/revisions"}],"predecessor-version":[{"id":18016,"href":"https:\/\/grain-dpixel.fr\/info\/wp-json\/wp\/v2\/posts\/18015\/revisions\/18016"}],"wp:featuredmedia":[{"embeddable":true,"href":"https:\/\/grain-dpixel.fr\/info\/wp-json\/wp\/v2\/media\/17957"}],"wp:attachment":[{"href":"https:\/\/grain-dpixel.fr\/info\/wp-json\/wp\/v2\/media?parent=18015"}],"wp:term":[{"taxonomy":"category","embeddable":true,"href":"https:\/\/grain-dpixel.fr\/info\/wp-json\/wp\/v2\/categories?post=18015"},{"taxonomy":"post_tag","embeddable":true,"href":"https:\/\/grain-dpixel.fr\/info\/wp-json\/wp\/v2\/tags?post=18015"}],"curies":[{"name":"wp","href":"https:\/\/api.w.org\/{rel}","templated":true}]}}