{"id":18012,"date":"2026-08-31T06:00:00","date_gmt":"2026-08-31T04:00:00","guid":{"rendered":"https:\/\/grain-dpixel.fr\/info\/?p=18012"},"modified":"2026-08-20T12:11:25","modified_gmt":"2026-08-20T10:11:25","slug":"interview-de-melanie-wenger","status":"publish","type":"post","link":"https:\/\/grain-dpixel.fr\/info\/interview-de-melanie-wenger\/","title":{"rendered":"Interview de M\u00e9lanie WENGER"},"content":{"rendered":"\n<h3 class=\"wp-block-heading has-text-align-center\">Exposition \u00e0 la m<strong>aison de quartier\u00a0Montrapon-Fontaine Ecu,<\/strong> Besan\u00e7on, du 3 au 25 octobre 2026<\/h3>\n\n\n\n<p class=\"has-small-font-size wp-block-paragraph\">Entr\u00e9e libre aux horaires d\u2019ouverture au public\u202f:\u00a0<br>Lundi, mardi et jeudi 9h > 12h et 14h > 19h\u00a0<br>Mercredi et vendredi 9h > 12h et 14h > 18h\u00a0<br>Samedi 9h > 12h\u00a0<br><strong>Vacances scolaires :\u00a0\u00a0Du lundi au vendredi 9h > 12h et 14h > 18h<\/strong><\/p>\n\n\n\n<p class=\"wp-block-paragraph\"><strong><em>Quelques mots pour te pr\u00e9senter\u00a0:<\/em><\/strong><\/p>\n\n\n\n<p class=\"wp-block-paragraph\">Je suis une photographe documentaire fran\u00e7aise bas\u00e9e \u00e0 Paris. Je d\u00e9veloppe des projets au long cours autour de probl\u00e9matiques soci\u00e9tales et environnementales, en interrogeant les tensions entre culture et nature. Mon travail compose des portraits intimes de personnages singuliers et explore les r\u00e9cits complexes qui les traversent. Mes images sont publi\u00e9es et expos\u00e9es \u00e0 l\u2019international. Laur\u00e9ate du Prix HSBC pour la Photographie 2017 et de la Grande Commande de la BnF 2022, j\u2019ai notamment expos\u00e9 \u00e0 Visa pour l\u2019Image en 2021 et aux Rencontres d\u2019Arles Associ\u00e9es en 2025. Contributrice r\u00e9guli\u00e8re du Figaro Magazine et de National Geographic, je transmets \u00e9galement ma pratique \u00e0 travers des workshops et du mentorat au sein de plusieurs structures fran\u00e7aises.<\/p>\n\n\n\n<p class=\"wp-block-paragraph\"><strong><em>Quand et comment as-tu d\u00e9but\u00e9 en photo\u00a0? Qu\u2019est-ce qu\u2019elle repr\u00e9sente pour toi\u00a0?<\/em><br><\/strong>Je travaille au d\u00e9veloppement de projets photographiques depuis maintenant dix-sept ans. Avec le temps, la photographie est devenue moins une pratique isol\u00e9e qu\u2019une mani\u00e8re d\u2019enqu\u00eater, de construire un r\u00e9cit et d\u2019entrer dans des r\u00e9alit\u00e9s qui me sont \u00e9trang\u00e8res. Elle me permet d\u2019aller voir, de rester, d\u2019observer et de confronter mes propres certitudes \u00e0 celles des autres.<\/p>\n\n\n\n<p class=\"wp-block-paragraph\"><strong><em>De quoi parle ton exposition ?<\/em><br><\/strong>Sur les hautes plaines du Texas Panhandle, le vent souffle sans discontinuer. L\u2019immensit\u00e9 fait loupe. L\u00e0-bas, on s\u2019approprie la nature et l\u2019air, tout a un prix, et les animaux africains sont chass\u00e9s dans des ranchs aux hautes cl\u00f4tures. L\u2019industrie du gibier exotique g\u00e9n\u00e8re environ un milliard de dollars par an aux \u00c9tats-Unis.<br>Attribuer une valeur commerciale aux animaux est \u00e0 la fois une b\u00e9n\u00e9diction et une mal\u00e9diction. Cette pratique suscite des d\u00e9bats et une v\u00e9ritable guerre d\u2019opinion entre les chasseurs et ceux qu\u2019ils appellent les \u00ab antis \u00bb. Lorsqu\u2019on les accuse de tuer des esp\u00e8ces prot\u00e9g\u00e9es sur le sol am\u00e9ricain, les ranchers r\u00e9pondent qu\u2019ils sont parmi les derniers \u00e0 contribuer \u00e0 leur conservation, certaines des esp\u00e8ces qu\u2019ils \u00e9l\u00e8vent ayant presque disparu de leur environnement naturel.<br>Sugar Moon raconte l\u2019histoire schizophr\u00e9nique de l\u2019industrie de la chasse aux animaux exotiques. Au c\u0153ur de la culture des armes \u00e0 feu du sud des \u00c9tats-Unis, la s\u00e9rie dresse \u00e9galement un portrait intime et cru de l\u2019Am\u00e9rique de Trump.<br>J\u2019ai travaill\u00e9 en immersion pendant plus de quatre ans dans les ranchs texans. J\u2019y explore la relation entre les humains et les animaux, tout en portant mon regard sur l\u2019industrie de la chasse. Sugar Moon a \u00e9t\u00e9 produit avec le soutien du Figaro Magazine et de National Geographic.<\/p>\n\n\n\n<p class=\"wp-block-paragraph\"><strong><em>En g\u00e9n\u00e9ral, quels sont les sujets qui t\u2019int\u00e9ressent\u00a0? Qu\u2019est-ce que tu y cherches, y trouves\u00a0?<\/em><\/strong><\/p>\n\n\n\n<p class=\"wp-block-paragraph\">Je me concentre souvent sur des personnalit\u00e9s \u00e0 la marge, sur des personnages, sur ce que je ne comprends pas. C\u2019est l\u00e0 que commence mon travail, dans l\u2019incompr\u00e9hension, dans la distance, dans la n\u00e9cessit\u00e9 d\u2019aller voir.<br>Montrer ne signifie pas approuver. Il ne s\u2019agit jamais de mettre en valeur, mais d\u2019interroger. Interroger le sujet de mes reportages, autant que le spectateur qui les regarde. Montrer pour cr\u00e9er un dialogue, m\u00eame lorsque je suis en d\u00e9saccord. Car sans dialogue, nous ne nous comprenons plus.<br>Prendre de la distance est essentiel. Comprendre l\u2019autre ne signifie ni l\u2019excuser ni lui donner raison. C\u2019est simplement le d\u00e9but du dialogue. Aujourd\u2019hui, nous avons tendance \u00e0 ne montrer que ce que nous approuvons, comme si la photographie avait seulement ce pouvoir de valoriser, de l\u00e9gitimer ou de c\u00e9l\u00e9brer. Pour moi, c\u2019est tout l\u2019inverse. Son pouvoir est de nous confronter au monde, \u00e0 ses contradictions, \u00e0 ses diff\u00e9rents regards.<br>La photographie est un moyen, un outil. Elle peut avoir un pouvoir de paix, de transition, de transformation. Ce que l\u2019on voit, on ne peut plus tout \u00e0 fait l\u2019ignorer. Et quoi de plus puissant que de pouvoir, pendant un instant, regarder le monde avec les yeux d\u2019un autre ?<\/p>\n\n\n\n<p class=\"wp-block-paragraph\"><strong>Lien hypertexte vers le site internet o\u00f9 l\u2019on peut te retrouver :<\/strong> <br><a href=\"https:\/\/www.melaniewenger.com\/\">melaniewenger.com<\/a><\/p>\n\n\n<div class=\"wp-block-image\">\n<figure class=\"aligncenter size-large\"><a href=\"https:\/\/grain-dpixel.fr\/info\/wp-content\/uploads\/2026\/08\/Melanie-WENGER-Photo-signautre.jpg\"><img fetchpriority=\"high\" decoding=\"async\" width=\"1024\" height=\"683\" src=\"https:\/\/grain-dpixel.fr\/info\/wp-content\/uploads\/2026\/08\/Melanie-WENGER-Photo-signautre-1024x683.jpg\" alt=\"\" class=\"wp-image-17950\" srcset=\"https:\/\/grain-dpixel.fr\/info\/wp-content\/uploads\/2026\/08\/Melanie-WENGER-Photo-signautre-1024x683.jpg 1024w, https:\/\/grain-dpixel.fr\/info\/wp-content\/uploads\/2026\/08\/Melanie-WENGER-Photo-signautre-300x200.jpg 300w, https:\/\/grain-dpixel.fr\/info\/wp-content\/uploads\/2026\/08\/Melanie-WENGER-Photo-signautre-768x512.jpg 768w, https:\/\/grain-dpixel.fr\/info\/wp-content\/uploads\/2026\/08\/Melanie-WENGER-Photo-signautre-1536x1024.jpg 1536w, https:\/\/grain-dpixel.fr\/info\/wp-content\/uploads\/2026\/08\/Melanie-WENGER-Photo-signautre.jpg 2048w\" sizes=\"(max-width: 1024px) 100vw, 1024px\" \/><\/a><\/figure>\n<\/div>\n\n<div class=\"wp-block-image\">\n<figure class=\"aligncenter size-full\"><a href=\"https:\/\/grain-dpixel.fr\/info\/wp-content\/uploads\/2026\/08\/Bandeau-Festival-2026-1.jpg\"><img decoding=\"async\" width=\"1656\" height=\"630\" src=\"https:\/\/grain-dpixel.fr\/info\/wp-content\/uploads\/2026\/08\/Bandeau-Festival-2026-1.jpg\" alt=\"\" class=\"wp-image-17974\" srcset=\"https:\/\/grain-dpixel.fr\/info\/wp-content\/uploads\/2026\/08\/Bandeau-Festival-2026-1.jpg 1656w, https:\/\/grain-dpixel.fr\/info\/wp-content\/uploads\/2026\/08\/Bandeau-Festival-2026-1-300x114.jpg 300w, https:\/\/grain-dpixel.fr\/info\/wp-content\/uploads\/2026\/08\/Bandeau-Festival-2026-1-1024x390.jpg 1024w, https:\/\/grain-dpixel.fr\/info\/wp-content\/uploads\/2026\/08\/Bandeau-Festival-2026-1-768x292.jpg 768w, https:\/\/grain-dpixel.fr\/info\/wp-content\/uploads\/2026\/08\/Bandeau-Festival-2026-1-1536x584.jpg 1536w\" sizes=\"(max-width: 1656px) 100vw, 1656px\" \/><\/a><\/figure>\n<\/div>","protected":false},"excerpt":{"rendered":"<p>Exposition \u00e0 la maison de quartier\u00a0Montrapon-Fontaine Ecu, Besan\u00e7on, du 3 au 25 octobre 2026 Entr\u00e9e libre aux horaires d\u2019ouverture au public\u202f:\u00a0Lundi, mardi et jeudi 9h > 12h et 14h > [&hellip;]<\/p>\n","protected":false},"author":76,"featured_media":17950,"comment_status":"open","ping_status":"open","sticky":false,"template":"","format":"standard","meta":{"_bbp_topic_count":0,"_bbp_reply_count":0,"_bbp_total_topic_count":0,"_bbp_total_reply_count":0,"_bbp_voice_count":0,"_bbp_anonymous_reply_count":0,"_bbp_topic_count_hidden":0,"_bbp_reply_count_hidden":0,"_bbp_forum_subforum_count":0,"_monsterinsights_skip_tracking":false,"_jetpack_newsletter_access":"","_jetpack_dont_email_post_to_subs":false,"_jetpack_newsletter_tier_id":0,"_jetpack_memberships_contains_paywalled_content":false,"_jetpack_feature_clip_id":0,"_jetpack_memberships_contains_paid_content":false,"footnotes":"","jetpack_post_was_ever_published":false},"categories":[56,275,276],"tags":[],"class_list":["post-18012","post","type-post","status-publish","format-standard","has-post-thumbnail","hentry","category-festival","category-festival-2026","category-festival-2026-festival"],"jetpack_sharing_enabled":true,"jetpack_featured_media_url":"https:\/\/grain-dpixel.fr\/info\/wp-content\/uploads\/2026\/08\/Melanie-WENGER-Photo-signautre.jpg","_links":{"self":[{"href":"https:\/\/grain-dpixel.fr\/info\/wp-json\/wp\/v2\/posts\/18012","targetHints":{"allow":["GET"]}}],"collection":[{"href":"https:\/\/grain-dpixel.fr\/info\/wp-json\/wp\/v2\/posts"}],"about":[{"href":"https:\/\/grain-dpixel.fr\/info\/wp-json\/wp\/v2\/types\/post"}],"author":[{"embeddable":true,"href":"https:\/\/grain-dpixel.fr\/info\/wp-json\/wp\/v2\/users\/76"}],"replies":[{"embeddable":true,"href":"https:\/\/grain-dpixel.fr\/info\/wp-json\/wp\/v2\/comments?post=18012"}],"version-history":[{"count":1,"href":"https:\/\/grain-dpixel.fr\/info\/wp-json\/wp\/v2\/posts\/18012\/revisions"}],"predecessor-version":[{"id":18014,"href":"https:\/\/grain-dpixel.fr\/info\/wp-json\/wp\/v2\/posts\/18012\/revisions\/18014"}],"wp:featuredmedia":[{"embeddable":true,"href":"https:\/\/grain-dpixel.fr\/info\/wp-json\/wp\/v2\/media\/17950"}],"wp:attachment":[{"href":"https:\/\/grain-dpixel.fr\/info\/wp-json\/wp\/v2\/media?parent=18012"}],"wp:term":[{"taxonomy":"category","embeddable":true,"href":"https:\/\/grain-dpixel.fr\/info\/wp-json\/wp\/v2\/categories?post=18012"},{"taxonomy":"post_tag","embeddable":true,"href":"https:\/\/grain-dpixel.fr\/info\/wp-json\/wp\/v2\/tags?post=18012"}],"curies":[{"name":"wp","href":"https:\/\/api.w.org\/{rel}","templated":true}]}}