{"id":17366,"date":"2025-10-03T06:00:00","date_gmt":"2025-10-03T04:00:00","guid":{"rendered":"https:\/\/grain-dpixel.fr\/info\/?p=17366"},"modified":"2025-08-15T07:51:19","modified_gmt":"2025-08-15T05:51:19","slug":"interview-de-simon-guinot","status":"publish","type":"post","link":"https:\/\/grain-dpixel.fr\/info\/interview-de-simon-guinot\/","title":{"rendered":"Interview de Simon GUINOT"},"content":{"rendered":"\n<h3 class=\"wp-block-heading has-text-align-center\">Exposition au Kursaal de Besan\u00e7on les 11 et 12 octobre 2025<\/h3>\n\n\n\n<p class=\"has-small-font-size\">Samedi 14h &#8211; 20h <br>Dimanche 10h &#8211; 18h<\/p>\n\n\n\n<p class=\"has-text-align-justify\"><i><strong>&#8211; Quelques mots pour te pr\u00e9senter :<\/strong><\/i><br><br><br><br>Je m&rsquo;appelle Simon, j&rsquo;ai 48 ans, je vis \u00e0 Besan\u00e7on et je suis photographe de rue amateur. J&rsquo;aime explorer le monde, que ce soit en voyage ou simplement en arpentant les rues de ma ville.<\/p>\n\n\n\n<p class=\"has-text-align-justify\"><em><strong>&#8211; Quand et comment as-tu d\u00e9but\u00e9 en photo\u202f? Qu\u2019est-ce qu\u2019elle repr\u00e9sente pour toi\u202f?<\/strong><\/em><br><br><br><br>Pendant des ann\u00e9es, j\u2019ai accumul\u00e9 des milliers de photos de voyage prises au smartphone au point de remplir plusieurs disques durs&#8230; sans jamais vraiment les regarder. Il y a deux ans, j\u2019ai ressenti l\u2019envie d\u2019aller plus loin, de \u201cmieux\u201d photographier. Je me suis inscrit \u00e0 un atelier photo, et sans comprendre vraiment pourquoi, la photo est devenue une v\u00e9ritable passion. Depuis, je pratique la photographie de rue de fa\u00e7on intensive.<\/p>\n\n\n\n<p class=\"has-text-align-justify\"><strong><em>&#8211; De quoi parle ton exposition ?<\/em>&nbsp;<\/strong><br><br><br><br>Mon exposition pr\u00e9sente les lumi\u00e8res de la ville et les atmosph\u00e8res particuli\u00e8res qu\u2019elles cr\u00e9ent. La plupart des photos ont \u00e9t\u00e9 prises dans les rues de Besan\u00e7on. En sillonnant la ville, j\u2019ai red\u00e9couvert ses lumi\u00e8res, ses reflets, ses ambiances et j\u2019ai r\u00e9alis\u00e9 qu\u2019elles n\u2019avaient rien \u00e0 envier \u00e0 celles des grandes m\u00e9tropoles. C\u2019est ce regard-l\u00e0 que je partage dans cette exposition.<\/p>\n\n\n\n<p class=\"has-text-align-justify\"><strong><em>&#8211; En g\u00e9n\u00e9ral, quels sont les sujets qui t\u2019int\u00e9ressent\u202f? Qu\u2019est-ce que tu y cherches, y trouves\u202f?<\/em>&nbsp;<\/strong><br><br><br><br>Je m\u2019int\u00e9resse particuli\u00e8rement \u00e0 la photo de rue artistique. Mes voyages dans des villes comme Tokyo, Taipei ou New York m\u2019ont beaucoup influenc\u00e9. Ce que j\u2019aime ce sont les ambiances nocturnes, les jeux d\u2019ombres et de lumi\u00e8res, les silhouettes qui traversent la sc\u00e8ne&#8230; J\u2019utilise souvent l\u2019architecture et l\u2019\u00e9clairage urbain pour cr\u00e9er des images \u00e0 l\u2019atmosph\u00e8re singuli\u00e8re. Et ce sont les sujets vivants qui donnent vie \u00e0 ces photos.<\/p>\n\n\n\n<p><i><strong>-Lien hypertexte vers le site internet o\u00f9 l\u2019on peut te retrouver <\/strong>: <\/i><br><a href=\"https:\/\/www.instagram.com\/simon_guinot\" target=\"_blank\" rel=\"noreferrer noopener\">Instagram<\/a><\/p>\n\n\n<div class=\"wp-block-image\">\n<figure class=\"aligncenter size-large\"><a href=\"https:\/\/grain-dpixel.fr\/info\/wp-content\/uploads\/2025\/08\/Simon-GUINOT-Photo-signature-scaled.jpg\"><img fetchpriority=\"high\" decoding=\"async\" width=\"1024\" height=\"681\" src=\"https:\/\/grain-dpixel.fr\/info\/wp-content\/uploads\/2025\/08\/Simon-GUINOT-Photo-signature-1024x681.jpg\" alt=\"\" class=\"wp-image-17193\" srcset=\"https:\/\/grain-dpixel.fr\/info\/wp-content\/uploads\/2025\/08\/Simon-GUINOT-Photo-signature-1024x681.jpg 1024w, https:\/\/grain-dpixel.fr\/info\/wp-content\/uploads\/2025\/08\/Simon-GUINOT-Photo-signature-300x200.jpg 300w, https:\/\/grain-dpixel.fr\/info\/wp-content\/uploads\/2025\/08\/Simon-GUINOT-Photo-signature-768x511.jpg 768w, https:\/\/grain-dpixel.fr\/info\/wp-content\/uploads\/2025\/08\/Simon-GUINOT-Photo-signature-1536x1022.jpg 1536w, https:\/\/grain-dpixel.fr\/info\/wp-content\/uploads\/2025\/08\/Simon-GUINOT-Photo-signature-2048x1363.jpg 2048w\" sizes=\"(max-width: 1024px) 100vw, 1024px\" \/><\/a><\/figure><\/div>\n\n<div class=\"wp-block-image\">\n<figure class=\"aligncenter size-full\"><a href=\"https:\/\/grain-dpixel.fr\/info\/wp-content\/uploads\/2025\/08\/Bandeau-sponsors-2025-828-x-315.jpg\"><img decoding=\"async\" width=\"828\" height=\"315\" src=\"https:\/\/grain-dpixel.fr\/info\/wp-content\/uploads\/2025\/08\/Bandeau-sponsors-2025-828-x-315.jpg\" alt=\"\" class=\"wp-image-17386\" srcset=\"https:\/\/grain-dpixel.fr\/info\/wp-content\/uploads\/2025\/08\/Bandeau-sponsors-2025-828-x-315.jpg 828w, https:\/\/grain-dpixel.fr\/info\/wp-content\/uploads\/2025\/08\/Bandeau-sponsors-2025-828-x-315-300x114.jpg 300w, https:\/\/grain-dpixel.fr\/info\/wp-content\/uploads\/2025\/08\/Bandeau-sponsors-2025-828-x-315-768x292.jpg 768w\" sizes=\"(max-width: 828px) 100vw, 828px\" \/><\/a><\/figure><\/div>","protected":false},"excerpt":{"rendered":"<p>Exposition au Kursaal de Besan\u00e7on les 11 et 12 octobre 2025 Samedi 14h &#8211; 20h Dimanche 10h &#8211; 18h &#8211; Quelques mots pour te pr\u00e9senter : Je m&rsquo;appelle Simon, j&rsquo;ai [&hellip;]<\/p>\n","protected":false},"author":76,"featured_media":17193,"comment_status":"open","ping_status":"open","sticky":false,"template":"","format":"standard","meta":{"_bbp_topic_count":0,"_bbp_reply_count":0,"_bbp_total_topic_count":0,"_bbp_total_reply_count":0,"_bbp_voice_count":0,"_bbp_anonymous_reply_count":0,"_bbp_topic_count_hidden":0,"_bbp_reply_count_hidden":0,"_bbp_forum_subforum_count":0,"_monsterinsights_skip_tracking":false,"_monsterinsights_sitenote_active":false,"_monsterinsights_sitenote_note":"","_monsterinsights_sitenote_category":0,"_jetpack_memberships_contains_paid_content":false,"footnotes":""},"categories":[262,264],"tags":[],"class_list":["post-17366","post","type-post","status-publish","format-standard","has-post-thumbnail","hentry","category-festival-2025-festival","category-interviews-2025"],"jetpack_featured_media_url":"https:\/\/grain-dpixel.fr\/info\/wp-content\/uploads\/2025\/08\/Simon-GUINOT-Photo-signature-scaled.jpg","jetpack_sharing_enabled":true,"_links":{"self":[{"href":"https:\/\/grain-dpixel.fr\/info\/wp-json\/wp\/v2\/posts\/17366","targetHints":{"allow":["GET"]}}],"collection":[{"href":"https:\/\/grain-dpixel.fr\/info\/wp-json\/wp\/v2\/posts"}],"about":[{"href":"https:\/\/grain-dpixel.fr\/info\/wp-json\/wp\/v2\/types\/post"}],"author":[{"embeddable":true,"href":"https:\/\/grain-dpixel.fr\/info\/wp-json\/wp\/v2\/users\/76"}],"replies":[{"embeddable":true,"href":"https:\/\/grain-dpixel.fr\/info\/wp-json\/wp\/v2\/comments?post=17366"}],"version-history":[{"count":2,"href":"https:\/\/grain-dpixel.fr\/info\/wp-json\/wp\/v2\/posts\/17366\/revisions"}],"predecessor-version":[{"id":17458,"href":"https:\/\/grain-dpixel.fr\/info\/wp-json\/wp\/v2\/posts\/17366\/revisions\/17458"}],"wp:featuredmedia":[{"embeddable":true,"href":"https:\/\/grain-dpixel.fr\/info\/wp-json\/wp\/v2\/media\/17193"}],"wp:attachment":[{"href":"https:\/\/grain-dpixel.fr\/info\/wp-json\/wp\/v2\/media?parent=17366"}],"wp:term":[{"taxonomy":"category","embeddable":true,"href":"https:\/\/grain-dpixel.fr\/info\/wp-json\/wp\/v2\/categories?post=17366"},{"taxonomy":"post_tag","embeddable":true,"href":"https:\/\/grain-dpixel.fr\/info\/wp-json\/wp\/v2\/tags?post=17366"}],"curies":[{"name":"wp","href":"https:\/\/api.w.org\/{rel}","templated":true}]}}