{"id":17362,"date":"2025-10-01T06:00:00","date_gmt":"2025-10-01T04:00:00","guid":{"rendered":"https:\/\/grain-dpixel.fr\/info\/?p=17362"},"modified":"2025-08-15T07:51:27","modified_gmt":"2025-08-15T05:51:27","slug":"interview-de-pierrot-bottex","status":"publish","type":"post","link":"https:\/\/grain-dpixel.fr\/info\/interview-de-pierrot-bottex\/","title":{"rendered":"Interview de Pierrot BOTTEX"},"content":{"rendered":"\n<h3 class=\"wp-block-heading has-text-align-center\">Exposition au Kursaal de Besan\u00e7on les 11 et 12 octobre 2025<\/h3>\n\n\n\n<p class=\"has-small-font-size\">Samedi 14h &#8211; 20h <br>Dimanche 10h &#8211; 18h<\/p>\n\n\n\n<p class=\"has-text-align-justify\"><i><strong>&#8211; Quelques mots pour te pr\u00e9senter :<\/strong><\/i><br>Je m\u2019appelle Pierrot Bottex, je suis accompagnateur en montagne et photographe de paysages. Je suis obs\u00e9d\u00e9 par les lacs de montagne mais j\u2019essaye de me soigner.<\/p>\n\n\n\n<p class=\"has-text-align-justify\"><em><strong>&#8211; Quand et comment as-tu d\u00e9but\u00e9 en photo\u202f? Qu\u2019est-ce qu\u2019elle repr\u00e9sente pour toi\u202f?<\/strong><\/em><br>J\u2019ai d\u00e9but\u00e9 un peu pendant mon enfance, en gaspillant des appareils jetables puis les pelloches du vieux Kodak Instamatic de ma m\u00e8re. Comme beaucoup d\u2019autres, la photo a toujours \u00e9t\u00e9 pr\u00e9sente dans ma vie, pour fixer des souvenirs par l\u2019image. Mes pr\u00e9tentions artistiques, elles, ont d\u00e9but\u00e9 bien plus tard, quand j\u2019ai commenc\u00e9 \u00e0 ma\u00eetriser un petit peu mon premier reflex num\u00e9rique il y a une quinzaine d\u2019ann\u00e9es.<\/p>\n\n\n\n<p class=\"has-text-align-justify\"><strong><em>&#8211; De quoi parle ton exposition ?<\/em>&nbsp;<\/strong><br>Elle parle de montagnes et de lacs. Et puis de po\u00e9sie absurde aussi, m\u00eame si c\u2019est venu plus ou moins par hasard en partageant mes photos sur les r\u00e9seaux sociaux. D\u2019o\u00f9 son nom \u00ab&nbsp;Po\u00e8mes lacustres&nbsp;\u00bb.<\/p>\n\n\n\n<p class=\"has-text-align-justify\"><strong><em>&#8211; En g\u00e9n\u00e9ral, quels sont les sujets qui t\u2019int\u00e9ressent\u202f? Qu\u2019est-ce que tu y cherches, y trouves\u202f?<\/em>&nbsp;<\/strong><br>La montagne, la montagne et la montagne&nbsp;! Je ne sais pas trop ce que j\u2019y cherche, peut-\u00eatre une forme de libert\u00e9 et de calme, en allant bivouaquer tout seul au bord d\u2019un lac apr\u00e8s ma saison \u00e0 guider des touristes&nbsp;? J\u2019y trouve des belles lumi\u00e8res en tous cas. Sinon, en dehors des lacs de montagne, j\u2019aime bien aussi l\u2019animalier, la macro, la photo de rue et l\u2019architecture, m\u00eame si je pr\u00e9f\u00e8re regarder ce qu\u2019en font les autres plut\u00f4t que pratiquer moi-m\u00eame.<\/p>\n\n\n\n<p><i><strong>-Lien hypertexte vers le site internet o\u00f9 l\u2019on peut te retrouver <\/strong>: <\/i><br><a href=\"http:\/\/www.dansloeildupierrot.com\" target=\"_blank\" rel=\"noreferrer noopener\">www.dansloeildupierrot.com<\/a><\/p>\n\n\n<div class=\"wp-block-image\">\n<figure class=\"aligncenter size-large\"><a href=\"https:\/\/grain-dpixel.fr\/info\/wp-content\/uploads\/2025\/08\/Pierre-BOTTEX-Photo-signature.jpg\"><img fetchpriority=\"high\" decoding=\"async\" width=\"678\" height=\"1024\" src=\"https:\/\/grain-dpixel.fr\/info\/wp-content\/uploads\/2025\/08\/Pierre-BOTTEX-Photo-signature-678x1024.jpg\" alt=\"\" class=\"wp-image-17189\" srcset=\"https:\/\/grain-dpixel.fr\/info\/wp-content\/uploads\/2025\/08\/Pierre-BOTTEX-Photo-signature-678x1024.jpg 678w, https:\/\/grain-dpixel.fr\/info\/wp-content\/uploads\/2025\/08\/Pierre-BOTTEX-Photo-signature-199x300.jpg 199w, https:\/\/grain-dpixel.fr\/info\/wp-content\/uploads\/2025\/08\/Pierre-BOTTEX-Photo-signature-768x1159.jpg 768w, https:\/\/grain-dpixel.fr\/info\/wp-content\/uploads\/2025\/08\/Pierre-BOTTEX-Photo-signature-1018x1536.jpg 1018w, https:\/\/grain-dpixel.fr\/info\/wp-content\/uploads\/2025\/08\/Pierre-BOTTEX-Photo-signature-1357x2048.jpg 1357w, https:\/\/grain-dpixel.fr\/info\/wp-content\/uploads\/2025\/08\/Pierre-BOTTEX-Photo-signature.jpg 1590w\" sizes=\"(max-width: 678px) 100vw, 678px\" \/><\/a><\/figure><\/div>\n\n<div class=\"wp-block-image\">\n<figure class=\"aligncenter size-full\"><a href=\"https:\/\/grain-dpixel.fr\/info\/wp-content\/uploads\/2025\/08\/Bandeau-sponsors-2025-828-x-315.jpg\"><img decoding=\"async\" width=\"828\" height=\"315\" src=\"https:\/\/grain-dpixel.fr\/info\/wp-content\/uploads\/2025\/08\/Bandeau-sponsors-2025-828-x-315.jpg\" alt=\"\" class=\"wp-image-17386\" srcset=\"https:\/\/grain-dpixel.fr\/info\/wp-content\/uploads\/2025\/08\/Bandeau-sponsors-2025-828-x-315.jpg 828w, https:\/\/grain-dpixel.fr\/info\/wp-content\/uploads\/2025\/08\/Bandeau-sponsors-2025-828-x-315-300x114.jpg 300w, https:\/\/grain-dpixel.fr\/info\/wp-content\/uploads\/2025\/08\/Bandeau-sponsors-2025-828-x-315-768x292.jpg 768w\" sizes=\"(max-width: 828px) 100vw, 828px\" \/><\/a><\/figure><\/div>","protected":false},"excerpt":{"rendered":"<p>Exposition au Kursaal de Besan\u00e7on les 11 et 12 octobre 2025 Samedi 14h &#8211; 20h Dimanche 10h &#8211; 18h &#8211; Quelques mots pour te pr\u00e9senter :Je m\u2019appelle Pierrot Bottex, je [&hellip;]<\/p>\n","protected":false},"author":76,"featured_media":17189,"comment_status":"open","ping_status":"open","sticky":false,"template":"","format":"standard","meta":{"_bbp_topic_count":0,"_bbp_reply_count":0,"_bbp_total_topic_count":0,"_bbp_total_reply_count":0,"_bbp_voice_count":0,"_bbp_anonymous_reply_count":0,"_bbp_topic_count_hidden":0,"_bbp_reply_count_hidden":0,"_bbp_forum_subforum_count":0,"_monsterinsights_skip_tracking":false,"_monsterinsights_sitenote_active":false,"_monsterinsights_sitenote_note":"","_monsterinsights_sitenote_category":0,"_jetpack_memberships_contains_paid_content":false,"footnotes":""},"categories":[262,264],"tags":[],"class_list":["post-17362","post","type-post","status-publish","format-standard","has-post-thumbnail","hentry","category-festival-2025-festival","category-interviews-2025"],"jetpack_featured_media_url":"https:\/\/grain-dpixel.fr\/info\/wp-content\/uploads\/2025\/08\/Pierre-BOTTEX-Photo-signature.jpg","jetpack_sharing_enabled":true,"_links":{"self":[{"href":"https:\/\/grain-dpixel.fr\/info\/wp-json\/wp\/v2\/posts\/17362","targetHints":{"allow":["GET"]}}],"collection":[{"href":"https:\/\/grain-dpixel.fr\/info\/wp-json\/wp\/v2\/posts"}],"about":[{"href":"https:\/\/grain-dpixel.fr\/info\/wp-json\/wp\/v2\/types\/post"}],"author":[{"embeddable":true,"href":"https:\/\/grain-dpixel.fr\/info\/wp-json\/wp\/v2\/users\/76"}],"replies":[{"embeddable":true,"href":"https:\/\/grain-dpixel.fr\/info\/wp-json\/wp\/v2\/comments?post=17362"}],"version-history":[{"count":2,"href":"https:\/\/grain-dpixel.fr\/info\/wp-json\/wp\/v2\/posts\/17362\/revisions"}],"predecessor-version":[{"id":17460,"href":"https:\/\/grain-dpixel.fr\/info\/wp-json\/wp\/v2\/posts\/17362\/revisions\/17460"}],"wp:featuredmedia":[{"embeddable":true,"href":"https:\/\/grain-dpixel.fr\/info\/wp-json\/wp\/v2\/media\/17189"}],"wp:attachment":[{"href":"https:\/\/grain-dpixel.fr\/info\/wp-json\/wp\/v2\/media?parent=17362"}],"wp:term":[{"taxonomy":"category","embeddable":true,"href":"https:\/\/grain-dpixel.fr\/info\/wp-json\/wp\/v2\/categories?post=17362"},{"taxonomy":"post_tag","embeddable":true,"href":"https:\/\/grain-dpixel.fr\/info\/wp-json\/wp\/v2\/tags?post=17362"}],"curies":[{"name":"wp","href":"https:\/\/api.w.org\/{rel}","templated":true}]}}