{"id":16141,"date":"2024-09-23T06:00:00","date_gmt":"2024-09-23T04:00:00","guid":{"rendered":"https:\/\/grain-dpixel.fr\/info\/?p=16141"},"modified":"2024-09-30T18:10:51","modified_gmt":"2024-09-30T16:10:51","slug":"interview-de-simon-grass","status":"publish","type":"post","link":"https:\/\/grain-dpixel.fr\/info\/interview-de-simon-grass\/","title":{"rendered":"Interview de Simon GRASS"},"content":{"rendered":"\n<h3 class=\"wp-block-heading has-text-align-center\">Exposition \u00e0 \u00ab\u00a0la mairie de SA\u00d4NE\u00a0\u00bb, du 28 septembre au 20 octobre<\/h3>\n\n\n\n<p class=\"has-small-font-size\">du lundi au jeudi de 10h00 \u00e012h00 et de 13h30 \u00e0 17h30<br>le vendredi de 10h00 \u00e0 12h00 et de 13h30 \u00e0 17h00<\/p>\n\n\n\n<p class=\"has-text-align-justify\"><i><strong>&#8211; Quelques mots pour te pr\u00e9senter :<\/strong><\/i><br>Je suis un photographe et r\u00e9alisateur Is\u00e9rois de 40 ans. Je vis au sud de Vienne et j\u2019alterne projets photos, \u00e9criture de film et r\u00e9alisation de vid\u00e9os publicitaires et institutionnelles. Et quand il me reste du temps, je fais l\u2019assistant r\u00e9al pour les tournages des copains. Le reste du temps je fais la cuisine, ma deuxi\u00e8me passion apr\u00e8s l\u2019image.<\/p>\n\n\n\n<p class=\"has-text-align-justify\"><em><strong>&#8211; Quand et comment as-tu d\u00e9but\u00e9 en photo\u202f? Qu\u2019est-ce qu\u2019elle repr\u00e9sente pour toi\u202f?<\/strong><\/em><br>J\u2019ai eu mon premier appareil photo \u00e0 7 ans et je n\u2019ai jamais vraiment cess\u00e9 de faire des images depuis. Mais c\u2019est devenu une passion en 2006 quand j\u2019ai compris que la photographie me permettait, \u00e0 l\u2019instar du cin\u00e9ma, de raconter des histoires en images avec un double avantage&nbsp;: pouvoir le faire seul et avec beaucoup moins de contraintes financi\u00e8res. Mais ce n\u2019est qu\u2019en 2016 que je suis devenu professionnel, un peu par hasard en remportant un concours photo o\u00f9 le 1<sup>er<\/sup> prix \u00e9tait un contrat de repr\u00e9sentation avec une galerie parisienne. A partir de l\u00e0 tout s\u2019est encha\u00een\u00e9.<\/p>\n\n\n\n<p class=\"has-text-align-justify\"><strong><em>&#8211; De quoi parle ton exposition ?<\/em>&nbsp;<\/strong><br>Ces endroits pourraient presque \u00eatre des d\u00e9cors de cin\u00e9ma, des sc\u00e8nes de films mais o\u00f9 les personnages ont \u00e9t\u00e9 happ\u00e9s par la brume qui nimbe les lieux. Une sorte de Dogville \u00e0 l\u2019envers. Il y\u2019a en effet une ambiance entre David Lynch et Fincher. C\u2019est une s\u00e9rie qui fait vraiment la jonction entre mes deux m\u00e9tiers.<\/p>\n\n\n\n<p class=\"has-text-align-justify\"><strong><em>&#8211; En g\u00e9n\u00e9ral, quels sont les sujets qui t\u2019int\u00e9ressent\u202f? Qu\u2019est-ce que tu y cherches, y trouves\u202f?<\/em>&nbsp;<\/strong><br>Mon sujet de pr\u00e9dilection c\u2019est la France rurale et p\u00e9riph\u00e9rique. J\u2019aime trouver ce qui est signifiant dans nos quotidiens. Je travaille sur une esth\u00e9tique de l\u2019ordinaire, donner \u00e0 voir des paysages fran\u00e7ais sous un jour nouveau. Ce travail me permet de questionner mon environnement politiquement, culturellement et humainement.<\/p>\n\n\n\n<p><i><strong>-Lien hypertexte vers le site internet o\u00f9 l\u2019on peut te retrouver <\/strong>: <\/i><br><a href=\"https:\/\/www.simongrass.fr\" target=\"_blank\" rel=\"noreferrer noopener\">https:\/\/www.simongrass.fr<\/a> &#8211; <a href=\"https:\/\/www.instagram.com\/simongphoto\">Instagram<\/a><\/p>\n\n\n<div class=\"wp-block-image\">\n<figure class=\"aligncenter size-large\"><a href=\"https:\/\/grain-dpixel.fr\/info\/wp-content\/uploads\/2024\/07\/Simon-GRASS-Photo-signature.jpg\"><img fetchpriority=\"high\" decoding=\"async\" width=\"1024\" height=\"683\" src=\"https:\/\/grain-dpixel.fr\/info\/wp-content\/uploads\/2024\/07\/Simon-GRASS-Photo-signature-1024x683.jpg\" alt=\"\" class=\"wp-image-15877\" srcset=\"https:\/\/grain-dpixel.fr\/info\/wp-content\/uploads\/2024\/07\/Simon-GRASS-Photo-signature-1024x683.jpg 1024w, https:\/\/grain-dpixel.fr\/info\/wp-content\/uploads\/2024\/07\/Simon-GRASS-Photo-signature-300x200.jpg 300w, https:\/\/grain-dpixel.fr\/info\/wp-content\/uploads\/2024\/07\/Simon-GRASS-Photo-signature-768x512.jpg 768w, https:\/\/grain-dpixel.fr\/info\/wp-content\/uploads\/2024\/07\/Simon-GRASS-Photo-signature-1536x1024.jpg 1536w, https:\/\/grain-dpixel.fr\/info\/wp-content\/uploads\/2024\/07\/Simon-GRASS-Photo-signature.jpg 2048w\" sizes=\"(max-width: 1024px) 100vw, 1024px\" \/><\/a><\/figure><\/div>\n\n<div class=\"wp-block-image\">\n<figure class=\"aligncenter size-full\"><a href=\"https:\/\/grain-dpixel.fr\/info\/wp-content\/uploads\/2024\/07\/Bandeau-sponsors-fB-et-site-2024-828-x-315.jpg\"><img decoding=\"async\" width=\"828\" height=\"315\" src=\"https:\/\/grain-dpixel.fr\/info\/wp-content\/uploads\/2024\/07\/Bandeau-sponsors-fB-et-site-2024-828-x-315.jpg\" alt=\"\" class=\"wp-image-16030\" srcset=\"https:\/\/grain-dpixel.fr\/info\/wp-content\/uploads\/2024\/07\/Bandeau-sponsors-fB-et-site-2024-828-x-315.jpg 828w, https:\/\/grain-dpixel.fr\/info\/wp-content\/uploads\/2024\/07\/Bandeau-sponsors-fB-et-site-2024-828-x-315-300x114.jpg 300w, https:\/\/grain-dpixel.fr\/info\/wp-content\/uploads\/2024\/07\/Bandeau-sponsors-fB-et-site-2024-828-x-315-768x292.jpg 768w\" sizes=\"(max-width: 828px) 100vw, 828px\" \/><\/a><\/figure><\/div>","protected":false},"excerpt":{"rendered":"<p>Exposition \u00e0 \u00ab\u00a0la mairie de SA\u00d4NE\u00a0\u00bb, du 28 septembre au 20 octobre du lundi au jeudi de 10h00 \u00e012h00 et de 13h30 \u00e0 17h30le vendredi de 10h00 \u00e0 12h00 et [&hellip;]<\/p>\n","protected":false},"author":76,"featured_media":15877,"comment_status":"open","ping_status":"open","sticky":false,"template":"","format":"standard","meta":{"_bbp_topic_count":0,"_bbp_reply_count":0,"_bbp_total_topic_count":0,"_bbp_total_reply_count":0,"_bbp_voice_count":0,"_bbp_anonymous_reply_count":0,"_bbp_topic_count_hidden":0,"_bbp_reply_count_hidden":0,"_bbp_forum_subforum_count":0,"_monsterinsights_skip_tracking":false,"_monsterinsights_sitenote_active":false,"_monsterinsights_sitenote_note":"","_monsterinsights_sitenote_category":0,"_jetpack_memberships_contains_paid_content":false,"footnotes":""},"categories":[56,221,236,1],"tags":[],"class_list":["post-16141","post","type-post","status-publish","format-standard","has-post-thumbnail","hentry","category-festival","category-festival-2024","category-interviews-2024","category-non-classe"],"jetpack_featured_media_url":"https:\/\/grain-dpixel.fr\/info\/wp-content\/uploads\/2024\/07\/Simon-GRASS-Photo-signature.jpg","jetpack_sharing_enabled":true,"_links":{"self":[{"href":"https:\/\/grain-dpixel.fr\/info\/wp-json\/wp\/v2\/posts\/16141","targetHints":{"allow":["GET"]}}],"collection":[{"href":"https:\/\/grain-dpixel.fr\/info\/wp-json\/wp\/v2\/posts"}],"about":[{"href":"https:\/\/grain-dpixel.fr\/info\/wp-json\/wp\/v2\/types\/post"}],"author":[{"embeddable":true,"href":"https:\/\/grain-dpixel.fr\/info\/wp-json\/wp\/v2\/users\/76"}],"replies":[{"embeddable":true,"href":"https:\/\/grain-dpixel.fr\/info\/wp-json\/wp\/v2\/comments?post=16141"}],"version-history":[{"count":2,"href":"https:\/\/grain-dpixel.fr\/info\/wp-json\/wp\/v2\/posts\/16141\/revisions"}],"predecessor-version":[{"id":16275,"href":"https:\/\/grain-dpixel.fr\/info\/wp-json\/wp\/v2\/posts\/16141\/revisions\/16275"}],"wp:featuredmedia":[{"embeddable":true,"href":"https:\/\/grain-dpixel.fr\/info\/wp-json\/wp\/v2\/media\/15877"}],"wp:attachment":[{"href":"https:\/\/grain-dpixel.fr\/info\/wp-json\/wp\/v2\/media?parent=16141"}],"wp:term":[{"taxonomy":"category","embeddable":true,"href":"https:\/\/grain-dpixel.fr\/info\/wp-json\/wp\/v2\/categories?post=16141"},{"taxonomy":"post_tag","embeddable":true,"href":"https:\/\/grain-dpixel.fr\/info\/wp-json\/wp\/v2\/tags?post=16141"}],"curies":[{"name":"wp","href":"https:\/\/api.w.org\/{rel}","templated":true}]}}