{"id":16137,"date":"2024-09-21T06:00:00","date_gmt":"2024-09-21T04:00:00","guid":{"rendered":"https:\/\/grain-dpixel.fr\/info\/?p=16137"},"modified":"2024-09-30T18:16:33","modified_gmt":"2024-09-30T16:16:33","slug":"interview-de-sabine-freytag-2","status":"publish","type":"post","link":"https:\/\/grain-dpixel.fr\/info\/interview-de-sabine-freytag-2\/","title":{"rendered":"Interview de Sabine FREYTAG"},"content":{"rendered":"\n<h3 class=\"wp-block-heading has-text-align-center\">Exposition \u00e0 \u00ab\u00a0Mus\u00e9e des Maisons Comtoises\u00a0\u00bb de Nancray, du 28 septembre au 13 octobre<\/h3>\n\n\n\n<p class=\"has-small-font-size\">Acc\u00e8s au mus\u00e9e payant<br>du lundi au samedi de 13h00 \u00e0 18h00<br>Les dimanches et jours f\u00e9ri\u00e9s de 10h00 \u00e0 18h00<\/p>\n\n\n\n<p class=\"has-text-align-justify\"><i><strong>&#8211; Quelques mots pour te pr\u00e9senter :<\/strong><\/i><br>N\u00e9e en 1974, \u00e0 Besan\u00e7on, je passe mon enfance \u00e0 la campagne. A 20 ans, j\u2019int\u00e8gre l\u2019Ecole des Beaux-Arts de Besan\u00e7on pour me former en tant que collaboratrice d\u2019Architecte. Alors dipl\u00f4m\u00e9e, j\u2019alterne les voyages en Asie, Afrique du Nord avec mes exp\u00e9riences professionnelles. Ces variations enrichissent ma pratique architecturale et mon int\u00e9r\u00eat pour l\u2019image. Quelques ann\u00e9es plus tard, install\u00e9e \u00e0 Lyon, je reprends mes \u00e9tudes d\u2019Architecte. Aujourd\u2019hui, install\u00e9e en tant qu\u2019architecte, mon travail de l\u2019image reste constant en d\u00e9veloppant des images sensibles avec le v\u00e9g\u00e9tal en photographie.<\/p>\n\n\n\n<p class=\"has-text-align-justify\"><em><strong>&#8211; Quand et comment as-tu d\u00e9but\u00e9 en photo\u202f? Qu\u2019est-ce qu\u2019elle repr\u00e9sente pour toi\u202f?<\/strong><\/em><br>Je me suis immerg\u00e9e dans la photographie, il y a une quinzaine d&rsquo;ann\u00e9es avec la reprise de mes \u00e9tudes. En parall\u00e8le, j\u2019ai appris \u00e0 d\u00e9velopper mes photographies argentiques en Noir &amp; Blanc et cette pratique a aliment\u00e9 mes images architecturales tr\u00e8s graphiques. Apr\u00e8s cette 1ere exp\u00e9rience, le num\u00e9rique et le v\u00e9g\u00e9tal m\u2019ont amen\u00e9 vers une autre d\u00e9marche plus artistique. La photographie repr\u00e9sente un moyen d\u2019expression et de l\u00e2cher-prise par rapport \u00e0 ma profession tr\u00e8s norm\u00e9e. Elle me permet de m\u2019approprier tout le processus, de la conception \u00e0 la r\u00e9alisation de l\u2019image, chose qui m\u2019est amput\u00e9e sur les chantiers o\u00f9 l\u2019architecte joue le r\u00f4le de chef d\u2019orchestre et ne r\u00e9alise pas les travaux.<\/p>\n\n\n\n<p class=\"has-text-align-justify\"><strong><em>&#8211; De quoi parle ton exposition ?<\/em>&nbsp;<\/strong><br>Mon exposition pr\u00e9sente un nouvel herbier, transcrit avec un proc\u00e9d\u00e9 ancien, nomm\u00e9 cyanotype. J\u2019essaie de donner de l\u2019importance, et de montrer le caract\u00e8re et la beaut\u00e9 de ces v\u00e9g\u00e9taux qui constituent notre paysage, Ils font partie d\u2019un d\u00e9cor o\u00f9 personne ne leur accorde beaucoup d\u2019attention. Je personnalise leur identit\u00e9 avec mes prises de vue \u00e9pur\u00e9es, simples o\u00f9 ces v\u00e9g\u00e9taux montrent tout leur caract\u00e8re par leur forme.<br>Mes cyanotypes sont vir\u00e9s avec les teintures v\u00e9g\u00e9tales que je fabrique, \u00e0 base de feuilles de laurier, de carotte sauvage, de grenade, d\u2019avocat ou de pelure d\u2019oignons. Cette tonification de l\u2019image donne force et caract\u00e8re aux v\u00e9g\u00e9taux.<\/p>\n\n\n\n<p class=\"has-text-align-justify\"><strong><em>&#8211; En g\u00e9n\u00e9ral, quels sont les sujets qui t\u2019int\u00e9ressent\u202f? Qu\u2019est-ce que tu y cherches, y trouves\u202f?<\/em>&nbsp;<\/strong><br>Mon sujet de pr\u00e9dilection est le vivant, plus pr\u00e9cis\u00e9ment le v\u00e9g\u00e9tal, avec lui, j\u2019exp\u00e9rimente les proc\u00e9d\u00e9s photographiques et les d\u00e9veloppe \u00e0 ma mani\u00e8re. Je suis surtout motiv\u00e9e par mettre en exergue mes id\u00e9es, mes exp\u00e9riences et faire \u00e9voluer l\u2019esth\u00e9tique de mes photographies.<\/p>\n\n\n\n<p><i><strong>-Lien hypertexte vers le site internet o\u00f9 l\u2019on peut te retrouver <\/strong>: <\/i><br><a href=\"https:\/\/www.instagram.com\/lesfleursdesab\/\" target=\"_blank\" rel=\"noreferrer noopener\">Instagram<\/a><\/p>\n\n\n<div class=\"wp-block-image\">\n<figure class=\"aligncenter size-large\"><a href=\"https:\/\/grain-dpixel.fr\/info\/wp-content\/uploads\/2024\/07\/Sabine-FREYTAG-Photo-signature-scaled.jpg\"><img fetchpriority=\"high\" decoding=\"async\" width=\"739\" height=\"1024\" src=\"https:\/\/grain-dpixel.fr\/info\/wp-content\/uploads\/2024\/07\/Sabine-FREYTAG-Photo-signature-739x1024.jpg\" alt=\"\" class=\"wp-image-15874\" srcset=\"https:\/\/grain-dpixel.fr\/info\/wp-content\/uploads\/2024\/07\/Sabine-FREYTAG-Photo-signature-739x1024.jpg 739w, https:\/\/grain-dpixel.fr\/info\/wp-content\/uploads\/2024\/07\/Sabine-FREYTAG-Photo-signature-217x300.jpg 217w, https:\/\/grain-dpixel.fr\/info\/wp-content\/uploads\/2024\/07\/Sabine-FREYTAG-Photo-signature-768x1064.jpg 768w, https:\/\/grain-dpixel.fr\/info\/wp-content\/uploads\/2024\/07\/Sabine-FREYTAG-Photo-signature-1109x1536.jpg 1109w, https:\/\/grain-dpixel.fr\/info\/wp-content\/uploads\/2024\/07\/Sabine-FREYTAG-Photo-signature-1479x2048.jpg 1479w, https:\/\/grain-dpixel.fr\/info\/wp-content\/uploads\/2024\/07\/Sabine-FREYTAG-Photo-signature-scaled.jpg 1849w\" sizes=\"(max-width: 739px) 100vw, 739px\" \/><\/a><\/figure><\/div>\n\n<div class=\"wp-block-image\">\n<figure class=\"aligncenter size-full\"><a href=\"https:\/\/grain-dpixel.fr\/info\/wp-content\/uploads\/2024\/07\/Bandeau-sponsors-fB-et-site-2024-828-x-315.jpg\"><img decoding=\"async\" width=\"828\" height=\"315\" src=\"https:\/\/grain-dpixel.fr\/info\/wp-content\/uploads\/2024\/07\/Bandeau-sponsors-fB-et-site-2024-828-x-315.jpg\" alt=\"\" class=\"wp-image-16030\" srcset=\"https:\/\/grain-dpixel.fr\/info\/wp-content\/uploads\/2024\/07\/Bandeau-sponsors-fB-et-site-2024-828-x-315.jpg 828w, https:\/\/grain-dpixel.fr\/info\/wp-content\/uploads\/2024\/07\/Bandeau-sponsors-fB-et-site-2024-828-x-315-300x114.jpg 300w, https:\/\/grain-dpixel.fr\/info\/wp-content\/uploads\/2024\/07\/Bandeau-sponsors-fB-et-site-2024-828-x-315-768x292.jpg 768w\" sizes=\"(max-width: 828px) 100vw, 828px\" \/><\/a><\/figure><\/div>","protected":false},"excerpt":{"rendered":"<p>Exposition \u00e0 \u00ab\u00a0Mus\u00e9e des Maisons Comtoises\u00a0\u00bb de Nancray, du 28 septembre au 13 octobre Acc\u00e8s au mus\u00e9e payantdu lundi au samedi de 13h00 \u00e0 18h00Les dimanches et jours f\u00e9ri\u00e9s de [&hellip;]<\/p>\n","protected":false},"author":76,"featured_media":15874,"comment_status":"open","ping_status":"open","sticky":false,"template":"","format":"standard","meta":{"_bbp_topic_count":0,"_bbp_reply_count":0,"_bbp_total_topic_count":0,"_bbp_total_reply_count":0,"_bbp_voice_count":0,"_bbp_anonymous_reply_count":0,"_bbp_topic_count_hidden":0,"_bbp_reply_count_hidden":0,"_bbp_forum_subforum_count":0,"_monsterinsights_skip_tracking":false,"_monsterinsights_sitenote_active":false,"_monsterinsights_sitenote_note":"","_monsterinsights_sitenote_category":0,"_jetpack_memberships_contains_paid_content":false,"footnotes":""},"categories":[56,221,236,1],"tags":[],"class_list":["post-16137","post","type-post","status-publish","format-standard","has-post-thumbnail","hentry","category-festival","category-festival-2024","category-interviews-2024","category-non-classe"],"jetpack_featured_media_url":"https:\/\/grain-dpixel.fr\/info\/wp-content\/uploads\/2024\/07\/Sabine-FREYTAG-Photo-signature-scaled.jpg","jetpack_sharing_enabled":true,"_links":{"self":[{"href":"https:\/\/grain-dpixel.fr\/info\/wp-json\/wp\/v2\/posts\/16137","targetHints":{"allow":["GET"]}}],"collection":[{"href":"https:\/\/grain-dpixel.fr\/info\/wp-json\/wp\/v2\/posts"}],"about":[{"href":"https:\/\/grain-dpixel.fr\/info\/wp-json\/wp\/v2\/types\/post"}],"author":[{"embeddable":true,"href":"https:\/\/grain-dpixel.fr\/info\/wp-json\/wp\/v2\/users\/76"}],"replies":[{"embeddable":true,"href":"https:\/\/grain-dpixel.fr\/info\/wp-json\/wp\/v2\/comments?post=16137"}],"version-history":[{"count":3,"href":"https:\/\/grain-dpixel.fr\/info\/wp-json\/wp\/v2\/posts\/16137\/revisions"}],"predecessor-version":[{"id":16280,"href":"https:\/\/grain-dpixel.fr\/info\/wp-json\/wp\/v2\/posts\/16137\/revisions\/16280"}],"wp:featuredmedia":[{"embeddable":true,"href":"https:\/\/grain-dpixel.fr\/info\/wp-json\/wp\/v2\/media\/15874"}],"wp:attachment":[{"href":"https:\/\/grain-dpixel.fr\/info\/wp-json\/wp\/v2\/media?parent=16137"}],"wp:term":[{"taxonomy":"category","embeddable":true,"href":"https:\/\/grain-dpixel.fr\/info\/wp-json\/wp\/v2\/categories?post=16137"},{"taxonomy":"post_tag","embeddable":true,"href":"https:\/\/grain-dpixel.fr\/info\/wp-json\/wp\/v2\/tags?post=16137"}],"curies":[{"name":"wp","href":"https:\/\/api.w.org\/{rel}","templated":true}]}}