{"id":16109,"date":"2024-09-12T06:00:00","date_gmt":"2024-09-12T04:00:00","guid":{"rendered":"https:\/\/grain-dpixel.fr\/info\/?p=16109"},"modified":"2024-09-12T08:24:35","modified_gmt":"2024-09-12T06:24:35","slug":"interview-de-jean-baptiste-bornier","status":"publish","type":"post","link":"https:\/\/grain-dpixel.fr\/info\/interview-de-jean-baptiste-bornier\/","title":{"rendered":"Interview de Jean-Baptiste BORNIER"},"content":{"rendered":"\n<h3 class=\"wp-block-heading has-text-align-center\">Exposition \u00e0 \u00ab\u00a0la mairie de SA\u00d4NE\u00a0\u00bb, du 28 septembre au 19 octobre<\/h3>\n\n\n\n<p class=\"has-small-font-size\">du samedi 28 septembre au samedi 19 octobre<br>du lundi au jeudi de 10h00 \u00e0 12h00 et de 13h30 \u00e0 17h30<br>le vendredi de 10h00 \u00e0 12h00 et de 13h30 \u00e0 17h00<br>Ferm\u00e9 le dimanche<\/p>\n\n\n\n<p class=\"has-text-align-justify\"><i><strong>&#8211; Quelques mots pour te pr\u00e9senter :<\/strong><\/i><br>Je suis Jean-Baptiste Bornier, photojournaliste pour le Dauphin\u00e9 Lib\u00e9r\u00e9 en Is\u00e8re. J\u2019ai commenc\u00e9 ma carri\u00e8re \u00e0 la radio, apr\u00e8s des \u00e9tudes en journalisme \u00e0 Lyon, mais mon r\u00eave de devenir photo reporter a pris le dessus. J\u2019ai commenc\u00e9 comme ind\u00e9pendant en travaillant pour la presse nationale et j\u2019ai ensuite int\u00e9gr\u00e9 l\u2019Est R\u00e9publicain \u00e0 Belfort\/Montb\u00e9liard en tant que pigiste, puis \u00e0 Vosges Matin avant d\u2019arriver au Dauphin\u00e9 Lib\u00e9r\u00e9.<\/p>\n\n\n\n<p class=\"has-text-align-justify\"><em><strong>&#8211; Quand et comment as-tu d\u00e9but\u00e9 en photo\u202f? Qu\u2019est-ce qu\u2019elle repr\u00e9sente pour toi\u202f?<\/strong><\/em><br>Mon premier appareil photo, ce sont mes parents qui me l\u2019ont offert quand j\u2019avais trois ans, c\u2019\u00e9tait un jetable pour les vacances d\u2019\u00e9t\u00e9&nbsp;! J\u2019aimais beaucoup cela sans pour autant que cela ne devienne une passion. En premi\u00e8re ann\u00e9e d\u2019\u00e9tude en journalisme, en 2015, un de mes meilleurs amis m\u2019a pr\u00eat\u00e9 son reflex, on a eu des cours photo et l\u00e0 j\u2019\u00e9tais mordu, je ne sortais plus sans un appareil photo dans le sac.<\/p>\n\n\n\n<p class=\"has-text-align-justify\"><strong><em>&#8211; De quoi parle ton exposition ?<\/em>&nbsp;<\/strong><br>Mon exposition a pour but de mettre en avant cette petite partie de l\u2019Is\u00e8re qu\u2019on appelle la Plaine du Bouchage et ses habitants. C\u2019est une zone qui est inond\u00e9e volontairement, si n\u00e9cessaire, lorsque le Rh\u00f4ne est en crue. L\u2019objectif est de prot\u00e9ger certains quartiers de Lyon, comme la Guilloti\u00e8re, d\u2019\u00eatre inond\u00e9s. C\u2019est une loi qui date de 1858, sous Napol\u00e9on III. Ainsi, plusieurs maisons, sur diff\u00e9rentes communes, peuvent \u00eatre inond\u00e9es, c\u2019\u00e9tait le cas fin 2023. Je me suis rendu sur place avec mon coll\u00e8gue r\u00e9dacteur et nous avons vu des b\u00e2tisses avec 1m \u00e0 1m50 d\u2019eau \u00e0 l\u2019int\u00e9rieur. Les habitants sont au courant quand ils ach\u00e8tent sur cette zone mais les municipalit\u00e9s is\u00e9roises se battent avec l\u2019agglom\u00e9ration lyonnaise pour trouver un arrangement \u00e9conomique, et que Lyon participe aux frais d\u2019am\u00e9nagements du territoire par exemple.<\/p>\n\n\n\n<p class=\"has-text-align-justify\"><strong><em>&#8211; En g\u00e9n\u00e9ral, quels sont les sujets qui t\u2019int\u00e9ressent\u202f? Qu\u2019est-ce que tu y cherches, y trouves\u202f?<\/em>&nbsp;<\/strong><br>Les sujets qui m\u2019int\u00e9ressent le plus sont les sujets sociaux, pouvoir mettre en lumi\u00e8re des gens en difficult\u00e9 et ne pas les laisser tomber. C\u2019est le c\u00f4t\u00e9 humain que je recherche avant tout, avec de l\u2019\u00e9motion. Un reportage comme celui dans la Plaine du Bouchage est tr\u00e8s int\u00e9ressant parce que l\u2019on rencontre tout type de personnes, des jeunes, des plus \u00e2g\u00e9es, des personnes qui ont tout reconstruit de leurs propres mains mais qui voient leur vie d\u00e9truite \u00e0 cause de l\u2019inondation. Ce sont des sujets forts et humains.<\/p>\n\n\n\n<p><i><strong>-Lien hypertexte vers le site internet o\u00f9 l\u2019on peut te retrouver <\/strong>: <\/i><br><a href=\"https:\/\/www.jean-baptistebornier.com\/\">Jean-Baptiste Bornier<\/a><\/p>\n\n\n<div class=\"wp-block-image\">\n<figure class=\"aligncenter size-large\"><a href=\"https:\/\/grain-dpixel.fr\/info\/wp-content\/uploads\/2024\/07\/Jean-Baptiste-BORNIER-Photo-signature-.jpg\"><img fetchpriority=\"high\" decoding=\"async\" width=\"1024\" height=\"683\" src=\"https:\/\/grain-dpixel.fr\/info\/wp-content\/uploads\/2024\/07\/Jean-Baptiste-BORNIER-Photo-signature--1024x683.jpg\" alt=\"\" class=\"wp-image-15856\" srcset=\"https:\/\/grain-dpixel.fr\/info\/wp-content\/uploads\/2024\/07\/Jean-Baptiste-BORNIER-Photo-signature--1024x683.jpg 1024w, https:\/\/grain-dpixel.fr\/info\/wp-content\/uploads\/2024\/07\/Jean-Baptiste-BORNIER-Photo-signature--300x200.jpg 300w, https:\/\/grain-dpixel.fr\/info\/wp-content\/uploads\/2024\/07\/Jean-Baptiste-BORNIER-Photo-signature--768x512.jpg 768w, https:\/\/grain-dpixel.fr\/info\/wp-content\/uploads\/2024\/07\/Jean-Baptiste-BORNIER-Photo-signature--1536x1025.jpg 1536w, https:\/\/grain-dpixel.fr\/info\/wp-content\/uploads\/2024\/07\/Jean-Baptiste-BORNIER-Photo-signature-.jpg 2048w\" sizes=\"(max-width: 1024px) 100vw, 1024px\" \/><\/a><\/figure><\/div>\n\n<div class=\"wp-block-image\">\n<figure class=\"aligncenter size-full\"><a href=\"https:\/\/grain-dpixel.fr\/info\/wp-content\/uploads\/2024\/07\/Bandeau-sponsors-fB-et-site-2024-828-x-315.jpg\"><img decoding=\"async\" width=\"828\" height=\"315\" src=\"https:\/\/grain-dpixel.fr\/info\/wp-content\/uploads\/2024\/07\/Bandeau-sponsors-fB-et-site-2024-828-x-315.jpg\" alt=\"\" class=\"wp-image-16030\" srcset=\"https:\/\/grain-dpixel.fr\/info\/wp-content\/uploads\/2024\/07\/Bandeau-sponsors-fB-et-site-2024-828-x-315.jpg 828w, https:\/\/grain-dpixel.fr\/info\/wp-content\/uploads\/2024\/07\/Bandeau-sponsors-fB-et-site-2024-828-x-315-300x114.jpg 300w, https:\/\/grain-dpixel.fr\/info\/wp-content\/uploads\/2024\/07\/Bandeau-sponsors-fB-et-site-2024-828-x-315-768x292.jpg 768w\" sizes=\"(max-width: 828px) 100vw, 828px\" \/><\/a><\/figure><\/div>","protected":false},"excerpt":{"rendered":"<p>Exposition \u00e0 \u00ab\u00a0la mairie de SA\u00d4NE\u00a0\u00bb, du 28 septembre au 19 octobre du samedi 28 septembre au samedi 19 octobredu lundi au jeudi de 10h00 \u00e0 12h00 et de 13h30 [&hellip;]<\/p>\n","protected":false},"author":76,"featured_media":15856,"comment_status":"open","ping_status":"open","sticky":false,"template":"","format":"standard","meta":{"_bbp_topic_count":0,"_bbp_reply_count":0,"_bbp_total_topic_count":0,"_bbp_total_reply_count":0,"_bbp_voice_count":0,"_bbp_anonymous_reply_count":0,"_bbp_topic_count_hidden":0,"_bbp_reply_count_hidden":0,"_bbp_forum_subforum_count":0,"_monsterinsights_skip_tracking":false,"_monsterinsights_sitenote_active":false,"_monsterinsights_sitenote_note":"","_monsterinsights_sitenote_category":0,"_jetpack_memberships_contains_paid_content":false,"footnotes":""},"categories":[56,221,236],"tags":[],"class_list":["post-16109","post","type-post","status-publish","format-standard","has-post-thumbnail","hentry","category-festival","category-festival-2024","category-interviews-2024"],"jetpack_featured_media_url":"https:\/\/grain-dpixel.fr\/info\/wp-content\/uploads\/2024\/07\/Jean-Baptiste-BORNIER-Photo-signature-.jpg","jetpack_sharing_enabled":true,"_links":{"self":[{"href":"https:\/\/grain-dpixel.fr\/info\/wp-json\/wp\/v2\/posts\/16109","targetHints":{"allow":["GET"]}}],"collection":[{"href":"https:\/\/grain-dpixel.fr\/info\/wp-json\/wp\/v2\/posts"}],"about":[{"href":"https:\/\/grain-dpixel.fr\/info\/wp-json\/wp\/v2\/types\/post"}],"author":[{"embeddable":true,"href":"https:\/\/grain-dpixel.fr\/info\/wp-json\/wp\/v2\/users\/76"}],"replies":[{"embeddable":true,"href":"https:\/\/grain-dpixel.fr\/info\/wp-json\/wp\/v2\/comments?post=16109"}],"version-history":[{"count":5,"href":"https:\/\/grain-dpixel.fr\/info\/wp-json\/wp\/v2\/posts\/16109\/revisions"}],"predecessor-version":[{"id":16224,"href":"https:\/\/grain-dpixel.fr\/info\/wp-json\/wp\/v2\/posts\/16109\/revisions\/16224"}],"wp:featuredmedia":[{"embeddable":true,"href":"https:\/\/grain-dpixel.fr\/info\/wp-json\/wp\/v2\/media\/15856"}],"wp:attachment":[{"href":"https:\/\/grain-dpixel.fr\/info\/wp-json\/wp\/v2\/media?parent=16109"}],"wp:term":[{"taxonomy":"category","embeddable":true,"href":"https:\/\/grain-dpixel.fr\/info\/wp-json\/wp\/v2\/categories?post=16109"},{"taxonomy":"post_tag","embeddable":true,"href":"https:\/\/grain-dpixel.fr\/info\/wp-json\/wp\/v2\/tags?post=16109"}],"curies":[{"name":"wp","href":"https:\/\/api.w.org\/{rel}","templated":true}]}}