{"id":16107,"date":"2024-09-11T06:00:00","date_gmt":"2024-09-11T04:00:00","guid":{"rendered":"https:\/\/grain-dpixel.fr\/info\/?p=16107"},"modified":"2024-09-30T18:15:59","modified_gmt":"2024-09-30T16:15:59","slug":"interview-de-jacques-fabert","status":"publish","type":"post","link":"https:\/\/grain-dpixel.fr\/info\/interview-de-jacques-fabert\/","title":{"rendered":"Interview de Jacques FABERT"},"content":{"rendered":"\n<h3 class=\"wp-block-heading has-text-align-center\">Exposition au \u00ab\u00a0Mus\u00e9e des Maisons Comtoises\u00a0\u00bb de Nancray, du 28 septembre au 13 octobre<\/h3>\n\n\n\n<p class=\"has-small-font-size\">Acc\u00e8s au mus\u00e9e payant<br>du lundi au samedi de 13h00 \u00e0 18h00<br>Les dimanches et jours f\u00e9ri\u00e9s de 10h00 \u00e0 18h00<\/p>\n\n\n\n<p class=\"has-text-align-justify\"><i><strong>&#8211; Quelques mots pour te pr\u00e9senter :<\/strong><\/i><br>Je me suis remis \u00e0 la photo depuis quelques ann\u00e9es. Tr\u00e8s jeune retrait\u00e9, je peux enfin me consacrer \u00e0 l\u2019une de mes passions, la photographie&nbsp;! C\u2019est la premi\u00e8re fois que je me pr\u00e9sente pour une exposition dans un festival (en dehors des pr\u00e9sentations que j\u2019ai pu faire dans le cadre du Groupe Photo d\u2019Ecully que je co-anime) Je travaille par projet que j\u2019\u00e9labore au fils du temps.<\/p>\n\n\n\n<p class=\"has-text-align-justify\"><em><strong>&#8211; Quand et comment as-tu d\u00e9but\u00e9 en photo\u202f? Qu\u2019est-ce qu\u2019elle repr\u00e9sente pour toi\u202f?<\/strong><\/em><br>J\u2019ai d\u00e9but\u00e9 la photo vers mes 13 ans avec un vieil appareil \u00e0 soufflet 6X9. J\u2019ai eu la chance de pouvoir d\u00e9velopper mes photos \u00e0 la maison. Et puis la vie \u00e0 suivi son cours. Avec le temps, je ne faisais que des photos de vacances ou des photos me permettant de pr\u00e9parer mes toiles, travailler la mise en forme et le choix des couleurs avant de les r\u00e9interpr\u00e9ter en peinture \u00e0 l\u2019huile ou en technique mixte. Depuis 6 ans, je suis revenu \u00e0 la photo, technique plus rapide que la peinture par certain c\u00f4t\u00e9 mais tout aussi exigeante pour obtenir un r\u00e9sultat qui puisse me satisfaire. Dans mes photos comme dans ma peinture, je cherche \u00e0 faire percevoir les non-dits, les vides ou les errances qui pars\u00e8ment nos vies. C\u2019est pour moi un moyen d\u2019expression essentiel qui me permet de dire un peu le monde que je pr\u00e9tends vouloir cr\u00e9er et tenter de le partager.<\/p>\n\n\n\n<p class=\"has-text-align-justify\"><strong><em>&#8211; De quoi parle ton exposition ?<\/em>&nbsp;<\/strong><br>Bien qu\u2019il s\u2019agisse de photos qu\u2019il est convenu de classer dans la cat\u00e9gorie \u00ab&nbsp;architecture&nbsp;\u00bb, dans cette s\u00e9rie, j\u2019ai surtout voulu raconter une histoire, celle d\u2019une vie&nbsp;? d\u2019une phase de vie&nbsp;? Nous d\u00e9valons tous nos existences cern\u00e9es par les contraintes que la vie nous impose, celle dans lesquelles nous nous complaisons, les al\u00e9as du monde ext\u00e9rieur. Nous sommes tous canalis\u00e9s dans des rails qui nous enserrent plus ou moins consciemment. Nous les suivons, mais parfois, une prise de recul, une introspection ou une bifurcation s\u2019ouvre \u00e0 nous. Saurons-nous la choisir&nbsp;? J\u2019ai voulu rendre cette impression par le choix de photo d\u2019architecture moderne, de rampes d\u2019acc\u00e8s ou d\u2019escaliers, avec, de temps en temps, un personnage, qui, tel une boule de flipper, d\u00e9vale la pente. Cela passe par des hauts et des bas, des tourbillons de doutes ou d\u2019exaltation, des descentes au plus profond de soi ou des \u00e9l\u00e9vations (spirituelles&nbsp;?). Il y a la qu\u00eate de la lumi\u00e8re qui peut \u00eatre bloqu\u00e9e par nos grilles de lecture trop format\u00e9es. C\u2019est pour cela que j\u2019ai voulu qu\u2019une m\u00eame ligne coure d\u2019une photo \u00e0 l\u2019autre, d\u2019un \u00e9tat int\u00e9rieur \u00e0 l\u2019autre, tout en courbe. C\u2019est aussi la symbolique de l\u2019escalier qui nous \u00e9l\u00e8ve ou nous fait descendre au plus profond, nous fais tourner sans bien savoir ce qu\u2019il y a derri\u00e8re.<\/p>\n\n\n\n<p class=\"has-text-align-justify\"><strong><em>&#8211; En g\u00e9n\u00e9ral, quels sont les sujets qui t\u2019int\u00e9ressent\u202f? Qu\u2019est-ce que tu y cherches, y trouves\u202f?<\/em>&nbsp;<\/strong><br>J\u2019ai toujours plusieurs th\u00e8mes \u00e9clectiques que je travaille en parall\u00e8le.&nbsp; Ce peut \u00eatre aussi bien des photos retravaill\u00e9es sur Photoshop, que des photos de paysage, de sport ou de studio&nbsp;; d\u2019architecture aussi. Mais pour moi, pour qu\u2019une s\u00e9rie puisse exister, il faut qu\u2019elle dise autre chose que le th\u00e8me qu\u2019elle pr\u00e9sente (comme dans la s\u00e9rie \u00ab\u00a0\u00ab&nbsp;\u00ab\u00a0boulle de flipper\u00a0\u00bb). A l\u2019occasion de mes sorties photo, j\u2019accumule les clich\u00e9s qui correspondent \u00e0 telle ou telle s\u00e9rie en cours. Certaines fois, j\u2019organise mes sorties pour saisir l\u2019une ou l\u2019autre photo en lien avec un une s\u00e9rie bien pr\u00e9cise.<br>Apr\u00e8s maturation, vient le douloureux passage \u00e0 l\u2019Editing. Il faut choisir d\u2019\u00e9liminer bon nombre de bonnes photos pour ne retenir que celles qui se concentrent sur l\u2019essentiel du message que je souhaite transmettre. Cela \u00e9tant, la sc\u00e9nographie est pour moi un grand plaisir o\u00f9 tous les possibles sont ouverts&nbsp;!<\/p>\n\n\n\n<p><i><strong>-Lien hypertexte vers le site internet o\u00f9 l\u2019on peut te retrouver <\/strong>: <\/i><br>Flickr<\/p>\n\n\n<div class=\"wp-block-image\">\n<figure class=\"aligncenter size-large\"><a href=\"https:\/\/grain-dpixel.fr\/info\/wp-content\/uploads\/2024\/07\/Jacques-FABERT-photosignature.jpg\"><img fetchpriority=\"high\" decoding=\"async\" width=\"1024\" height=\"682\" src=\"https:\/\/grain-dpixel.fr\/info\/wp-content\/uploads\/2024\/07\/Jacques-FABERT-photosignature-1024x682.jpg\" alt=\"\" class=\"wp-image-15854\" srcset=\"https:\/\/grain-dpixel.fr\/info\/wp-content\/uploads\/2024\/07\/Jacques-FABERT-photosignature-1024x682.jpg 1024w, https:\/\/grain-dpixel.fr\/info\/wp-content\/uploads\/2024\/07\/Jacques-FABERT-photosignature-300x200.jpg 300w, https:\/\/grain-dpixel.fr\/info\/wp-content\/uploads\/2024\/07\/Jacques-FABERT-photosignature-768x512.jpg 768w, https:\/\/grain-dpixel.fr\/info\/wp-content\/uploads\/2024\/07\/Jacques-FABERT-photosignature-1536x1024.jpg 1536w, https:\/\/grain-dpixel.fr\/info\/wp-content\/uploads\/2024\/07\/Jacques-FABERT-photosignature-2048x1365.jpg 2048w\" sizes=\"(max-width: 1024px) 100vw, 1024px\" \/><\/a><\/figure><\/div>\n\n<div class=\"wp-block-image\">\n<figure class=\"aligncenter size-full\"><a href=\"https:\/\/grain-dpixel.fr\/info\/wp-content\/uploads\/2024\/07\/Bandeau-sponsors-fB-et-site-2024-828-x-315.jpg\"><img decoding=\"async\" width=\"828\" height=\"315\" src=\"https:\/\/grain-dpixel.fr\/info\/wp-content\/uploads\/2024\/07\/Bandeau-sponsors-fB-et-site-2024-828-x-315.jpg\" alt=\"\" class=\"wp-image-16030\" srcset=\"https:\/\/grain-dpixel.fr\/info\/wp-content\/uploads\/2024\/07\/Bandeau-sponsors-fB-et-site-2024-828-x-315.jpg 828w, https:\/\/grain-dpixel.fr\/info\/wp-content\/uploads\/2024\/07\/Bandeau-sponsors-fB-et-site-2024-828-x-315-300x114.jpg 300w, https:\/\/grain-dpixel.fr\/info\/wp-content\/uploads\/2024\/07\/Bandeau-sponsors-fB-et-site-2024-828-x-315-768x292.jpg 768w\" sizes=\"(max-width: 828px) 100vw, 828px\" \/><\/a><\/figure><\/div>","protected":false},"excerpt":{"rendered":"<p>Exposition au \u00ab\u00a0Mus\u00e9e des Maisons Comtoises\u00a0\u00bb de Nancray, du 28 septembre au 13 octobre Acc\u00e8s au mus\u00e9e payantdu lundi au samedi de 13h00 \u00e0 18h00Les dimanches et jours f\u00e9ri\u00e9s de [&hellip;]<\/p>\n","protected":false},"author":76,"featured_media":15854,"comment_status":"open","ping_status":"open","sticky":false,"template":"","format":"standard","meta":{"_bbp_topic_count":0,"_bbp_reply_count":0,"_bbp_total_topic_count":0,"_bbp_total_reply_count":0,"_bbp_voice_count":0,"_bbp_anonymous_reply_count":0,"_bbp_topic_count_hidden":0,"_bbp_reply_count_hidden":0,"_bbp_forum_subforum_count":0,"_monsterinsights_skip_tracking":false,"_monsterinsights_sitenote_active":false,"_monsterinsights_sitenote_note":"","_monsterinsights_sitenote_category":0,"_jetpack_memberships_contains_paid_content":false,"footnotes":""},"categories":[56,221,236],"tags":[],"class_list":["post-16107","post","type-post","status-publish","format-standard","has-post-thumbnail","hentry","category-festival","category-festival-2024","category-interviews-2024"],"jetpack_featured_media_url":"https:\/\/grain-dpixel.fr\/info\/wp-content\/uploads\/2024\/07\/Jacques-FABERT-photosignature.jpg","jetpack_sharing_enabled":true,"_links":{"self":[{"href":"https:\/\/grain-dpixel.fr\/info\/wp-json\/wp\/v2\/posts\/16107","targetHints":{"allow":["GET"]}}],"collection":[{"href":"https:\/\/grain-dpixel.fr\/info\/wp-json\/wp\/v2\/posts"}],"about":[{"href":"https:\/\/grain-dpixel.fr\/info\/wp-json\/wp\/v2\/types\/post"}],"author":[{"embeddable":true,"href":"https:\/\/grain-dpixel.fr\/info\/wp-json\/wp\/v2\/users\/76"}],"replies":[{"embeddable":true,"href":"https:\/\/grain-dpixel.fr\/info\/wp-json\/wp\/v2\/comments?post=16107"}],"version-history":[{"count":3,"href":"https:\/\/grain-dpixel.fr\/info\/wp-json\/wp\/v2\/posts\/16107\/revisions"}],"predecessor-version":[{"id":16279,"href":"https:\/\/grain-dpixel.fr\/info\/wp-json\/wp\/v2\/posts\/16107\/revisions\/16279"}],"wp:featuredmedia":[{"embeddable":true,"href":"https:\/\/grain-dpixel.fr\/info\/wp-json\/wp\/v2\/media\/15854"}],"wp:attachment":[{"href":"https:\/\/grain-dpixel.fr\/info\/wp-json\/wp\/v2\/media?parent=16107"}],"wp:term":[{"taxonomy":"category","embeddable":true,"href":"https:\/\/grain-dpixel.fr\/info\/wp-json\/wp\/v2\/categories?post=16107"},{"taxonomy":"post_tag","embeddable":true,"href":"https:\/\/grain-dpixel.fr\/info\/wp-json\/wp\/v2\/tags?post=16107"}],"curies":[{"name":"wp","href":"https:\/\/api.w.org\/{rel}","templated":true}]}}